{"id":12290,"date":"2025-04-29T16:30:08","date_gmt":"2025-04-29T22:30:08","guid":{"rendered":"https:\/\/portal.segeplan.gob.gt\/segeplan\/?p=12290"},"modified":"2025-04-29T16:30:08","modified_gmt":"2025-04-29T22:30:08","slug":"delegados-departamentales-de-segeplan-fortalecen-su-gestion-estrategica","status":"publish","type":"post","link":"https:\/\/portal.segeplan.gob.gt\/segeplan\/?p=12290","title":{"rendered":"Delegados departamentales de SEGEPLAN fortalecen su gesti\u00f3n estrat\u00e9gica"},"content":{"rendered":"<div class=\"fusion-fullwidth fullwidth-box fusion-builder-row-1 fusion-flex-container nonhundred-percent-fullwidth non-hundred-percent-height-scrolling\" style=\"background-color: rgba(255,255,255,0);background-position: center center;background-repeat: no-repeat;border-width: 0px 0px 0px 0px;border-color:#e2e2e2;border-style:solid;\" ><div class=\"fusion-builder-row fusion-row fusion-flex-align-items-flex-start\" style=\"max-width:1185.6px;margin-left: calc(-4% \/ 2 );margin-right: calc(-4% \/ 2 );\"><div class=\"fusion-layout-column fusion_builder_column fusion-builder-column-0 fusion_builder_column_1_1 1_1 fusion-flex-column\"><div class=\"fusion-column-wrapper fusion-flex-justify-content-flex-start fusion-content-layout-column\" style=\"background-position:left top;background-repeat:no-repeat;-webkit-background-size:cover;-moz-background-size:cover;-o-background-size:cover;background-size:cover;padding: 0px 0px 0px 0px;\"><div class=\"fusion-text fusion-text-1\"><p><strong>Guatemala, 29 de abril de 2025. <\/strong>Los delegados departamentales y subdepartamentales de la Secretar\u00eda de Planificaci\u00f3n y Programaci\u00f3n de la Presidencia (SEGEPLAN) participaron en el Taller de Gesti\u00f3n Estrat\u00e9gica y Capacidades Gerenciales, cuyo objetivo fue brindar lineamientos de coordinaci\u00f3n y generales para el trabajo que se desarrolla en el territorio.<\/p>\n<p>La actividad fue promovida por la Direcci\u00f3n de Delegaciones de SEGEPLAN y represent\u00f3 el primer acercamiento del a\u00f1o entre la administraci\u00f3n central y el equipo en el territorio.<\/p>\n<p>De acuerdo con Fidel Us, director de Delegaciones, el encuentro de dos d\u00edas tambi\u00e9n permiti\u00f3 el acercamiento con los representantes de SEGEPLAN en los departamentos para darle seguimiento a sus dudas y necesidades.<\/p>\n<p>\u201cUn rol importante de la Direcci\u00f3n de Delegaciones es la verificaci\u00f3n de los diferentes lineamientos que se llevan a cabo en territorio, tanto de orden administrativo como sustantivo. Es papel de la direcci\u00f3n dar no solo seguimiento, sino apoyar para que estos lineamientos se puedan llevar a cabo en los territorios, de la mejor manera, dotando, si es necesario de recursos, asistencia y acompa\u00f1amiento\u201d, remarc\u00f3.<\/p>\n<div id=\"attachment_12291\" style=\"width: 1034px\" class=\"wp-caption aligncenter\"><img decoding=\"async\" aria-describedby=\"caption-attachment-12291\" class=\"lazyload size-large wp-image-12291\" src=\"https:\/\/portal.segeplan.gob.gt\/segeplan\/wp-content\/uploads\/2025\/04\/DGDep-1-1024x612.jpg\" data-orig-src=\"https:\/\/portal.segeplan.gob.gt\/segeplan\/wp-content\/uploads\/2025\/04\/DGDep-1-1024x612.jpg\" alt=\"\" width=\"1024\" height=\"612\" srcset=\"data:image\/svg+xml,%3Csvg%20xmlns%3D%27http%3A%2F%2Fwww.w3.org%2F2000%2Fsvg%27%20width%3D%271024%27%20height%3D%27612%27%20viewBox%3D%270%200%201024%20612%27%3E%3Crect%20width%3D%271024%27%20height%3D%27612%27%20fill-opacity%3D%220%22%2F%3E%3C%2Fsvg%3E\" data-srcset=\"https:\/\/portal.segeplan.gob.gt\/segeplan\/wp-content\/uploads\/2025\/04\/DGDep-1-200x120.jpg 200w, https:\/\/portal.segeplan.gob.gt\/segeplan\/wp-content\/uploads\/2025\/04\/DGDep-1-300x179.jpg 300w, https:\/\/portal.segeplan.gob.gt\/segeplan\/wp-content\/uploads\/2025\/04\/DGDep-1-400x239.jpg 400w, https:\/\/portal.segeplan.gob.gt\/segeplan\/wp-content\/uploads\/2025\/04\/DGDep-1-600x359.jpg 600w, https:\/\/portal.segeplan.gob.gt\/segeplan\/wp-content\/uploads\/2025\/04\/DGDep-1-768x459.jpg 768w, https:\/\/portal.segeplan.gob.gt\/segeplan\/wp-content\/uploads\/2025\/04\/DGDep-1-800x478.jpg 800w, https:\/\/portal.segeplan.gob.gt\/segeplan\/wp-content\/uploads\/2025\/04\/DGDep-1-1024x612.jpg 1024w, https:\/\/portal.segeplan.gob.gt\/segeplan\/wp-content\/uploads\/2025\/04\/DGDep-1-1200x717.jpg 1200w, https:\/\/portal.segeplan.gob.gt\/segeplan\/wp-content\/uploads\/2025\/04\/DGDep-1-1536x918.jpg 1536w, https:\/\/portal.segeplan.gob.gt\/segeplan\/wp-content\/uploads\/2025\/04\/DGDep-1.jpg 1900w\" data-sizes=\"auto\" data-orig-sizes=\"(max-width: 1024px) 100vw, 1024px\" \/><p id=\"caption-attachment-12291\" class=\"wp-caption-text\">Taller incluy\u00f3 actividades participativas para la recolecci\u00f3n de informaci\u00f3n sobre los procesos que se desarrollan en las delegaciones.<\/p><\/div>\n<p>En el Taller de Gesti\u00f3n Estrat\u00e9gica y Capacidades Gerenciales, se abordaron los siguientes temas:<\/p>\n<ul>\n<li>Implementaci\u00f3n, estrategia y lineamientos de los Gobiernos Departamentales<\/li>\n<li>Coordinaci\u00f3n entre los procesos de planificaci\u00f3n, preinversi\u00f3n e inversi\u00f3n p\u00fablica<\/li>\n<li>Definici\u00f3n del ciclo de la inversi\u00f3n p\u00fablica en los territorios<\/li>\n<\/ul>\n<p>\u201cQueremos hacer m\u00e1s eficiente el trabajo de inversi\u00f3n p\u00fablica, pero tambi\u00e9n queremos que la inversi\u00f3n se ejecute de manera coherente a las necesidades y al plan de desarrollo que cada departamento tiene\u201d, se refiri\u00f3 el director Us con respecto de los temas de planificaci\u00f3n e inversi\u00f3n.<\/p>\n<p><strong>Estrategia de Gobiernos Departamentales<\/strong><\/p>\n<p><strong>\u00a0<\/strong>La estrategia de implementaci\u00f3n de los Gobiernos Departamentales fue anunciada en 2024 por el presidente Bernardo Ar\u00e9valo y en septiembre de ese a\u00f1o se conoci\u00f3 la propuesta elaborada por la Secretar\u00eda de Coordinaci\u00f3n Ejecutiva de la Presidencia (SCEP), la cual obtuvo retroalimentaci\u00f3n por parte de los delegados departamentales de SEGEPLAN.<\/p>\n<p>Sobre este tema, en el Taller de Gesti\u00f3n Estrat\u00e9gica y Capacidades Gerenciales el secretario de Planificaci\u00f3n, Carlos Mendoza, dijo a los delegados departamentales que la propuesta contempla que ellos, como l\u00edderes y lideresas a nivel t\u00e9cnico en los territorios, sean el eje t\u00e9cnico de articulaci\u00f3n entre gobernadores departamentales y los representantes del Ejecutivo en el territorio.<\/p>\n<p>\u201cEsto significa que vamos a pasar de la dispersi\u00f3n a la articulaci\u00f3n, de la burocracia fragmentada a la acci\u00f3n territorial organizada, de los esfuerzos aislados a una respuesta unificada y cercana a las comunidades&#8221;, dijo el secretario.<\/p>\n<div id=\"attachment_12292\" style=\"width: 1034px\" class=\"wp-caption aligncenter\"><img decoding=\"async\" aria-describedby=\"caption-attachment-12292\" class=\"lazyload size-large wp-image-12292\" src=\"https:\/\/portal.segeplan.gob.gt\/segeplan\/wp-content\/uploads\/2025\/04\/DSC_0075.1-1024x611.jpg\" data-orig-src=\"https:\/\/portal.segeplan.gob.gt\/segeplan\/wp-content\/uploads\/2025\/04\/DSC_0075.1-1024x611.jpg\" alt=\"\" width=\"1024\" height=\"611\" srcset=\"data:image\/svg+xml,%3Csvg%20xmlns%3D%27http%3A%2F%2Fwww.w3.org%2F2000%2Fsvg%27%20width%3D%271024%27%20height%3D%27611%27%20viewBox%3D%270%200%201024%20611%27%3E%3Crect%20width%3D%271024%27%20height%3D%27611%27%20fill-opacity%3D%220%22%2F%3E%3C%2Fsvg%3E\" data-srcset=\"https:\/\/portal.segeplan.gob.gt\/segeplan\/wp-content\/uploads\/2025\/04\/DSC_0075.1-200x119.jpg 200w, https:\/\/portal.segeplan.gob.gt\/segeplan\/wp-content\/uploads\/2025\/04\/DSC_0075.1-300x179.jpg 300w, https:\/\/portal.segeplan.gob.gt\/segeplan\/wp-content\/uploads\/2025\/04\/DSC_0075.1-400x239.jpg 400w, https:\/\/portal.segeplan.gob.gt\/segeplan\/wp-content\/uploads\/2025\/04\/DSC_0075.1-600x358.jpg 600w, https:\/\/portal.segeplan.gob.gt\/segeplan\/wp-content\/uploads\/2025\/04\/DSC_0075.1-768x458.jpg 768w, https:\/\/portal.segeplan.gob.gt\/segeplan\/wp-content\/uploads\/2025\/04\/DSC_0075.1-800x477.jpg 800w, https:\/\/portal.segeplan.gob.gt\/segeplan\/wp-content\/uploads\/2025\/04\/DSC_0075.1-1024x611.jpg 1024w, https:\/\/portal.segeplan.gob.gt\/segeplan\/wp-content\/uploads\/2025\/04\/DSC_0075.1-1200x716.jpg 1200w, https:\/\/portal.segeplan.gob.gt\/segeplan\/wp-content\/uploads\/2025\/04\/DSC_0075.1-1536x916.jpg 1536w\" data-sizes=\"auto\" data-orig-sizes=\"(max-width: 1024px) 100vw, 1024px\" \/><p id=\"caption-attachment-12292\" class=\"wp-caption-text\">Secretario Carlos Mendoza brind\u00f3 un mensaje a los delegados sobre su papel en los territorios.<\/p><\/div>\n<p>El secretario Mendoza mencion\u00f3 que la posici\u00f3n clave que desempe\u00f1an los delegados departamentales y subdepartamentales, como conocedores t\u00e9cnicos, de actores y de las prioridades del territorio, representa una ventaja \u00fanica para el proyecto.<\/p>\n<p>El papel de los delegados en los Gobiernos Departamentales incluir\u00e1:<\/p>\n<ul>\n<li>Coordinaci\u00f3n t\u00e9cnica de la construcci\u00f3n de las Agendas Priorizadas de Desarrollo<\/li>\n<li>Armonizaci\u00f3n de esfuerzos de los ministerios en proyectos coherentes y realistas en los departamentos y regiones<\/li>\n<li>Monitoreo de avances y aseguramiento de ajustes<\/li>\n<li>Promoci\u00f3n de la participaci\u00f3n de pueblos ind\u00edgenas, mujeres y juventud en el proceso de planificaci\u00f3n<\/li>\n<li>Traducci\u00f3n de planificaci\u00f3n nacional sectorial en resultados concretos para las comunidades<\/li>\n<\/ul>\n<p>En cuanto a este tema, el director Us se\u00f1al\u00f3 que debido al papel de SEGEPLAN en los Gobiernos Departamentales se determin\u00f3 necesario robustecer las capacidades gerenciales y de gesti\u00f3n estrat\u00e9gica de los delegados para garantizar una ejecuci\u00f3n eficiente de los Gobiernos Departamentales en el futuro.<\/p>\n<p>\u201cLos Gobiernos Departamentales se conciben como una forma de gesti\u00f3n en el territorio de la institucionalidad p\u00fablica. SEGEPLAN jugar\u00e1 un papel muy importante como ente coordinador de los aspectos t\u00e9cnicos\u201d, record\u00f3.<\/p>\n<p>Se prev\u00e9 que los encuentros entre la administraci\u00f3n central de SEGEPLAN y los delegados departamentales y subdepartamentales contin\u00faen en el a\u00f1o para dar seguimiento a la creaci\u00f3n del dise\u00f1o de los Gobiernos Departamentales y a los distintos proyectos que se lideran en el pa\u00eds.<\/p>\n<\/div><\/div><style type=\"text\/css\">.fusion-body .fusion-builder-column-0{width:100% !important;margin-top : 0px;margin-bottom : 0px;}.fusion-builder-column-0 > .fusion-column-wrapper {padding-top : 0px !important;padding-right : 0px !important;margin-right : 1.92%;padding-bottom : 0px !important;padding-left : 0px !important;margin-left : 1.92%;}@media only screen and (max-width:1024px) {.fusion-body .fusion-builder-column-0{width:100% !important;}.fusion-builder-column-0 > .fusion-column-wrapper {margin-right : 1.92%;margin-left : 1.92%;}}@media only screen and (max-width:640px) {.fusion-body .fusion-builder-column-0{width:100% !important;}.fusion-builder-column-0 > .fusion-column-wrapper {margin-right : 1.92%;margin-left : 1.92%;}}<\/style><\/div><\/div><style type=\"text\/css\">.fusion-body .fusion-flex-container.fusion-builder-row-1{ padding-top : 0px;margin-top : 0px;padding-right : 0px;padding-bottom : 0px;margin-bottom : 0px;padding-left : 0px;}<\/style><\/div>\n<div class=\"pvc_clear\"><\/div>\n<p id=\"pvc_stats_12290\" class=\"pvc_stats all  \" data-element-id=\"12290\" style=\"\"><i class=\"pvc-stats-icon small\" aria-hidden=\"true\"><svg xmlns=\"http:\/\/www.w3.org\/2000\/svg\" version=\"1.0\" viewBox=\"0 0 502 315\" preserveAspectRatio=\"xMidYMid meet\"><g transform=\"translate(0,332) scale(0.1,-0.1)\" fill=\"\" stroke=\"none\"><path d=\"M2394 3279 l-29 -30 -3 -207 c-2 -182 0 -211 15 -242 39 -76 157 -76 196 0 15 31 17 60 15 243 l-3 209 -33 29 c-26 23 -41 29 -80 29 -41 0 -53 -5 -78 -31z\"\/><path d=\"M3085 3251 c-45 -19 -58 -50 -96 -229 -47 -217 -49 -260 -13 -295 52 -53 146 -42 177 20 16 31 87 366 87 410 0 70 -86 122 -155 94z\"\/><path d=\"M1751 3234 c-13 -9 -29 -31 -37 -50 -12 -29 -10 -49 21 -204 19 -94 39 -189 45 -210 14 -50 54 -80 110 -80 34 0 48 6 76 34 21 21 34 44 34 59 0 14 -18 113 -40 219 -37 178 -43 195 -70 221 -36 32 -101 37 -139 11z\"\/><path d=\"M1163 3073 c-36 -7 -73 -59 -73 -102 0 -56 133 -378 171 -413 34 -32 83 -37 129 -13 70 36 67 87 -16 290 -86 209 -89 214 -129 231 -35 14 -42 15 -82 7z\"\/><path d=\"M3689 3066 c-15 -9 -33 -30 -42 -48 -48 -103 -147 -355 -147 -375 0 -98 131 -148 192 -74 13 15 57 108 97 206 80 196 84 226 37 273 -30 30 -99 39 -137 18z\"\/><path d=\"M583 2784 c-38 -19 -67 -74 -58 -113 9 -42 211 -354 242 -373 16 -10 45 -18 66 -18 51 0 107 52 107 100 0 39 -1 41 -124 234 -80 126 -108 162 -133 173 -41 17 -61 16 -100 -3z\"\/><path d=\"M4250 2784 c-14 -9 -74 -91 -133 -183 -95 -150 -107 -173 -107 -213 0 -55 33 -94 87 -104 67 -13 90 8 211 198 130 202 137 225 78 284 -27 27 -42 34 -72 34 -22 0 -50 -8 -64 -16z\"\/><path d=\"M2275 2693 c-553 -48 -1095 -270 -1585 -649 -135 -104 -459 -423 -483 -476 -23 -49 -22 -139 2 -186 73 -142 361 -457 571 -626 285 -228 642 -407 990 -497 242 -63 336 -73 660 -74 310 0 370 5 595 52 535 111 1045 392 1455 803 122 121 250 273 275 326 19 41 19 137 0 174 -41 79 -309 363 -465 492 -447 370 -946 591 -1479 653 -113 14 -422 18 -536 8z m395 -428 c171 -34 330 -124 456 -258 112 -119 167 -219 211 -378 27 -96 24 -300 -5 -401 -72 -255 -236 -447 -474 -557 -132 -62 -201 -76 -368 -76 -167 0 -236 14 -368 76 -213 98 -373 271 -451 485 -162 444 86 934 547 1084 153 49 292 57 452 25z m909 -232 c222 -123 408 -262 593 -441 76 -74 138 -139 138 -144 0 -16 -233 -242 -330 -319 -155 -123 -309 -223 -461 -299 l-81 -41 32 46 c18 26 49 83 70 128 143 306 141 649 -6 957 -25 52 -61 116 -79 142 l-34 47 45 -20 c26 -10 76 -36 113 -56z m-2057 25 c-40 -58 -105 -190 -130 -263 -110 -324 -59 -707 132 -981 25 -35 42 -64 37 -64 -19 0 -241 119 -326 174 -188 122 -406 314 -532 468 l-58 71 108 103 c185 178 428 349 672 473 66 33 121 60 123 61 2 0 -10 -19 -26 -42z\"\/><path d=\"M2375 1950 c-198 -44 -350 -190 -395 -379 -18 -76 -8 -221 19 -290 114 -284 457 -406 731 -260 98 52 188 154 231 260 27 69 37 214 19 290 -38 163 -166 304 -326 360 -67 23 -215 33 -279 19z\"\/><\/g><\/svg><\/i> <img class=\"lazyload\" decoding=\"async\" width=\"16\" height=\"16\" alt=\"Loading\" src=\"data:image\/svg+xml,%3Csvg%20xmlns%3D%27http%3A%2F%2Fwww.w3.org%2F2000%2Fsvg%27%20width%3D%2716%27%20height%3D%2716%27%20viewBox%3D%270%200%2016%2016%27%3E%3Crect%20width%3D%2716%27%20height%3D%2716%27%20fill-opacity%3D%220%22%2F%3E%3C%2Fsvg%3E\" data-orig-src=\"https:\/\/portal.segeplan.gob.gt\/segeplan\/wp-content\/plugins\/page-views-count\/ajax-loader-2x.gif\" border=0 \/><\/p>\n<div class=\"pvc_clear\"><\/div>\n","protected":false},"excerpt":{"rendered":"","protected":false},"author":7,"featured_media":12293,"comment_status":"open","ping_status":"open","sticky":false,"template":"","format":"standard","meta":{"_price":"","_stock":"","_tribe_ticket_header":"","_tribe_default_ticket_provider":"","_ticket_start_date":"","_ticket_end_date":"","_tribe_ticket_show_description":"","_tribe_ticket_show_not_going":false,"_tribe_ticket_use_global_stock":"","_tribe_ticket_global_stock_level":"","_global_stock_mode":"","_global_stock_cap":"","_tribe_rsvp_for_event":"","_tribe_ticket_going_count":"","_tribe_ticket_not_going_count":"","_tribe_tickets_list":"[]","_tribe_ticket_has_attendee_info_fields":false,"footnotes":""},"categories":[31],"tags":[],"class_list":["post-12290","post","type-post","status-publish","format-standard","has-post-thumbnail","hentry","category-noticias-presidencia"],"_links":{"self":[{"href":"https:\/\/portal.segeplan.gob.gt\/segeplan\/index.php?rest_route=\/wp\/v2\/posts\/12290","targetHints":{"allow":["GET"]}}],"collection":[{"href":"https:\/\/portal.segeplan.gob.gt\/segeplan\/index.php?rest_route=\/wp\/v2\/posts"}],"about":[{"href":"https:\/\/portal.segeplan.gob.gt\/segeplan\/index.php?rest_route=\/wp\/v2\/types\/post"}],"author":[{"embeddable":true,"href":"https:\/\/portal.segeplan.gob.gt\/segeplan\/index.php?rest_route=\/wp\/v2\/users\/7"}],"replies":[{"embeddable":true,"href":"https:\/\/portal.segeplan.gob.gt\/segeplan\/index.php?rest_route=%2Fwp%2Fv2%2Fcomments&post=12290"}],"version-history":[{"count":1,"href":"https:\/\/portal.segeplan.gob.gt\/segeplan\/index.php?rest_route=\/wp\/v2\/posts\/12290\/revisions"}],"predecessor-version":[{"id":12294,"href":"https:\/\/portal.segeplan.gob.gt\/segeplan\/index.php?rest_route=\/wp\/v2\/posts\/12290\/revisions\/12294"}],"wp:featuredmedia":[{"embeddable":true,"href":"https:\/\/portal.segeplan.gob.gt\/segeplan\/index.php?rest_route=\/wp\/v2\/media\/12293"}],"wp:attachment":[{"href":"https:\/\/portal.segeplan.gob.gt\/segeplan\/index.php?rest_route=%2Fwp%2Fv2%2Fmedia&parent=12290"}],"wp:term":[{"taxonomy":"category","embeddable":true,"href":"https:\/\/portal.segeplan.gob.gt\/segeplan\/index.php?rest_route=%2Fwp%2Fv2%2Fcategories&post=12290"},{"taxonomy":"post_tag","embeddable":true,"href":"https:\/\/portal.segeplan.gob.gt\/segeplan\/index.php?rest_route=%2Fwp%2Fv2%2Ftags&post=12290"}],"curies":[{"name":"wp","href":"https:\/\/api.w.org\/{rel}","templated":true}]}}