{"id":12647,"date":"2025-05-16T13:31:37","date_gmt":"2025-05-16T19:31:37","guid":{"rendered":"https:\/\/portal.segeplan.gob.gt\/segeplan\/?p=12647"},"modified":"2025-05-16T13:31:38","modified_gmt":"2025-05-16T19:31:38","slug":"comision-katun-conoce-avances-de-comisiones-de-trabajo-del-conadur","status":"publish","type":"post","link":"https:\/\/portal.segeplan.gob.gt\/segeplan\/?p=12647","title":{"rendered":"Comisi\u00f3n K\u2019atun conoce avances de comisiones de trabajo del Conadur"},"content":{"rendered":"<div class=\"fusion-fullwidth fullwidth-box fusion-builder-row-1 fusion-flex-container nonhundred-percent-fullwidth non-hundred-percent-height-scrolling\" style=\"background-color: rgba(255,255,255,0);background-position: center center;background-repeat: no-repeat;border-width: 0px 0px 0px 0px;border-color:#e2e2e2;border-style:solid;\" ><div class=\"fusion-builder-row fusion-row fusion-flex-align-items-flex-start\" style=\"max-width:1185.6px;margin-left: calc(-4% \/ 2 );margin-right: calc(-4% \/ 2 );\"><div class=\"fusion-layout-column fusion_builder_column fusion-builder-column-0 fusion_builder_column_1_1 1_1 fusion-flex-column\"><div class=\"fusion-column-wrapper fusion-flex-justify-content-flex-start fusion-content-layout-column\" style=\"background-position:left top;background-repeat:no-repeat;-webkit-background-size:cover;-moz-background-size:cover;-o-background-size:cover;background-size:cover;padding: 0px 0px 0px 0px;\"><div class=\"fusion-text fusion-text-1\"><p><strong>Guatemala, 15 de mayo de 2025. <\/strong>La Comisi\u00f3n de Alineaci\u00f3n, Seguimiento y Evaluaci\u00f3n del Plan Nacional de Desarrollo K\u2019atun: Nuestra Guatemala 2032, conocida como Comisi\u00f3n K\u2019atun, sostuvo su segunda reuni\u00f3n del a\u00f1o en la cual conoci\u00f3 los planes de trabajo que implementan las comisiones de trabajo del Consejo Nacional de Desarrollo Urbano y Rural (Conadur).<\/p>\n<p>\u201cEl Plan Nacional de Desarrollo K\u2019atun: Nuestra Guatemala 2032 sigue siendo a\u00fan nuestra br\u00fajula, el horizonte hacia donde debemos encaminar los esfuerzos sectoriales y territoriales. Hoy m\u00e1s que nunca debemos garantizar que las pol\u00edticas p\u00fablicas, programas y proyectos est\u00e9n debidamente alineados a las Prioridades Nacionales de Desarrollo y la Pol\u00edtica General de Gobierno 2024-2028\u201d, refiri\u00f3 el subsecretario de An\u00e1lisis Estrat\u00e9gico del Desarrollo, Hugo Allan Garc\u00eda, quien dirigi\u00f3 la reuni\u00f3n.<\/p>\n<div id=\"attachment_12648\" style=\"width: 1034px\" class=\"wp-caption aligncenter\"><img decoding=\"async\" aria-describedby=\"caption-attachment-12648\" class=\"lazyload size-large wp-image-12648\" src=\"https:\/\/portal.segeplan.gob.gt\/segeplan\/wp-content\/uploads\/2025\/05\/CKATUN-3-1024x682.jpg\" data-orig-src=\"https:\/\/portal.segeplan.gob.gt\/segeplan\/wp-content\/uploads\/2025\/05\/CKATUN-3-1024x682.jpg\" alt=\"\" width=\"1024\" height=\"682\" srcset=\"data:image\/svg+xml,%3Csvg%20xmlns%3D%27http%3A%2F%2Fwww.w3.org%2F2000%2Fsvg%27%20width%3D%271024%27%20height%3D%27682%27%20viewBox%3D%270%200%201024%20682%27%3E%3Crect%20width%3D%271024%27%20height%3D%27682%27%20fill-opacity%3D%220%22%2F%3E%3C%2Fsvg%3E\" data-srcset=\"https:\/\/portal.segeplan.gob.gt\/segeplan\/wp-content\/uploads\/2025\/05\/CKATUN-3-200x133.jpg 200w, https:\/\/portal.segeplan.gob.gt\/segeplan\/wp-content\/uploads\/2025\/05\/CKATUN-3-300x200.jpg 300w, https:\/\/portal.segeplan.gob.gt\/segeplan\/wp-content\/uploads\/2025\/05\/CKATUN-3-400x267.jpg 400w, https:\/\/portal.segeplan.gob.gt\/segeplan\/wp-content\/uploads\/2025\/05\/CKATUN-3-600x400.jpg 600w, https:\/\/portal.segeplan.gob.gt\/segeplan\/wp-content\/uploads\/2025\/05\/CKATUN-3-768x512.jpg 768w, https:\/\/portal.segeplan.gob.gt\/segeplan\/wp-content\/uploads\/2025\/05\/CKATUN-3-800x533.jpg 800w, https:\/\/portal.segeplan.gob.gt\/segeplan\/wp-content\/uploads\/2025\/05\/CKATUN-3-1024x682.jpg 1024w, https:\/\/portal.segeplan.gob.gt\/segeplan\/wp-content\/uploads\/2025\/05\/CKATUN-3-1200x800.jpg 1200w, https:\/\/portal.segeplan.gob.gt\/segeplan\/wp-content\/uploads\/2025\/05\/CKATUN-3-1536x1024.jpg 1536w\" data-sizes=\"auto\" data-orig-sizes=\"(max-width: 1024px) 100vw, 1024px\" \/><p id=\"caption-attachment-12648\" class=\"wp-caption-text\">La reuni\u00f3n de trabajo fue encabezada por el subsecretario Hugo Allan Garc\u00eda.<\/p><\/div>\n<p>Por ello, los integrantes de la Comisi\u00f3n K\u2019atun conocieron cu\u00e1les son los planes de trabajo que planean implementar las dem\u00e1s comisiones, as\u00ed como las actividades estrat\u00e9gicas a impulsar:<\/p>\n<p><strong>Comisi\u00f3n de Desarrollo Urbano y Rural: <\/strong><\/p>\n<ul>\n<li>Propuesta de territorializaci\u00f3n de la ejecuci\u00f3n de la Pol\u00edtica Nacional de Desarrollo Rural Integral<\/li>\n<li>Socializaci\u00f3n de la Pol\u00edtica Nacional de Ordenamiento Territorial y su plan de acci\u00f3n en el Sistema de Consejos de Desarrollo Urbano y Rural.<\/li>\n<\/ul>\n<p><strong>Comisi\u00f3n de Desarrollo Social (con plan de trabajo pendiente de aprobar)<\/strong><\/p>\n<p><strong>Comisi\u00f3n de Desarrollo Econ\u00f3mico, Competitividad y Empleo Digno:<\/strong><\/p>\n<ul>\n<li>Impulso de oficinas municipales de desarrollo econ\u00f3mico local y ventanillas \u00fanicas municipales de empleo<\/li>\n<li>Presentaci\u00f3n de planes regionales para la generaci\u00f3n de empleo<\/li>\n<\/ul>\n<p><strong>Comisi\u00f3n de Descentralizaci\u00f3n y Fortalecimiento del Sistema de Consejos de Desarrollo (Siscode):<\/strong><\/p>\n<ul>\n<li>Analizar la viabilidad de la creaci\u00f3n de unidades de descentralizaci\u00f3n en la estrategia de Gobierno departamental<\/li>\n<li>Fortalecer las capacidades de los integrantes del Siscode<\/li>\n<\/ul>\n<p><strong>Comisi\u00f3n de la Mujer:<\/strong><\/p>\n<ul>\n<li>Socializaci\u00f3n de resultados del Estudio de Participaci\u00f3n Sociopol\u00edtica de las Mujeres en los consejos municipales de desarrollo<\/li>\n<li>Presentaci\u00f3n de avances en implementaci\u00f3n de pol\u00edticas p\u00fablicas y planes de desarrollo que responden a las necesidades de las mujeres desde el enfoque de interseccionalidad<\/li>\n<\/ul>\n<p><strong>\u00a0<\/strong><strong>Comisi\u00f3n de Pueblos Ind\u00edgenas:<\/strong><\/p>\n<ul>\n<li>Monitoreo e impulso de las acciones de creaci\u00f3n de la Pol\u00edtica de Pueblos Ind\u00edgenas e Interculturalidad<\/li>\n<li>Elaboraci\u00f3n de diagn\u00f3stico de carreteras con enfoque de priorizaci\u00f3n a pueblos ind\u00edgenas<\/li>\n<\/ul>\n<p><strong>Comisi\u00f3n de Alineaci\u00f3n, Seguimiento y Evaluaci\u00f3n del Plan Nacional de Desarrollo K\u2019atun: Nuestra Guatemala 2032:<\/strong><\/p>\n<ul>\n<li>Presentaci\u00f3n de resultados de actualizaci\u00f3n de Mapas de Pobreza a nivel municipal<\/li>\n<li>Seguimiento de los planes de trabajo de las comisiones<\/li>\n<\/ul>\n<p><strong>Comisi\u00f3n de An\u00e1lisis de Presupuesto y Pol\u00edtica Fiscal:<\/strong><\/p>\n<ul>\n<li>Propuesta de proyectos de inversi\u00f3n 2026<\/li>\n<\/ul>\n<p><strong>Comisi\u00f3n de Agricultura:<\/strong><\/p>\n<ul>\n<li>Identificaci\u00f3n de prioridades de inversi\u00f3n para favorecer a la agricultura familiar<\/li>\n<li>Fortalecimiento de organizaciones comunitarias, asociaciones y grupos organizados para formular propuestas de proyectos destinados a aumentar y diversificar la producci\u00f3n<\/li>\n<\/ul>\n<div id=\"attachment_12649\" style=\"width: 1034px\" class=\"wp-caption aligncenter\"><img decoding=\"async\" aria-describedby=\"caption-attachment-12649\" class=\"lazyload size-large wp-image-12649\" src=\"https:\/\/portal.segeplan.gob.gt\/segeplan\/wp-content\/uploads\/2025\/05\/FER03975-1024x683.jpg\" data-orig-src=\"https:\/\/portal.segeplan.gob.gt\/segeplan\/wp-content\/uploads\/2025\/05\/FER03975-1024x683.jpg\" alt=\"\" width=\"1024\" height=\"683\" srcset=\"data:image\/svg+xml,%3Csvg%20xmlns%3D%27http%3A%2F%2Fwww.w3.org%2F2000%2Fsvg%27%20width%3D%271024%27%20height%3D%27683%27%20viewBox%3D%270%200%201024%20683%27%3E%3Crect%20width%3D%271024%27%20height%3D%27683%27%20fill-opacity%3D%220%22%2F%3E%3C%2Fsvg%3E\" data-srcset=\"https:\/\/portal.segeplan.gob.gt\/segeplan\/wp-content\/uploads\/2025\/05\/FER03975-200x133.jpg 200w, https:\/\/portal.segeplan.gob.gt\/segeplan\/wp-content\/uploads\/2025\/05\/FER03975-300x200.jpg 300w, https:\/\/portal.segeplan.gob.gt\/segeplan\/wp-content\/uploads\/2025\/05\/FER03975-400x267.jpg 400w, https:\/\/portal.segeplan.gob.gt\/segeplan\/wp-content\/uploads\/2025\/05\/FER03975-600x400.jpg 600w, https:\/\/portal.segeplan.gob.gt\/segeplan\/wp-content\/uploads\/2025\/05\/FER03975-768x512.jpg 768w, https:\/\/portal.segeplan.gob.gt\/segeplan\/wp-content\/uploads\/2025\/05\/FER03975-800x533.jpg 800w, https:\/\/portal.segeplan.gob.gt\/segeplan\/wp-content\/uploads\/2025\/05\/FER03975-1024x683.jpg 1024w, https:\/\/portal.segeplan.gob.gt\/segeplan\/wp-content\/uploads\/2025\/05\/FER03975-1200x800.jpg 1200w, https:\/\/portal.segeplan.gob.gt\/segeplan\/wp-content\/uploads\/2025\/05\/FER03975-1536x1024.jpg 1536w\" data-sizes=\"auto\" data-orig-sizes=\"(max-width: 1024px) 100vw, 1024px\" \/><p id=\"caption-attachment-12649\" class=\"wp-caption-text\">Sesi\u00f3n de trabajo cont\u00f3 con la presencia de representantes de distintos sectores del pa\u00eds.<\/p><\/div>\n<p><strong>Presentaci\u00f3n de herramientas<\/strong><\/p>\n<p>La Secretar\u00eda de Planificaci\u00f3n y Programaci\u00f3n de la Presidencia (SEGEPLAN) como instituci\u00f3n coordinadora de la Comisi\u00f3n K\u2019atun present\u00f3 los resultados de la actualizaci\u00f3n de los Mapas de Pobreza 2023 y c\u00f3mo esta herramienta puede utilizarse para mejorar la inversi\u00f3n y la implementaci\u00f3n de programas estrat\u00e9gicos en el territorio.<\/p>\n<p>Esta informaci\u00f3n est\u00e1 disponible para todo p\u00fablico en el sitio <a href=\"https:\/\/bit.ly\/TableroMdP2023\">https:\/\/bit.ly\/TableroMdP2023<\/a>.<\/p>\n<p>Otra informaci\u00f3n presentada por SEGEPLAN fue el proceso de elaboraci\u00f3n de la Revisi\u00f3n Nacional Voluntaria 2025, que es un procedimiento en el que los pa\u00edses eval\u00faan cu\u00e1nto han avanzado en la consecuci\u00f3n de los Objetivos de Desarrollo Sostenible (ODS).<\/p>\n<p>Este a\u00f1o, Guatemala informar\u00e1 sobre su avance en cinco ODS y el documento presentado contar\u00e1 con la perspectiva de varios actores sociales como personas con discapacidad, pueblos ind\u00edgenas y mujeres, entre otros.<\/p>\n<blockquote class=\"twitter-tweet\">\n<p dir=\"ltr\" lang=\"es\">\u261d\ufe0f El subsecretario Hugo Allan Garc\u00eda, junto al subsecretario de <a href=\"https:\/\/twitter.com\/SCEPgt?ref_src=twsrc%5Etfw\">@SCEPgt<\/a>, Walter del Cid, dirigieron la segunda reuni\u00f3n ordinaria del a\u00f1o de la <a href=\"https:\/\/twitter.com\/hashtag\/Comisi%C3%B3nKat%C3%BAn?src=hash&amp;ref_src=twsrc%5Etfw\">#Comisi\u00f3nKat\u00fan<\/a>.<\/p>\n<p>Durante el di\u00e1logo, se conocieron los planes estrat\u00e9gicos que implementar\u00e1n las dem\u00e1s comisiones de trabajo del\u2026 <a href=\"https:\/\/t.co\/gAK5SkkzML\">pic.twitter.com\/gAK5SkkzML<\/a><\/p>\n<p>\u2014 SEGEPLAN (@Segeplan) <a href=\"https:\/\/twitter.com\/Segeplan\/status\/1923143934143861161?ref_src=twsrc%5Etfw\">May 15, 2025<\/a><\/p>\n<\/blockquote>\n<p><script async src=\"https:\/\/platform.twitter.com\/widgets.js\" charset=\"utf-8\"><\/script><\/p>\n<\/div><\/div><style type=\"text\/css\">.fusion-body .fusion-builder-column-0{width:100% !important;margin-top : 0px;margin-bottom : 0px;}.fusion-builder-column-0 > .fusion-column-wrapper {padding-top : 0px !important;padding-right : 0px !important;margin-right : 1.92%;padding-bottom : 0px !important;padding-left : 0px !important;margin-left : 1.92%;}@media only screen and (max-width:1024px) {.fusion-body .fusion-builder-column-0{width:100% !important;}.fusion-builder-column-0 > .fusion-column-wrapper {margin-right : 1.92%;margin-left : 1.92%;}}@media only screen and (max-width:640px) {.fusion-body .fusion-builder-column-0{width:100% !important;}.fusion-builder-column-0 > .fusion-column-wrapper {margin-right : 1.92%;margin-left : 1.92%;}}<\/style><\/div><\/div><style type=\"text\/css\">.fusion-body .fusion-flex-container.fusion-builder-row-1{ padding-top : 0px;margin-top : 0px;padding-right : 0px;padding-bottom : 0px;margin-bottom : 0px;padding-left : 0px;}<\/style><\/div>\n<div class=\"pvc_clear\"><\/div>\n<p id=\"pvc_stats_12647\" class=\"pvc_stats all  \" data-element-id=\"12647\" style=\"\"><i class=\"pvc-stats-icon small\" aria-hidden=\"true\"><svg xmlns=\"http:\/\/www.w3.org\/2000\/svg\" version=\"1.0\" viewBox=\"0 0 502 315\" preserveAspectRatio=\"xMidYMid meet\"><g transform=\"translate(0,332) scale(0.1,-0.1)\" fill=\"\" stroke=\"none\"><path d=\"M2394 3279 l-29 -30 -3 -207 c-2 -182 0 -211 15 -242 39 -76 157 -76 196 0 15 31 17 60 15 243 l-3 209 -33 29 c-26 23 -41 29 -80 29 -41 0 -53 -5 -78 -31z\"\/><path d=\"M3085 3251 c-45 -19 -58 -50 -96 -229 -47 -217 -49 -260 -13 -295 52 -53 146 -42 177 20 16 31 87 366 87 410 0 70 -86 122 -155 94z\"\/><path d=\"M1751 3234 c-13 -9 -29 -31 -37 -50 -12 -29 -10 -49 21 -204 19 -94 39 -189 45 -210 14 -50 54 -80 110 -80 34 0 48 6 76 34 21 21 34 44 34 59 0 14 -18 113 -40 219 -37 178 -43 195 -70 221 -36 32 -101 37 -139 11z\"\/><path d=\"M1163 3073 c-36 -7 -73 -59 -73 -102 0 -56 133 -378 171 -413 34 -32 83 -37 129 -13 70 36 67 87 -16 290 -86 209 -89 214 -129 231 -35 14 -42 15 -82 7z\"\/><path d=\"M3689 3066 c-15 -9 -33 -30 -42 -48 -48 -103 -147 -355 -147 -375 0 -98 131 -148 192 -74 13 15 57 108 97 206 80 196 84 226 37 273 -30 30 -99 39 -137 18z\"\/><path d=\"M583 2784 c-38 -19 -67 -74 -58 -113 9 -42 211 -354 242 -373 16 -10 45 -18 66 -18 51 0 107 52 107 100 0 39 -1 41 -124 234 -80 126 -108 162 -133 173 -41 17 -61 16 -100 -3z\"\/><path d=\"M4250 2784 c-14 -9 -74 -91 -133 -183 -95 -150 -107 -173 -107 -213 0 -55 33 -94 87 -104 67 -13 90 8 211 198 130 202 137 225 78 284 -27 27 -42 34 -72 34 -22 0 -50 -8 -64 -16z\"\/><path d=\"M2275 2693 c-553 -48 -1095 -270 -1585 -649 -135 -104 -459 -423 -483 -476 -23 -49 -22 -139 2 -186 73 -142 361 -457 571 -626 285 -228 642 -407 990 -497 242 -63 336 -73 660 -74 310 0 370 5 595 52 535 111 1045 392 1455 803 122 121 250 273 275 326 19 41 19 137 0 174 -41 79 -309 363 -465 492 -447 370 -946 591 -1479 653 -113 14 -422 18 -536 8z m395 -428 c171 -34 330 -124 456 -258 112 -119 167 -219 211 -378 27 -96 24 -300 -5 -401 -72 -255 -236 -447 -474 -557 -132 -62 -201 -76 -368 -76 -167 0 -236 14 -368 76 -213 98 -373 271 -451 485 -162 444 86 934 547 1084 153 49 292 57 452 25z m909 -232 c222 -123 408 -262 593 -441 76 -74 138 -139 138 -144 0 -16 -233 -242 -330 -319 -155 -123 -309 -223 -461 -299 l-81 -41 32 46 c18 26 49 83 70 128 143 306 141 649 -6 957 -25 52 -61 116 -79 142 l-34 47 45 -20 c26 -10 76 -36 113 -56z m-2057 25 c-40 -58 -105 -190 -130 -263 -110 -324 -59 -707 132 -981 25 -35 42 -64 37 -64 -19 0 -241 119 -326 174 -188 122 -406 314 -532 468 l-58 71 108 103 c185 178 428 349 672 473 66 33 121 60 123 61 2 0 -10 -19 -26 -42z\"\/><path d=\"M2375 1950 c-198 -44 -350 -190 -395 -379 -18 -76 -8 -221 19 -290 114 -284 457 -406 731 -260 98 52 188 154 231 260 27 69 37 214 19 290 -38 163 -166 304 -326 360 -67 23 -215 33 -279 19z\"\/><\/g><\/svg><\/i> <img class=\"lazyload\" decoding=\"async\" width=\"16\" height=\"16\" alt=\"Loading\" src=\"data:image\/svg+xml,%3Csvg%20xmlns%3D%27http%3A%2F%2Fwww.w3.org%2F2000%2Fsvg%27%20width%3D%2716%27%20height%3D%2716%27%20viewBox%3D%270%200%2016%2016%27%3E%3Crect%20width%3D%2716%27%20height%3D%2716%27%20fill-opacity%3D%220%22%2F%3E%3C%2Fsvg%3E\" data-orig-src=\"https:\/\/portal.segeplan.gob.gt\/segeplan\/wp-content\/plugins\/page-views-count\/ajax-loader-2x.gif\" border=0 \/><\/p>\n<div class=\"pvc_clear\"><\/div>\n","protected":false},"excerpt":{"rendered":"","protected":false},"author":7,"featured_media":12650,"comment_status":"open","ping_status":"open","sticky":false,"template":"","format":"standard","meta":{"_price":"","_stock":"","_tribe_ticket_header":"","_tribe_default_ticket_provider":"","_ticket_start_date":"","_ticket_end_date":"","_tribe_ticket_show_description":"","_tribe_ticket_show_not_going":false,"_tribe_ticket_use_global_stock":"","_tribe_ticket_global_stock_level":"","_global_stock_mode":"","_global_stock_cap":"","_tribe_rsvp_for_event":"","_tribe_ticket_going_count":"","_tribe_ticket_not_going_count":"","_tribe_tickets_list":"[]","_tribe_ticket_has_attendee_info_fields":false,"footnotes":""},"categories":[31],"tags":[],"class_list":["post-12647","post","type-post","status-publish","format-standard","has-post-thumbnail","hentry","category-noticias-presidencia"],"_links":{"self":[{"href":"https:\/\/portal.segeplan.gob.gt\/segeplan\/index.php?rest_route=\/wp\/v2\/posts\/12647","targetHints":{"allow":["GET"]}}],"collection":[{"href":"https:\/\/portal.segeplan.gob.gt\/segeplan\/index.php?rest_route=\/wp\/v2\/posts"}],"about":[{"href":"https:\/\/portal.segeplan.gob.gt\/segeplan\/index.php?rest_route=\/wp\/v2\/types\/post"}],"author":[{"embeddable":true,"href":"https:\/\/portal.segeplan.gob.gt\/segeplan\/index.php?rest_route=\/wp\/v2\/users\/7"}],"replies":[{"embeddable":true,"href":"https:\/\/portal.segeplan.gob.gt\/segeplan\/index.php?rest_route=%2Fwp%2Fv2%2Fcomments&post=12647"}],"version-history":[{"count":1,"href":"https:\/\/portal.segeplan.gob.gt\/segeplan\/index.php?rest_route=\/wp\/v2\/posts\/12647\/revisions"}],"predecessor-version":[{"id":12651,"href":"https:\/\/portal.segeplan.gob.gt\/segeplan\/index.php?rest_route=\/wp\/v2\/posts\/12647\/revisions\/12651"}],"wp:featuredmedia":[{"embeddable":true,"href":"https:\/\/portal.segeplan.gob.gt\/segeplan\/index.php?rest_route=\/wp\/v2\/media\/12650"}],"wp:attachment":[{"href":"https:\/\/portal.segeplan.gob.gt\/segeplan\/index.php?rest_route=%2Fwp%2Fv2%2Fmedia&parent=12647"}],"wp:term":[{"taxonomy":"category","embeddable":true,"href":"https:\/\/portal.segeplan.gob.gt\/segeplan\/index.php?rest_route=%2Fwp%2Fv2%2Fcategories&post=12647"},{"taxonomy":"post_tag","embeddable":true,"href":"https:\/\/portal.segeplan.gob.gt\/segeplan\/index.php?rest_route=%2Fwp%2Fv2%2Ftags&post=12647"}],"curies":[{"name":"wp","href":"https:\/\/api.w.org\/{rel}","templated":true}]}}