{"id":12787,"date":"2025-05-21T12:48:01","date_gmt":"2025-05-21T18:48:01","guid":{"rendered":"https:\/\/portal.segeplan.gob.gt\/segeplan\/?p=12787"},"modified":"2025-05-22T15:52:18","modified_gmt":"2025-05-22T21:52:18","slug":"segeplan-presenta-plataformas-y-ejercicios-que-contribuyen-a-la-transparencia-de-la-gestion-publica","status":"publish","type":"post","link":"https:\/\/portal.segeplan.gob.gt\/segeplan\/?p=12787","title":{"rendered":"SEGEPLAN presenta plataformas y ejercicios que contribuyen a la transparencia de la gesti\u00f3n p\u00fablica"},"content":{"rendered":"<div class=\"fusion-fullwidth fullwidth-box fusion-builder-row-1 fusion-flex-container nonhundred-percent-fullwidth non-hundred-percent-height-scrolling\" style=\"background-color: rgba(255,255,255,0);background-position: center center;background-repeat: no-repeat;border-width: 0px 0px 0px 0px;border-color:#e2e2e2;border-style:solid;\" ><div class=\"fusion-builder-row fusion-row fusion-flex-align-items-flex-start\" style=\"max-width:1185.6px;margin-left: calc(-4% \/ 2 );margin-right: calc(-4% \/ 2 );\"><div class=\"fusion-layout-column fusion_builder_column fusion-builder-column-0 fusion_builder_column_1_1 1_1 fusion-flex-column\"><div class=\"fusion-column-wrapper fusion-flex-justify-content-flex-start fusion-content-layout-column\" style=\"background-position:left top;background-repeat:no-repeat;-webkit-background-size:cover;-moz-background-size:cover;-o-background-size:cover;background-size:cover;padding: 0px 0px 0px 0px;\"><div class=\"fusion-text fusion-text-1\"><p><strong>Guatemala, 21 de mayo de 2025. <\/strong>Las diferentes plataformas y ejercicios que la Secretar\u00eda de Planificaci\u00f3n y Programaci\u00f3n de la Presidencia (SEGEPLAN) ha creado para facilitar el acceso de la poblaci\u00f3n a informaci\u00f3n vinculada con el ciclo presupuestario fueron presentados en un foro que promovi\u00f3 la Comisi\u00f3n de Gobierno Abierto y Electr\u00f3nico (GAE).<\/p>\n<p>Bajo el t\u00edtulo \u201cTransparencia, participaci\u00f3n ciudadana y auditor\u00eda social del ciclo presupuestario\u201d, se desarroll\u00f3 dicho foro en el que el subsecretario de An\u00e1lisis Estrat\u00e9gico del Desarrollo, Hugo Garc\u00eda, fungi\u00f3 como representante de SEGEPLAN. Le acompa\u00f1aron Carlos Melgar, viceministro de Finanzas; Julio Flores, comisionado contra la Corrupci\u00f3n, y Edie Cux, titular de la GAE.<\/p>\n<p>\u201cDesde la SEGEPLAN estamos interesados en promover estos temas: que la ciudadan\u00eda sea parte fundamental en la planificaci\u00f3n y en la formulaci\u00f3n de pol\u00edticas p\u00fablicas\u201d, record\u00f3 el subsecretario Garc\u00eda.<\/p>\n<div id=\"attachment_12788\" style=\"width: 1034px\" class=\"wp-caption aligncenter\"><img decoding=\"async\" aria-describedby=\"caption-attachment-12788\" class=\"lazyload size-large wp-image-12788\" src=\"https:\/\/portal.segeplan.gob.gt\/segeplan\/wp-content\/uploads\/2025\/05\/FOROT-2-1024x682.jpg\" data-orig-src=\"https:\/\/portal.segeplan.gob.gt\/segeplan\/wp-content\/uploads\/2025\/05\/FOROT-2-1024x682.jpg\" alt=\"\" width=\"1024\" height=\"682\" srcset=\"data:image\/svg+xml,%3Csvg%20xmlns%3D%27http%3A%2F%2Fwww.w3.org%2F2000%2Fsvg%27%20width%3D%271024%27%20height%3D%27682%27%20viewBox%3D%270%200%201024%20682%27%3E%3Crect%20width%3D%271024%27%20height%3D%27682%27%20fill-opacity%3D%220%22%2F%3E%3C%2Fsvg%3E\" data-srcset=\"https:\/\/portal.segeplan.gob.gt\/segeplan\/wp-content\/uploads\/2025\/05\/FOROT-2-200x133.jpg 200w, https:\/\/portal.segeplan.gob.gt\/segeplan\/wp-content\/uploads\/2025\/05\/FOROT-2-300x200.jpg 300w, https:\/\/portal.segeplan.gob.gt\/segeplan\/wp-content\/uploads\/2025\/05\/FOROT-2-400x267.jpg 400w, https:\/\/portal.segeplan.gob.gt\/segeplan\/wp-content\/uploads\/2025\/05\/FOROT-2-600x400.jpg 600w, https:\/\/portal.segeplan.gob.gt\/segeplan\/wp-content\/uploads\/2025\/05\/FOROT-2-768x512.jpg 768w, https:\/\/portal.segeplan.gob.gt\/segeplan\/wp-content\/uploads\/2025\/05\/FOROT-2-800x533.jpg 800w, https:\/\/portal.segeplan.gob.gt\/segeplan\/wp-content\/uploads\/2025\/05\/FOROT-2-1024x682.jpg 1024w, https:\/\/portal.segeplan.gob.gt\/segeplan\/wp-content\/uploads\/2025\/05\/FOROT-2-1200x800.jpg 1200w, https:\/\/portal.segeplan.gob.gt\/segeplan\/wp-content\/uploads\/2025\/05\/FOROT-2-1536x1024.jpg 1536w\" data-sizes=\"auto\" data-orig-sizes=\"(max-width: 1024px) 100vw, 1024px\" \/><p id=\"caption-attachment-12788\" class=\"wp-caption-text\">El foro permiti\u00f3 conocer las estrategias que fomentan otras instituciones como el Ministerio de Finanzas P\u00fablicas.<\/p><\/div>\n<p>Durante el foro, el funcionario dio a conocer las plataformas con las cuales SEGEPLAN contribuyen a fortalecer la transparencia en la gesti\u00f3n p\u00fablica, como el Sistema Nacional de Inversi\u00f3n P\u00fablica (SNIPGT). Al respecto, Garc\u00eda se\u00f1al\u00f3 que esta herramienta permite dar seguimiento a los proyectos de inversi\u00f3n p\u00fablica que se aprueban desde los consejos de desarrollo.<\/p>\n<p>\u201c\u00c9ste muestra toda la informaci\u00f3n de la inversi\u00f3n p\u00fablica, uno puede buscar por proyectos y por c\u00f3digo SNIP. Nos permite dar cierta trazabilidad de inversi\u00f3n p\u00fablica y es una iniciativa que SEGEPLAN viene trabajando desde hace unos cinco a\u00f1os, la cual hemos ido tratando de mejorar para que los usuarios la puedan entender m\u00e1s f\u00e1cilmente\u201d, agreg\u00f3.<\/p>\n<p>A\u00f1adi\u00f3 que junto al Ministerio de Finanzas P\u00fablicas (Minfin), a partir de 2024 se comenzaron a realizar los ejercicios de Planificaci\u00f3n y Presupuesto Abierto, que instan a la participaci\u00f3n ciudadana en la elaboraci\u00f3n del presupuesto de la naci\u00f3n.<\/p>\n<div id=\"attachment_12789\" style=\"width: 1034px\" class=\"wp-caption aligncenter\"><img decoding=\"async\" aria-describedby=\"caption-attachment-12789\" class=\"lazyload size-large wp-image-12789\" src=\"https:\/\/portal.segeplan.gob.gt\/segeplan\/wp-content\/uploads\/2025\/05\/FOROT-5-1024x683.jpg\" data-orig-src=\"https:\/\/portal.segeplan.gob.gt\/segeplan\/wp-content\/uploads\/2025\/05\/FOROT-5-1024x683.jpg\" alt=\"\" width=\"1024\" height=\"683\" srcset=\"data:image\/svg+xml,%3Csvg%20xmlns%3D%27http%3A%2F%2Fwww.w3.org%2F2000%2Fsvg%27%20width%3D%271024%27%20height%3D%27683%27%20viewBox%3D%270%200%201024%20683%27%3E%3Crect%20width%3D%271024%27%20height%3D%27683%27%20fill-opacity%3D%220%22%2F%3E%3C%2Fsvg%3E\" data-srcset=\"https:\/\/portal.segeplan.gob.gt\/segeplan\/wp-content\/uploads\/2025\/05\/FOROT-5-200x133.jpg 200w, https:\/\/portal.segeplan.gob.gt\/segeplan\/wp-content\/uploads\/2025\/05\/FOROT-5-300x200.jpg 300w, https:\/\/portal.segeplan.gob.gt\/segeplan\/wp-content\/uploads\/2025\/05\/FOROT-5-400x267.jpg 400w, https:\/\/portal.segeplan.gob.gt\/segeplan\/wp-content\/uploads\/2025\/05\/FOROT-5-600x400.jpg 600w, https:\/\/portal.segeplan.gob.gt\/segeplan\/wp-content\/uploads\/2025\/05\/FOROT-5-768x512.jpg 768w, https:\/\/portal.segeplan.gob.gt\/segeplan\/wp-content\/uploads\/2025\/05\/FOROT-5-800x534.jpg 800w, https:\/\/portal.segeplan.gob.gt\/segeplan\/wp-content\/uploads\/2025\/05\/FOROT-5-1024x683.jpg 1024w, https:\/\/portal.segeplan.gob.gt\/segeplan\/wp-content\/uploads\/2025\/05\/FOROT-5-1200x800.jpg 1200w, https:\/\/portal.segeplan.gob.gt\/segeplan\/wp-content\/uploads\/2025\/05\/FOROT-5-1536x1024.jpg 1536w, https:\/\/portal.segeplan.gob.gt\/segeplan\/wp-content\/uploads\/2025\/05\/FOROT-5.jpg 1600w\" data-sizes=\"auto\" data-orig-sizes=\"(max-width: 1024px) 100vw, 1024px\" \/><p id=\"caption-attachment-12789\" class=\"wp-caption-text\">Representantes de sociedad civil tuvieron la oportunidad de trasladar sus inquietudes y opiniones sobre transparencia y participaci\u00f3n ciudadana.<\/p><\/div>\n<p>Otra iniciativa resaltada por Garc\u00eda fue el espacio de innovaci\u00f3n ciudadana Idea Petate, que busca implementar soluciones a problemas detectados por la poblaci\u00f3n; de esta manera, SEGEPLAN promueve la descentralizaci\u00f3n en la formulaci\u00f3n de pol\u00edticas p\u00fablicas.<\/p>\n<p>\u201cNuestra visi\u00f3n desde SEGEPLAN es que debemos convertirnos en facilitadores de pol\u00edtica p\u00fablica y no en formuladores, porque las soluciones tienen que venir desde la ciudadan\u00eda. Idea Petate es un proyecto que est\u00e1 buscando la metodolog\u00eda que nos ayude a integrar espacios para que a partir de ah\u00ed podamos tener la gu\u00eda para que los ciudadanos puedan a\u00f1adir valor p\u00fablico\u201d, afirm\u00f3.<\/p>\n<p>En cuanto a las dem\u00e1s instituciones, el Minfin indic\u00f3 que cuenta con el Programa de Cultura Fiscal y con el Portal de Transparencia Presupuestaria, la GAE record\u00f3 que est\u00e1 a cargo de elaborar el Plan de Acci\u00f3n del Gobierno Abierto y Electr\u00f3nico para mejorar la eficiencia y transparencia de la gesti\u00f3n p\u00fablica, mientras que la Comisi\u00f3n Nacional contra la Corrupci\u00f3n trabaja en estrategias para acercarse a territorio.<\/p>\n<blockquote class=\"twitter-tweet\">\n<p dir=\"ltr\" lang=\"es\">El subsecretario de An\u00e1lisis Estrat\u00e9gico para el Desarrollo, Hugo Garc\u00eda, particip\u00f3 este d\u00eda en el foro \ud83d\udcac \u201cTransparencia, participaci\u00f3n ciudadana y auditor\u00eda social del ciclo presupuestario\u201d en el que dio a conocer las herramientas y estrategias que SEGEPLAN promueve para\u2026 <a href=\"https:\/\/t.co\/KiBdSQ8TSi\">pic.twitter.com\/KiBdSQ8TSi<\/a><\/p>\n<p>\u2014 SEGEPLAN (@Segeplan) <a href=\"https:\/\/twitter.com\/Segeplan\/status\/1924924601718755581?ref_src=twsrc%5Etfw\">May 20, 2025<\/a><\/p>\n<\/blockquote>\n<p><script async src=\"https:\/\/platform.twitter.com\/widgets.js\" charset=\"utf-8\"><\/script><\/p>\n<\/div><\/div><style type=\"text\/css\">.fusion-body .fusion-builder-column-0{width:100% !important;margin-top : 0px;margin-bottom : 0px;}.fusion-builder-column-0 > .fusion-column-wrapper {padding-top : 0px !important;padding-right : 0px !important;margin-right : 1.92%;padding-bottom : 0px !important;padding-left : 0px !important;margin-left : 1.92%;}@media only screen and (max-width:1024px) {.fusion-body .fusion-builder-column-0{width:100% !important;}.fusion-builder-column-0 > .fusion-column-wrapper {margin-right : 1.92%;margin-left : 1.92%;}}@media only screen and (max-width:640px) {.fusion-body .fusion-builder-column-0{width:100% !important;}.fusion-builder-column-0 > .fusion-column-wrapper {margin-right : 1.92%;margin-left : 1.92%;}}<\/style><\/div><\/div><style type=\"text\/css\">.fusion-body .fusion-flex-container.fusion-builder-row-1{ padding-top : 0px;margin-top : 0px;padding-right : 0px;padding-bottom : 0px;margin-bottom : 0px;padding-left : 0px;}<\/style><\/div>\n<div class=\"pvc_clear\"><\/div>\n<p id=\"pvc_stats_12787\" class=\"pvc_stats all  \" data-element-id=\"12787\" style=\"\"><i class=\"pvc-stats-icon small\" aria-hidden=\"true\"><svg xmlns=\"http:\/\/www.w3.org\/2000\/svg\" version=\"1.0\" viewBox=\"0 0 502 315\" preserveAspectRatio=\"xMidYMid meet\"><g transform=\"translate(0,332) scale(0.1,-0.1)\" fill=\"\" stroke=\"none\"><path d=\"M2394 3279 l-29 -30 -3 -207 c-2 -182 0 -211 15 -242 39 -76 157 -76 196 0 15 31 17 60 15 243 l-3 209 -33 29 c-26 23 -41 29 -80 29 -41 0 -53 -5 -78 -31z\"\/><path d=\"M3085 3251 c-45 -19 -58 -50 -96 -229 -47 -217 -49 -260 -13 -295 52 -53 146 -42 177 20 16 31 87 366 87 410 0 70 -86 122 -155 94z\"\/><path d=\"M1751 3234 c-13 -9 -29 -31 -37 -50 -12 -29 -10 -49 21 -204 19 -94 39 -189 45 -210 14 -50 54 -80 110 -80 34 0 48 6 76 34 21 21 34 44 34 59 0 14 -18 113 -40 219 -37 178 -43 195 -70 221 -36 32 -101 37 -139 11z\"\/><path d=\"M1163 3073 c-36 -7 -73 -59 -73 -102 0 -56 133 -378 171 -413 34 -32 83 -37 129 -13 70 36 67 87 -16 290 -86 209 -89 214 -129 231 -35 14 -42 15 -82 7z\"\/><path d=\"M3689 3066 c-15 -9 -33 -30 -42 -48 -48 -103 -147 -355 -147 -375 0 -98 131 -148 192 -74 13 15 57 108 97 206 80 196 84 226 37 273 -30 30 -99 39 -137 18z\"\/><path d=\"M583 2784 c-38 -19 -67 -74 -58 -113 9 -42 211 -354 242 -373 16 -10 45 -18 66 -18 51 0 107 52 107 100 0 39 -1 41 -124 234 -80 126 -108 162 -133 173 -41 17 -61 16 -100 -3z\"\/><path d=\"M4250 2784 c-14 -9 -74 -91 -133 -183 -95 -150 -107 -173 -107 -213 0 -55 33 -94 87 -104 67 -13 90 8 211 198 130 202 137 225 78 284 -27 27 -42 34 -72 34 -22 0 -50 -8 -64 -16z\"\/><path d=\"M2275 2693 c-553 -48 -1095 -270 -1585 -649 -135 -104 -459 -423 -483 -476 -23 -49 -22 -139 2 -186 73 -142 361 -457 571 -626 285 -228 642 -407 990 -497 242 -63 336 -73 660 -74 310 0 370 5 595 52 535 111 1045 392 1455 803 122 121 250 273 275 326 19 41 19 137 0 174 -41 79 -309 363 -465 492 -447 370 -946 591 -1479 653 -113 14 -422 18 -536 8z m395 -428 c171 -34 330 -124 456 -258 112 -119 167 -219 211 -378 27 -96 24 -300 -5 -401 -72 -255 -236 -447 -474 -557 -132 -62 -201 -76 -368 -76 -167 0 -236 14 -368 76 -213 98 -373 271 -451 485 -162 444 86 934 547 1084 153 49 292 57 452 25z m909 -232 c222 -123 408 -262 593 -441 76 -74 138 -139 138 -144 0 -16 -233 -242 -330 -319 -155 -123 -309 -223 -461 -299 l-81 -41 32 46 c18 26 49 83 70 128 143 306 141 649 -6 957 -25 52 -61 116 -79 142 l-34 47 45 -20 c26 -10 76 -36 113 -56z m-2057 25 c-40 -58 -105 -190 -130 -263 -110 -324 -59 -707 132 -981 25 -35 42 -64 37 -64 -19 0 -241 119 -326 174 -188 122 -406 314 -532 468 l-58 71 108 103 c185 178 428 349 672 473 66 33 121 60 123 61 2 0 -10 -19 -26 -42z\"\/><path d=\"M2375 1950 c-198 -44 -350 -190 -395 -379 -18 -76 -8 -221 19 -290 114 -284 457 -406 731 -260 98 52 188 154 231 260 27 69 37 214 19 290 -38 163 -166 304 -326 360 -67 23 -215 33 -279 19z\"\/><\/g><\/svg><\/i> <img class=\"lazyload\" decoding=\"async\" width=\"16\" height=\"16\" alt=\"Loading\" src=\"data:image\/svg+xml,%3Csvg%20xmlns%3D%27http%3A%2F%2Fwww.w3.org%2F2000%2Fsvg%27%20width%3D%2716%27%20height%3D%2716%27%20viewBox%3D%270%200%2016%2016%27%3E%3Crect%20width%3D%2716%27%20height%3D%2716%27%20fill-opacity%3D%220%22%2F%3E%3C%2Fsvg%3E\" data-orig-src=\"https:\/\/portal.segeplan.gob.gt\/segeplan\/wp-content\/plugins\/page-views-count\/ajax-loader-2x.gif\" border=0 \/><\/p>\n<div class=\"pvc_clear\"><\/div>\n","protected":false},"excerpt":{"rendered":"","protected":false},"author":7,"featured_media":12791,"comment_status":"open","ping_status":"open","sticky":false,"template":"","format":"standard","meta":{"_price":"","_stock":"","_tribe_ticket_header":"","_tribe_default_ticket_provider":"","_ticket_start_date":"","_ticket_end_date":"","_tribe_ticket_show_description":"","_tribe_ticket_show_not_going":false,"_tribe_ticket_use_global_stock":"","_tribe_ticket_global_stock_level":"","_global_stock_mode":"","_global_stock_cap":"","_tribe_rsvp_for_event":"","_tribe_ticket_going_count":"","_tribe_ticket_not_going_count":"","_tribe_tickets_list":"[]","_tribe_ticket_has_attendee_info_fields":false,"footnotes":""},"categories":[31],"tags":[],"class_list":["post-12787","post","type-post","status-publish","format-standard","has-post-thumbnail","hentry","category-noticias-presidencia"],"_links":{"self":[{"href":"https:\/\/portal.segeplan.gob.gt\/segeplan\/index.php?rest_route=\/wp\/v2\/posts\/12787","targetHints":{"allow":["GET"]}}],"collection":[{"href":"https:\/\/portal.segeplan.gob.gt\/segeplan\/index.php?rest_route=\/wp\/v2\/posts"}],"about":[{"href":"https:\/\/portal.segeplan.gob.gt\/segeplan\/index.php?rest_route=\/wp\/v2\/types\/post"}],"author":[{"embeddable":true,"href":"https:\/\/portal.segeplan.gob.gt\/segeplan\/index.php?rest_route=\/wp\/v2\/users\/7"}],"replies":[{"embeddable":true,"href":"https:\/\/portal.segeplan.gob.gt\/segeplan\/index.php?rest_route=%2Fwp%2Fv2%2Fcomments&post=12787"}],"version-history":[{"count":2,"href":"https:\/\/portal.segeplan.gob.gt\/segeplan\/index.php?rest_route=\/wp\/v2\/posts\/12787\/revisions"}],"predecessor-version":[{"id":12794,"href":"https:\/\/portal.segeplan.gob.gt\/segeplan\/index.php?rest_route=\/wp\/v2\/posts\/12787\/revisions\/12794"}],"wp:featuredmedia":[{"embeddable":true,"href":"https:\/\/portal.segeplan.gob.gt\/segeplan\/index.php?rest_route=\/wp\/v2\/media\/12791"}],"wp:attachment":[{"href":"https:\/\/portal.segeplan.gob.gt\/segeplan\/index.php?rest_route=%2Fwp%2Fv2%2Fmedia&parent=12787"}],"wp:term":[{"taxonomy":"category","embeddable":true,"href":"https:\/\/portal.segeplan.gob.gt\/segeplan\/index.php?rest_route=%2Fwp%2Fv2%2Fcategories&post=12787"},{"taxonomy":"post_tag","embeddable":true,"href":"https:\/\/portal.segeplan.gob.gt\/segeplan\/index.php?rest_route=%2Fwp%2Fv2%2Ftags&post=12787"}],"curies":[{"name":"wp","href":"https:\/\/api.w.org\/{rel}","templated":true}]}}