{"id":12844,"date":"2025-06-03T15:33:45","date_gmt":"2025-06-03T21:33:45","guid":{"rendered":"https:\/\/portal.segeplan.gob.gt\/segeplan\/?p=12844"},"modified":"2025-06-03T15:33:45","modified_gmt":"2025-06-03T21:33:45","slug":"segeplan-inicia-analisis-de-expedientes-de-postulantes-a-becas-por-nuestro-futuro","status":"publish","type":"post","link":"https:\/\/portal.segeplan.gob.gt\/segeplan\/?p=12844","title":{"rendered":"SEGEPLAN inicia an\u00e1lisis de expedientes de postulantes a Becas por Nuestro Futuro"},"content":{"rendered":"<div class=\"fusion-fullwidth fullwidth-box fusion-builder-row-1 fusion-flex-container nonhundred-percent-fullwidth non-hundred-percent-height-scrolling\" style=\"background-color: rgba(255,255,255,0);background-position: center center;background-repeat: no-repeat;border-width: 0px 0px 0px 0px;border-color:#e2e2e2;border-style:solid;\" ><div class=\"fusion-builder-row fusion-row fusion-flex-align-items-flex-start\" style=\"max-width:1185.6px;margin-left: calc(-4% \/ 2 );margin-right: calc(-4% \/ 2 );\"><div class=\"fusion-layout-column fusion_builder_column fusion-builder-column-0 fusion_builder_column_1_1 1_1 fusion-flex-column\"><div class=\"fusion-column-wrapper fusion-flex-justify-content-flex-start fusion-content-layout-column\" style=\"background-position:left top;background-repeat:no-repeat;-webkit-background-size:cover;-moz-background-size:cover;-o-background-size:cover;background-size:cover;padding: 0px 0px 0px 0px;\"><div class=\"fusion-text fusion-text-1\"><p><strong>Guatemala, 3 de junio de 2025. <\/strong>El programa Becas por Nuestro Futuro contabiliz\u00f3 9,270 postulantes durante la primera convocatoria y en junio comenzar\u00e1 con el an\u00e1lisis de expedientes para determinar qui\u00e9nes ser\u00e1n los beneficiados con estas becas de estudio.<\/p>\n<p>C\u00f3mo se desarrollar\u00e1 el an\u00e1lisis y los pasos a seguir para otorgar las becas fueron detallados en una conferencia de prensa por el secretario general de Planificaci\u00f3n, Carlos Mendoza, y la subsecretaria de Cooperaci\u00f3n y Alianzas para el Desarrollo, Iliana Pe\u00f1a.<\/p>\n<p>\u201cPara nosotros es fundamental transparentar todas las etapas de los procesos del programa Becas por Nuestro Futuro. Tuvimos un hito con el lanzamiento y el segundo es el cierre de la primera convocatoria. Consideramos importante transparentar cu\u00e1ntos se inscribieron en la convocatoria, cu\u00e1ntos iniciaron sus aplicaciones y cu\u00e1ntos las presentaron\u201d, se\u00f1al\u00f3 el secretario Mendoza.<\/p>\n<div id=\"attachment_12845\" style=\"width: 1034px\" class=\"wp-caption aligncenter\"><img decoding=\"async\" aria-describedby=\"caption-attachment-12845\" class=\"lazyload size-large wp-image-12845\" src=\"https:\/\/portal.segeplan.gob.gt\/segeplan\/wp-content\/uploads\/2025\/06\/CFBXN-3-1024x682.jpg\" data-orig-src=\"https:\/\/portal.segeplan.gob.gt\/segeplan\/wp-content\/uploads\/2025\/06\/CFBXN-3-1024x682.jpg\" alt=\"\" width=\"1024\" height=\"682\" srcset=\"data:image\/svg+xml,%3Csvg%20xmlns%3D%27http%3A%2F%2Fwww.w3.org%2F2000%2Fsvg%27%20width%3D%271024%27%20height%3D%27682%27%20viewBox%3D%270%200%201024%20682%27%3E%3Crect%20width%3D%271024%27%20height%3D%27682%27%20fill-opacity%3D%220%22%2F%3E%3C%2Fsvg%3E\" data-srcset=\"https:\/\/portal.segeplan.gob.gt\/segeplan\/wp-content\/uploads\/2025\/06\/CFBXN-3-200x133.jpg 200w, https:\/\/portal.segeplan.gob.gt\/segeplan\/wp-content\/uploads\/2025\/06\/CFBXN-3-300x200.jpg 300w, https:\/\/portal.segeplan.gob.gt\/segeplan\/wp-content\/uploads\/2025\/06\/CFBXN-3-400x267.jpg 400w, https:\/\/portal.segeplan.gob.gt\/segeplan\/wp-content\/uploads\/2025\/06\/CFBXN-3-600x400.jpg 600w, https:\/\/portal.segeplan.gob.gt\/segeplan\/wp-content\/uploads\/2025\/06\/CFBXN-3-768x512.jpg 768w, https:\/\/portal.segeplan.gob.gt\/segeplan\/wp-content\/uploads\/2025\/06\/CFBXN-3-800x533.jpg 800w, https:\/\/portal.segeplan.gob.gt\/segeplan\/wp-content\/uploads\/2025\/06\/CFBXN-3-1024x682.jpg 1024w, https:\/\/portal.segeplan.gob.gt\/segeplan\/wp-content\/uploads\/2025\/06\/CFBXN-3-1200x800.jpg 1200w, https:\/\/portal.segeplan.gob.gt\/segeplan\/wp-content\/uploads\/2025\/06\/CFBXN-3-1536x1024.jpg 1536w\" data-sizes=\"auto\" data-orig-sizes=\"(max-width: 1024px) 100vw, 1024px\" \/><p id=\"caption-attachment-12845\" class=\"wp-caption-text\">El secretario Mendoza destac\u00f3 el registro de 9,270 postulantes en la plataforma web habillitada.<\/p><\/div>\n<p>El funcionario record\u00f3 que los criterios para seleccionar a los becarios ser\u00e1 el nivel socioecon\u00f3mico y vulnerabilidad social, potencial acad\u00e9mico y si las carreras que eligieron responden a las \u00e1reas priorizadas para el desarrollo del pa\u00eds. Este primer filtro se realizar\u00e1 con tecnolog\u00eda para evitar la selecci\u00f3n sesgada de las personas.<\/p>\n<p>\u201cEstamos revisando y validando la informaci\u00f3n captada. Es un paso t\u00e9cnico para asegurar que no tengamos contradicciones, inconsistencias, errores u omisiones en nuestra base de datos\u201d, a\u00f1adi\u00f3 la subsecretaria Pe\u00f1a.<\/p>\n<p>Explic\u00f3 que luego de haber realizado esta validaci\u00f3n, el siguiente paso es ponderar cada postulaci\u00f3n seg\u00fan los criterios de selecci\u00f3n. Dicha ponderaci\u00f3n se efect\u00faa a trav\u00e9s de una plataforma con el objetivo de agilizar procesos, hacer m\u00e1s eficiente el an\u00e1lisis de informaci\u00f3n y transparentar el proceso de selecci\u00f3n.<\/p>\n<p>\u201cNuestros postulantes no necesitan intermediarios, ni padrinos. Lo que ellos necesitan son condiciones adecuadas que les permitan participar en igualdad de condiciones y por eso se le apuesta a la tecnolog\u00eda\u201d, explic\u00f3.<\/p>\n<p>Los expedientes que obtengan los puntajes m\u00e1s altos continuar\u00e1n con las siguientes etapas que son:<\/p>\n<ul>\n<li>Verificaci\u00f3n documental y conformaci\u00f3n de expedientes<\/li>\n<li>Emisi\u00f3n de dict\u00e1menes t\u00e9cnico, legal y financiero<\/li>\n<li>Presentaci\u00f3n al Comit\u00e9 Interno para determinar qui\u00e9nes ser\u00e1n los beneficiarios<\/li>\n<li>Notificaci\u00f3n a postulantes<\/li>\n<li>Suscripci\u00f3n del contrato que determina obligaciones de la Secretar\u00eda de Planificaci\u00f3n y Programaci\u00f3n de la Presidencia (SEGEPLAN) y de los becarios<\/li>\n<li>Gestiones administrativas con el Cr\u00e9dito Hipotecario Nacional (como apertura de cuenta para la transferencia de las cuotas)<\/li>\n<li>Publicaci\u00f3n de resultados<\/li>\n<\/ul>\n<p>Se prev\u00e9 que las gestiones administrativas se efect\u00faen durante junio y a partir de julio se comience a notificar a los acreedores de las becas.<\/p>\n<p>\u201cEstamos seguros que esos primeros becarios van a reflejar la prioridad del Fondo: Llegar a aquellos j\u00f3venes y a aquella poblaci\u00f3n que hist\u00f3ricamente ha sido excluida y que hoy tiene la oportunidad de materializar sus sue\u00f1os\u201d, enfatiz\u00f3 Pe\u00f1a.<\/p>\n<div id=\"attachment_12846\" style=\"width: 1034px\" class=\"wp-caption aligncenter\"><img decoding=\"async\" aria-describedby=\"caption-attachment-12846\" class=\"lazyload size-large wp-image-12846\" src=\"https:\/\/portal.segeplan.gob.gt\/segeplan\/wp-content\/uploads\/2025\/06\/CFBXN-1-1024x682.jpg\" data-orig-src=\"https:\/\/portal.segeplan.gob.gt\/segeplan\/wp-content\/uploads\/2025\/06\/CFBXN-1-1024x682.jpg\" alt=\"\" width=\"1024\" height=\"682\" srcset=\"data:image\/svg+xml,%3Csvg%20xmlns%3D%27http%3A%2F%2Fwww.w3.org%2F2000%2Fsvg%27%20width%3D%271024%27%20height%3D%27682%27%20viewBox%3D%270%200%201024%20682%27%3E%3Crect%20width%3D%271024%27%20height%3D%27682%27%20fill-opacity%3D%220%22%2F%3E%3C%2Fsvg%3E\" data-srcset=\"https:\/\/portal.segeplan.gob.gt\/segeplan\/wp-content\/uploads\/2025\/06\/CFBXN-1-200x133.jpg 200w, https:\/\/portal.segeplan.gob.gt\/segeplan\/wp-content\/uploads\/2025\/06\/CFBXN-1-300x200.jpg 300w, https:\/\/portal.segeplan.gob.gt\/segeplan\/wp-content\/uploads\/2025\/06\/CFBXN-1-400x267.jpg 400w, https:\/\/portal.segeplan.gob.gt\/segeplan\/wp-content\/uploads\/2025\/06\/CFBXN-1-600x400.jpg 600w, https:\/\/portal.segeplan.gob.gt\/segeplan\/wp-content\/uploads\/2025\/06\/CFBXN-1-768x512.jpg 768w, https:\/\/portal.segeplan.gob.gt\/segeplan\/wp-content\/uploads\/2025\/06\/CFBXN-1-800x533.jpg 800w, https:\/\/portal.segeplan.gob.gt\/segeplan\/wp-content\/uploads\/2025\/06\/CFBXN-1-1024x682.jpg 1024w, https:\/\/portal.segeplan.gob.gt\/segeplan\/wp-content\/uploads\/2025\/06\/CFBXN-1-1200x800.jpg 1200w, https:\/\/portal.segeplan.gob.gt\/segeplan\/wp-content\/uploads\/2025\/06\/CFBXN-1-1536x1024.jpg 1536w\" data-sizes=\"auto\" data-orig-sizes=\"(max-width: 1024px) 100vw, 1024px\" \/><p id=\"caption-attachment-12846\" class=\"wp-caption-text\">Durante la conferencia de prensa, se presentaron datos recabados sobre las postulaciones.<\/p><\/div>\n<p><strong>Resultados de primera convocatoria<\/strong><\/p>\n<p>La primera convocatoria de Becas por Nuestro Futuro estuvo abierta del 1 de abril al 31 de mayo.<\/p>\n<p>De los 9,270 postulantes, se determin\u00f3 que el 55 por ciento de ellas correspond\u00eda a mujeres y el 45 por ciento restante a hombres. La mayor\u00eda de postulantes oscilaba entre los 14 y 34 a\u00f1os.<\/p>\n<p>Los cuatro departamentos con mayor n\u00famero de aplicaciones por cada 100,000 habitantes mayores de 15 a\u00f1os con nivel medio o mayor aprobado son Quich\u00e9, Guatemala, Chimaltenango y Sacatep\u00e9quez.<\/p>\n<p>Del total de aplicaciones, 6,557 eran para estudiar un pregrado, 2,106 para estudiar un posgrado y 607 para estudiar cursos t\u00e9cnicos no universitarios. Entre las carreras m\u00e1s mencionadas estuvieron medicina, enfermer\u00eda, administraci\u00f3n financiera y pedagog\u00eda.<\/p>\n<p>Los datos existentes sobre la primera convocatoria, as\u00ed como los que se vayan generando durante el proceso de an\u00e1lisis de postulantes ser\u00e1 publicado peri\u00f3dicamente en el <a href=\"https:\/\/becasnuestrofuturo.gob.gt\/PortalDatos\">Portal de Datos<\/a> habilitado.<\/p>\n<blockquote class=\"twitter-tweet\">\n<p dir=\"ltr\" lang=\"es\">Luego de haber registrado 9,270 postulantes en la primera convocatoria \ud83d\uddd3\ufe0f del programa <a href=\"https:\/\/twitter.com\/hashtag\/BecasPorNuestroFuturo?src=hash&amp;ref_src=twsrc%5Etfw\">#BecasPorNuestroFuturo<\/a> \u2728, SEGEPLAN inicia con el proceso de an\u00e1lisis de expedientes.<\/p>\n<p>\ud83c\udfa4 Esto se dio a conocer en una conferencia de prensa liderada por el secretario general de\u2026 <a href=\"https:\/\/t.co\/h0FEbIpHFB\">pic.twitter.com\/h0FEbIpHFB<\/a><\/p>\n<p>\u2014 SEGEPLAN (@Segeplan) <a href=\"https:\/\/twitter.com\/Segeplan\/status\/1929960447891124586?ref_src=twsrc%5Etfw\">June 3, 2025<\/a><\/p>\n<\/blockquote>\n<p><script async src=\"https:\/\/platform.twitter.com\/widgets.js\" charset=\"utf-8\"><\/script><\/p>\n<\/div><\/div><style type=\"text\/css\">.fusion-body .fusion-builder-column-0{width:100% !important;margin-top : 0px;margin-bottom : 0px;}.fusion-builder-column-0 > .fusion-column-wrapper {padding-top : 0px !important;padding-right : 0px !important;margin-right : 1.92%;padding-bottom : 0px !important;padding-left : 0px !important;margin-left : 1.92%;}@media only screen and (max-width:1024px) {.fusion-body .fusion-builder-column-0{width:100% !important;}.fusion-builder-column-0 > .fusion-column-wrapper {margin-right : 1.92%;margin-left : 1.92%;}}@media only screen and (max-width:640px) {.fusion-body .fusion-builder-column-0{width:100% !important;}.fusion-builder-column-0 > .fusion-column-wrapper {margin-right : 1.92%;margin-left : 1.92%;}}<\/style><\/div><\/div><style type=\"text\/css\">.fusion-body .fusion-flex-container.fusion-builder-row-1{ padding-top : 0px;margin-top : 0px;padding-right : 0px;padding-bottom : 0px;margin-bottom : 0px;padding-left : 0px;}<\/style><\/div>\n<div class=\"pvc_clear\"><\/div>\n<p id=\"pvc_stats_12844\" class=\"pvc_stats all  \" data-element-id=\"12844\" style=\"\"><i class=\"pvc-stats-icon small\" aria-hidden=\"true\"><svg xmlns=\"http:\/\/www.w3.org\/2000\/svg\" version=\"1.0\" viewBox=\"0 0 502 315\" preserveAspectRatio=\"xMidYMid meet\"><g transform=\"translate(0,332) scale(0.1,-0.1)\" fill=\"\" stroke=\"none\"><path d=\"M2394 3279 l-29 -30 -3 -207 c-2 -182 0 -211 15 -242 39 -76 157 -76 196 0 15 31 17 60 15 243 l-3 209 -33 29 c-26 23 -41 29 -80 29 -41 0 -53 -5 -78 -31z\"\/><path d=\"M3085 3251 c-45 -19 -58 -50 -96 -229 -47 -217 -49 -260 -13 -295 52 -53 146 -42 177 20 16 31 87 366 87 410 0 70 -86 122 -155 94z\"\/><path d=\"M1751 3234 c-13 -9 -29 -31 -37 -50 -12 -29 -10 -49 21 -204 19 -94 39 -189 45 -210 14 -50 54 -80 110 -80 34 0 48 6 76 34 21 21 34 44 34 59 0 14 -18 113 -40 219 -37 178 -43 195 -70 221 -36 32 -101 37 -139 11z\"\/><path d=\"M1163 3073 c-36 -7 -73 -59 -73 -102 0 -56 133 -378 171 -413 34 -32 83 -37 129 -13 70 36 67 87 -16 290 -86 209 -89 214 -129 231 -35 14 -42 15 -82 7z\"\/><path d=\"M3689 3066 c-15 -9 -33 -30 -42 -48 -48 -103 -147 -355 -147 -375 0 -98 131 -148 192 -74 13 15 57 108 97 206 80 196 84 226 37 273 -30 30 -99 39 -137 18z\"\/><path d=\"M583 2784 c-38 -19 -67 -74 -58 -113 9 -42 211 -354 242 -373 16 -10 45 -18 66 -18 51 0 107 52 107 100 0 39 -1 41 -124 234 -80 126 -108 162 -133 173 -41 17 -61 16 -100 -3z\"\/><path d=\"M4250 2784 c-14 -9 -74 -91 -133 -183 -95 -150 -107 -173 -107 -213 0 -55 33 -94 87 -104 67 -13 90 8 211 198 130 202 137 225 78 284 -27 27 -42 34 -72 34 -22 0 -50 -8 -64 -16z\"\/><path d=\"M2275 2693 c-553 -48 -1095 -270 -1585 -649 -135 -104 -459 -423 -483 -476 -23 -49 -22 -139 2 -186 73 -142 361 -457 571 -626 285 -228 642 -407 990 -497 242 -63 336 -73 660 -74 310 0 370 5 595 52 535 111 1045 392 1455 803 122 121 250 273 275 326 19 41 19 137 0 174 -41 79 -309 363 -465 492 -447 370 -946 591 -1479 653 -113 14 -422 18 -536 8z m395 -428 c171 -34 330 -124 456 -258 112 -119 167 -219 211 -378 27 -96 24 -300 -5 -401 -72 -255 -236 -447 -474 -557 -132 -62 -201 -76 -368 -76 -167 0 -236 14 -368 76 -213 98 -373 271 -451 485 -162 444 86 934 547 1084 153 49 292 57 452 25z m909 -232 c222 -123 408 -262 593 -441 76 -74 138 -139 138 -144 0 -16 -233 -242 -330 -319 -155 -123 -309 -223 -461 -299 l-81 -41 32 46 c18 26 49 83 70 128 143 306 141 649 -6 957 -25 52 -61 116 -79 142 l-34 47 45 -20 c26 -10 76 -36 113 -56z m-2057 25 c-40 -58 -105 -190 -130 -263 -110 -324 -59 -707 132 -981 25 -35 42 -64 37 -64 -19 0 -241 119 -326 174 -188 122 -406 314 -532 468 l-58 71 108 103 c185 178 428 349 672 473 66 33 121 60 123 61 2 0 -10 -19 -26 -42z\"\/><path d=\"M2375 1950 c-198 -44 -350 -190 -395 -379 -18 -76 -8 -221 19 -290 114 -284 457 -406 731 -260 98 52 188 154 231 260 27 69 37 214 19 290 -38 163 -166 304 -326 360 -67 23 -215 33 -279 19z\"\/><\/g><\/svg><\/i> <img class=\"lazyload\" decoding=\"async\" width=\"16\" height=\"16\" alt=\"Loading\" src=\"data:image\/svg+xml,%3Csvg%20xmlns%3D%27http%3A%2F%2Fwww.w3.org%2F2000%2Fsvg%27%20width%3D%2716%27%20height%3D%2716%27%20viewBox%3D%270%200%2016%2016%27%3E%3Crect%20width%3D%2716%27%20height%3D%2716%27%20fill-opacity%3D%220%22%2F%3E%3C%2Fsvg%3E\" data-orig-src=\"https:\/\/portal.segeplan.gob.gt\/segeplan\/wp-content\/plugins\/page-views-count\/ajax-loader-2x.gif\" border=0 \/><\/p>\n<div class=\"pvc_clear\"><\/div>\n","protected":false},"excerpt":{"rendered":"","protected":false},"author":7,"featured_media":12848,"comment_status":"open","ping_status":"open","sticky":false,"template":"","format":"standard","meta":{"_price":"","_stock":"","_tribe_ticket_header":"","_tribe_default_ticket_provider":"","_ticket_start_date":"","_ticket_end_date":"","_tribe_ticket_show_description":"","_tribe_ticket_show_not_going":false,"_tribe_ticket_use_global_stock":"","_tribe_ticket_global_stock_level":"","_global_stock_mode":"","_global_stock_cap":"","_tribe_rsvp_for_event":"","_tribe_ticket_going_count":"","_tribe_ticket_not_going_count":"","_tribe_tickets_list":"[]","_tribe_ticket_has_attendee_info_fields":false,"footnotes":""},"categories":[31],"tags":[],"class_list":["post-12844","post","type-post","status-publish","format-standard","has-post-thumbnail","hentry","category-noticias-presidencia"],"_links":{"self":[{"href":"https:\/\/portal.segeplan.gob.gt\/segeplan\/index.php?rest_route=\/wp\/v2\/posts\/12844","targetHints":{"allow":["GET"]}}],"collection":[{"href":"https:\/\/portal.segeplan.gob.gt\/segeplan\/index.php?rest_route=\/wp\/v2\/posts"}],"about":[{"href":"https:\/\/portal.segeplan.gob.gt\/segeplan\/index.php?rest_route=\/wp\/v2\/types\/post"}],"author":[{"embeddable":true,"href":"https:\/\/portal.segeplan.gob.gt\/segeplan\/index.php?rest_route=\/wp\/v2\/users\/7"}],"replies":[{"embeddable":true,"href":"https:\/\/portal.segeplan.gob.gt\/segeplan\/index.php?rest_route=%2Fwp%2Fv2%2Fcomments&post=12844"}],"version-history":[{"count":2,"href":"https:\/\/portal.segeplan.gob.gt\/segeplan\/index.php?rest_route=\/wp\/v2\/posts\/12844\/revisions"}],"predecessor-version":[{"id":12849,"href":"https:\/\/portal.segeplan.gob.gt\/segeplan\/index.php?rest_route=\/wp\/v2\/posts\/12844\/revisions\/12849"}],"wp:featuredmedia":[{"embeddable":true,"href":"https:\/\/portal.segeplan.gob.gt\/segeplan\/index.php?rest_route=\/wp\/v2\/media\/12848"}],"wp:attachment":[{"href":"https:\/\/portal.segeplan.gob.gt\/segeplan\/index.php?rest_route=%2Fwp%2Fv2%2Fmedia&parent=12844"}],"wp:term":[{"taxonomy":"category","embeddable":true,"href":"https:\/\/portal.segeplan.gob.gt\/segeplan\/index.php?rest_route=%2Fwp%2Fv2%2Fcategories&post=12844"},{"taxonomy":"post_tag","embeddable":true,"href":"https:\/\/portal.segeplan.gob.gt\/segeplan\/index.php?rest_route=%2Fwp%2Fv2%2Ftags&post=12844"}],"curies":[{"name":"wp","href":"https:\/\/api.w.org\/{rel}","templated":true}]}}