{"id":12907,"date":"2025-06-12T15:17:53","date_gmt":"2025-06-12T21:17:53","guid":{"rendered":"https:\/\/portal.segeplan.gob.gt\/segeplan\/?p=12907"},"modified":"2025-06-12T15:17:53","modified_gmt":"2025-06-12T21:17:53","slug":"becas-por-nuestro-futuro-promueve-cursos-tecnicos-para-capacitacion-en-oficios-de-corta-duracion","status":"publish","type":"post","link":"https:\/\/portal.segeplan.gob.gt\/segeplan\/?p=12907","title":{"rendered":"Becas por Nuestro Futuro promueve cursos t\u00e9cnicos para capacitaci\u00f3n en oficios de corta duraci\u00f3n"},"content":{"rendered":"<div class=\"fusion-fullwidth fullwidth-box fusion-builder-row-1 fusion-flex-container nonhundred-percent-fullwidth non-hundred-percent-height-scrolling\" style=\"background-color: rgba(255,255,255,0);background-position: center center;background-repeat: no-repeat;border-width: 0px 0px 0px 0px;border-color:#e2e2e2;border-style:solid;\" ><div class=\"fusion-builder-row fusion-row fusion-flex-align-items-flex-start\" style=\"max-width:1185.6px;margin-left: calc(-4% \/ 2 );margin-right: calc(-4% \/ 2 );\"><div class=\"fusion-layout-column fusion_builder_column fusion-builder-column-0 fusion_builder_column_1_1 1_1 fusion-flex-column\"><div class=\"fusion-column-wrapper fusion-flex-justify-content-flex-start fusion-content-layout-column\" style=\"background-position:left top;background-repeat:no-repeat;-webkit-background-size:cover;-moz-background-size:cover;-o-background-size:cover;background-size:cover;padding: 0px 0px 0px 0px;\"><div class=\"fusion-text fusion-text-1\"><p><strong>Guatemala, 12 de junio de 2025. <\/strong>El programa gubernamental Becas Por Nuestro Futuro se prepara para abrir la segunda convocatoria que estar\u00e1 vigente del 01 al 31 de julio del 2025. Adem\u00e1s de becas para pregrado y posgrado, este programa tambi\u00e9n contempla la cobertura para cursos t\u00e9cnicos no universitarios.<\/p>\n<p>Estos cursos est\u00e1n dirigidos a guatemaltecos, sin l\u00edmite de edad, que buscan capacitarse en oficios t\u00e9cnicos de corta duraci\u00f3n para insertarse r\u00e1pidamente en el mercado laboral o mejorar sus condiciones laborales actuales.<\/p>\n<p><strong>\u00a0<\/strong>Para este tipo de becas, el programa tiene como aliado al Instituto T\u00e9cnico Vocacional Dr. Imrich Fischmann, que ofrece la carrera de bachiller industrial y perito en:<\/p>\n<ul>\n<li>Mec\u00e1nica automotriz<\/li>\n<li>Mec\u00e1nica di\u00e9sel<\/li>\n<li>Mantenimiento industrial<\/li>\n<li>Enderezado y pintura<\/li>\n<li>Procesamiento de alimentos<\/li>\n<li>Electr\u00f3nica<\/li>\n<li>Procesos de carpinter\u00eda<\/li>\n<li>Dibujo en construcci\u00f3n<\/li>\n<li>Procesos de manufactura con m\u00e1quinas-herramientas<\/li>\n<li>Estructuras met\u00e1licas<\/li>\n<li>Artes gr\u00e1ficas<\/li>\n<li>Refrigeraci\u00f3n y aire acondicionado<\/li>\n<li>Electricidad<\/li>\n<\/ul>\n<p>\u201cEn el Instituto T\u00e9cnico Vocacional Dr. Imrich Fischmann creemos en el poder transformador de la educaci\u00f3n t\u00e9cnica y agradecemos el respaldo del programa que hace posible que m\u00e1s j\u00f3venes guatemaltecos construyan un mejor futuro\u201d, expres\u00f3 Henry Chuy, director del centro educativo.<\/p>\n<div id=\"attachment_12908\" style=\"width: 1034px\" class=\"wp-caption aligncenter\"><img decoding=\"async\" aria-describedby=\"caption-attachment-12908\" class=\"lazyload size-large wp-image-12908\" src=\"https:\/\/portal.segeplan.gob.gt\/segeplan\/wp-content\/uploads\/2025\/06\/FISC-2-1024x768.jpg\" data-orig-src=\"https:\/\/portal.segeplan.gob.gt\/segeplan\/wp-content\/uploads\/2025\/06\/FISC-2-1024x768.jpg\" alt=\"\" width=\"1024\" height=\"768\" srcset=\"data:image\/svg+xml,%3Csvg%20xmlns%3D%27http%3A%2F%2Fwww.w3.org%2F2000%2Fsvg%27%20width%3D%271024%27%20height%3D%27768%27%20viewBox%3D%270%200%201024%20768%27%3E%3Crect%20width%3D%271024%27%20height%3D%27768%27%20fill-opacity%3D%220%22%2F%3E%3C%2Fsvg%3E\" data-srcset=\"https:\/\/portal.segeplan.gob.gt\/segeplan\/wp-content\/uploads\/2025\/06\/FISC-2-200x150.jpg 200w, https:\/\/portal.segeplan.gob.gt\/segeplan\/wp-content\/uploads\/2025\/06\/FISC-2-300x225.jpg 300w, https:\/\/portal.segeplan.gob.gt\/segeplan\/wp-content\/uploads\/2025\/06\/FISC-2-400x300.jpg 400w, https:\/\/portal.segeplan.gob.gt\/segeplan\/wp-content\/uploads\/2025\/06\/FISC-2-600x450.jpg 600w, https:\/\/portal.segeplan.gob.gt\/segeplan\/wp-content\/uploads\/2025\/06\/FISC-2-768x576.jpg 768w, https:\/\/portal.segeplan.gob.gt\/segeplan\/wp-content\/uploads\/2025\/06\/FISC-2-800x600.jpg 800w, https:\/\/portal.segeplan.gob.gt\/segeplan\/wp-content\/uploads\/2025\/06\/FISC-2-1024x768.jpg 1024w, https:\/\/portal.segeplan.gob.gt\/segeplan\/wp-content\/uploads\/2025\/06\/FISC-2-1200x900.jpg 1200w, https:\/\/portal.segeplan.gob.gt\/segeplan\/wp-content\/uploads\/2025\/06\/FISC-2-1536x1152.jpg 1536w, https:\/\/portal.segeplan.gob.gt\/segeplan\/wp-content\/uploads\/2025\/06\/FISC-2.jpg 1550w\" data-sizes=\"auto\" data-orig-sizes=\"(max-width: 1024px) 100vw, 1024px\" \/><p id=\"caption-attachment-12908\" class=\"wp-caption-text\">J\u00f3venes del Instituto Vocacional Dr. Imrich Fischmann demuestran conocimientos aprendidos.<\/p><\/div>\n<p><strong>Profesionalizaci\u00f3n en turismo<\/strong><\/p>\n<p><strong>\u00a0<\/strong>El sector de turismo en Guatemala report\u00f3 en 2024 un aumento del 15 por ciento en la cantidad de visitantes no residentes en comparaci\u00f3n con 2023, por lo que se ha evidenciado la necesidad de contar con recurso humano calificado para dar atenci\u00f3n en dicho sector.<\/p>\n<p>Las Becas por Nuestro Futuro ha establecido el sector turismo como \u00e1rea priorizada y fomenta la postulaci\u00f3n de personas interesadas en esta rama.<\/p>\n<p>Los interesados pueden aplicar al programa para estudiar cursos t\u00e9cnicos no universitarios en centros de capacitaci\u00f3n como el Instituto T\u00e9cnico de Capacitaci\u00f3n y Productividad (Intecap) y el Instituto Guatemalteco de Turismo (Inguat).<\/p>\n<div id=\"attachment_12909\" style=\"width: 1034px\" class=\"wp-caption aligncenter\"><img decoding=\"async\" aria-describedby=\"caption-attachment-12909\" class=\"lazyload size-large wp-image-12909\" src=\"https:\/\/portal.segeplan.gob.gt\/segeplan\/wp-content\/uploads\/2025\/06\/FISC-5-1024x768.jpg\" data-orig-src=\"https:\/\/portal.segeplan.gob.gt\/segeplan\/wp-content\/uploads\/2025\/06\/FISC-5-1024x768.jpg\" alt=\"\" width=\"1024\" height=\"768\" srcset=\"data:image\/svg+xml,%3Csvg%20xmlns%3D%27http%3A%2F%2Fwww.w3.org%2F2000%2Fsvg%27%20width%3D%271024%27%20height%3D%27768%27%20viewBox%3D%270%200%201024%20768%27%3E%3Crect%20width%3D%271024%27%20height%3D%27768%27%20fill-opacity%3D%220%22%2F%3E%3C%2Fsvg%3E\" data-srcset=\"https:\/\/portal.segeplan.gob.gt\/segeplan\/wp-content\/uploads\/2025\/06\/FISC-5-200x150.jpg 200w, https:\/\/portal.segeplan.gob.gt\/segeplan\/wp-content\/uploads\/2025\/06\/FISC-5-300x225.jpg 300w, https:\/\/portal.segeplan.gob.gt\/segeplan\/wp-content\/uploads\/2025\/06\/FISC-5-400x300.jpg 400w, https:\/\/portal.segeplan.gob.gt\/segeplan\/wp-content\/uploads\/2025\/06\/FISC-5-600x450.jpg 600w, https:\/\/portal.segeplan.gob.gt\/segeplan\/wp-content\/uploads\/2025\/06\/FISC-5-768x576.jpg 768w, https:\/\/portal.segeplan.gob.gt\/segeplan\/wp-content\/uploads\/2025\/06\/FISC-5-800x600.jpg 800w, https:\/\/portal.segeplan.gob.gt\/segeplan\/wp-content\/uploads\/2025\/06\/FISC-5-1024x768.jpg 1024w, https:\/\/portal.segeplan.gob.gt\/segeplan\/wp-content\/uploads\/2025\/06\/FISC-5-1200x900.jpg 1200w, https:\/\/portal.segeplan.gob.gt\/segeplan\/wp-content\/uploads\/2025\/06\/FISC-5.jpg 1500w\" data-sizes=\"auto\" data-orig-sizes=\"(max-width: 1024px) 100vw, 1024px\" \/><p id=\"caption-attachment-12909\" class=\"wp-caption-text\">Los cursos t\u00e9cnicos no universitarios de corta duraci\u00f3n permiten a los j\u00f3venes insertarse r\u00e1pidamente en el mercado laboral.<\/p><\/div>\n<p>A trav\u00e9s de estos cursos, los participantes aumentan sus conocimientos te\u00f3ricos y pr\u00e1cticos y desarrollan sus destrezas con el objetivo de insertarse en el mundo laboral.<\/p>\n<p>Entre los cursos que pueden estudiar los aplicantes est\u00e1n:<\/p>\n<p><strong>Intecap<\/strong><\/p>\n<ul>\n<li>Emprendimiento en Turismo<\/li>\n<li>Administraci\u00f3n de Empresas Tur\u00edsticas<\/li>\n<li>Gu\u00eda General de Turistas<\/li>\n<\/ul>\n<p><strong>Inguat<\/strong><\/p>\n<ul>\n<li>Consejos al viajar<\/li>\n<li>Gastronom\u00eda maya<\/li>\n<li>Servicio al cliente en turismo<\/li>\n<li>Tips para el cuidado de la naturaleza<\/li>\n<li>Manual de cuevas<\/li>\n<li>Turismo cultural<\/li>\n<li>Museos en Guatemala<\/li>\n<\/ul>\n<p>Por ello, el director general de Inguat, Harris Whitbeck, invit\u00f3 a aquellos guatemaltecos interesados en especializarse en turismo a aplicar a Becas por Nuestro Futuro.<\/p>\n<p>\u201cEn Inguat estamos comprometidos con el desarrollo del talento guatemalteco y por eso junto a la Secretar\u00eda de Planificaci\u00f3n y Programaci\u00f3n de la Presidencia (SEGEPLAN) ponemos a tu disposici\u00f3n m\u00e1s de 50 cursos t\u00e9cnicos desde gu\u00eda tur\u00edstico hasta gesti\u00f3n de productos tur\u00edsticos. Hay opciones para todos\u201d, se\u00f1al\u00f3 en un mensaje en redes sociales.<\/p>\n<p>Para conocer las \u00e1reas priorizadas en este tipo de becas puedes consultar la p\u00e1gina becasnuestrofuturo.gob.gt. Aplica en la segunda convocatoria a partir del 1 de julio.<\/p>\n<blockquote class=\"twitter-tweet\">\n<p dir=\"ltr\" lang=\"es\">El director del Instituto Dr. Imrich Fischmann, Henry Chuy, hace un llamado a todos los j\u00f3venes guatemaltecos a ser parte del eje de capacitaci\u00f3n t\u00e9cnica del programa Becas por Nuestro Futuro, que incluye la formaci\u00f3n en las 13 especialidades del Bachillerato Industrial y Perito\u2026 <a href=\"https:\/\/t.co\/mEX9s8BiKM\">pic.twitter.com\/mEX9s8BiKM<\/a><\/p>\n<p>\u2014 becas_segeplan (@becas_segeplan) <a href=\"https:\/\/twitter.com\/becas_segeplan\/status\/1932797955146240290?ref_src=twsrc%5Etfw\">June 11, 2025<\/a><\/p>\n<\/blockquote>\n<p><script async src=\"https:\/\/platform.twitter.com\/widgets.js\" charset=\"utf-8\"><\/script><\/p>\n<\/div><\/div><style type=\"text\/css\">.fusion-body .fusion-builder-column-0{width:100% !important;margin-top : 0px;margin-bottom : 0px;}.fusion-builder-column-0 > .fusion-column-wrapper {padding-top : 0px !important;padding-right : 0px !important;margin-right : 1.92%;padding-bottom : 0px !important;padding-left : 0px !important;margin-left : 1.92%;}@media only screen and (max-width:1024px) {.fusion-body .fusion-builder-column-0{width:100% !important;}.fusion-builder-column-0 > .fusion-column-wrapper {margin-right : 1.92%;margin-left : 1.92%;}}@media only screen and (max-width:640px) {.fusion-body .fusion-builder-column-0{width:100% !important;}.fusion-builder-column-0 > .fusion-column-wrapper {margin-right : 1.92%;margin-left : 1.92%;}}<\/style><\/div><\/div><style type=\"text\/css\">.fusion-body .fusion-flex-container.fusion-builder-row-1{ padding-top : 0px;margin-top : 0px;padding-right : 0px;padding-bottom : 0px;margin-bottom : 0px;padding-left : 0px;}<\/style><\/div>\n<div class=\"pvc_clear\"><\/div>\n<p id=\"pvc_stats_12907\" class=\"pvc_stats all  \" data-element-id=\"12907\" style=\"\"><i class=\"pvc-stats-icon small\" aria-hidden=\"true\"><svg xmlns=\"http:\/\/www.w3.org\/2000\/svg\" version=\"1.0\" viewBox=\"0 0 502 315\" preserveAspectRatio=\"xMidYMid meet\"><g transform=\"translate(0,332) scale(0.1,-0.1)\" fill=\"\" stroke=\"none\"><path d=\"M2394 3279 l-29 -30 -3 -207 c-2 -182 0 -211 15 -242 39 -76 157 -76 196 0 15 31 17 60 15 243 l-3 209 -33 29 c-26 23 -41 29 -80 29 -41 0 -53 -5 -78 -31z\"\/><path d=\"M3085 3251 c-45 -19 -58 -50 -96 -229 -47 -217 -49 -260 -13 -295 52 -53 146 -42 177 20 16 31 87 366 87 410 0 70 -86 122 -155 94z\"\/><path d=\"M1751 3234 c-13 -9 -29 -31 -37 -50 -12 -29 -10 -49 21 -204 19 -94 39 -189 45 -210 14 -50 54 -80 110 -80 34 0 48 6 76 34 21 21 34 44 34 59 0 14 -18 113 -40 219 -37 178 -43 195 -70 221 -36 32 -101 37 -139 11z\"\/><path d=\"M1163 3073 c-36 -7 -73 -59 -73 -102 0 -56 133 -378 171 -413 34 -32 83 -37 129 -13 70 36 67 87 -16 290 -86 209 -89 214 -129 231 -35 14 -42 15 -82 7z\"\/><path d=\"M3689 3066 c-15 -9 -33 -30 -42 -48 -48 -103 -147 -355 -147 -375 0 -98 131 -148 192 -74 13 15 57 108 97 206 80 196 84 226 37 273 -30 30 -99 39 -137 18z\"\/><path d=\"M583 2784 c-38 -19 -67 -74 -58 -113 9 -42 211 -354 242 -373 16 -10 45 -18 66 -18 51 0 107 52 107 100 0 39 -1 41 -124 234 -80 126 -108 162 -133 173 -41 17 -61 16 -100 -3z\"\/><path d=\"M4250 2784 c-14 -9 -74 -91 -133 -183 -95 -150 -107 -173 -107 -213 0 -55 33 -94 87 -104 67 -13 90 8 211 198 130 202 137 225 78 284 -27 27 -42 34 -72 34 -22 0 -50 -8 -64 -16z\"\/><path d=\"M2275 2693 c-553 -48 -1095 -270 -1585 -649 -135 -104 -459 -423 -483 -476 -23 -49 -22 -139 2 -186 73 -142 361 -457 571 -626 285 -228 642 -407 990 -497 242 -63 336 -73 660 -74 310 0 370 5 595 52 535 111 1045 392 1455 803 122 121 250 273 275 326 19 41 19 137 0 174 -41 79 -309 363 -465 492 -447 370 -946 591 -1479 653 -113 14 -422 18 -536 8z m395 -428 c171 -34 330 -124 456 -258 112 -119 167 -219 211 -378 27 -96 24 -300 -5 -401 -72 -255 -236 -447 -474 -557 -132 -62 -201 -76 -368 -76 -167 0 -236 14 -368 76 -213 98 -373 271 -451 485 -162 444 86 934 547 1084 153 49 292 57 452 25z m909 -232 c222 -123 408 -262 593 -441 76 -74 138 -139 138 -144 0 -16 -233 -242 -330 -319 -155 -123 -309 -223 -461 -299 l-81 -41 32 46 c18 26 49 83 70 128 143 306 141 649 -6 957 -25 52 -61 116 -79 142 l-34 47 45 -20 c26 -10 76 -36 113 -56z m-2057 25 c-40 -58 -105 -190 -130 -263 -110 -324 -59 -707 132 -981 25 -35 42 -64 37 -64 -19 0 -241 119 -326 174 -188 122 -406 314 -532 468 l-58 71 108 103 c185 178 428 349 672 473 66 33 121 60 123 61 2 0 -10 -19 -26 -42z\"\/><path d=\"M2375 1950 c-198 -44 -350 -190 -395 -379 -18 -76 -8 -221 19 -290 114 -284 457 -406 731 -260 98 52 188 154 231 260 27 69 37 214 19 290 -38 163 -166 304 -326 360 -67 23 -215 33 -279 19z\"\/><\/g><\/svg><\/i> <img class=\"lazyload\" decoding=\"async\" width=\"16\" height=\"16\" alt=\"Loading\" src=\"data:image\/svg+xml,%3Csvg%20xmlns%3D%27http%3A%2F%2Fwww.w3.org%2F2000%2Fsvg%27%20width%3D%2716%27%20height%3D%2716%27%20viewBox%3D%270%200%2016%2016%27%3E%3Crect%20width%3D%2716%27%20height%3D%2716%27%20fill-opacity%3D%220%22%2F%3E%3C%2Fsvg%3E\" data-orig-src=\"https:\/\/portal.segeplan.gob.gt\/segeplan\/wp-content\/plugins\/page-views-count\/ajax-loader-2x.gif\" border=0 \/><\/p>\n<div class=\"pvc_clear\"><\/div>\n","protected":false},"excerpt":{"rendered":"","protected":false},"author":7,"featured_media":12910,"comment_status":"open","ping_status":"open","sticky":false,"template":"","format":"standard","meta":{"_price":"","_stock":"","_tribe_ticket_header":"","_tribe_default_ticket_provider":"","_ticket_start_date":"","_ticket_end_date":"","_tribe_ticket_show_description":"","_tribe_ticket_show_not_going":false,"_tribe_ticket_use_global_stock":"","_tribe_ticket_global_stock_level":"","_global_stock_mode":"","_global_stock_cap":"","_tribe_rsvp_for_event":"","_tribe_ticket_going_count":"","_tribe_ticket_not_going_count":"","_tribe_tickets_list":"[]","_tribe_ticket_has_attendee_info_fields":false,"footnotes":""},"categories":[31],"tags":[],"class_list":["post-12907","post","type-post","status-publish","format-standard","has-post-thumbnail","hentry","category-noticias-presidencia"],"_links":{"self":[{"href":"https:\/\/portal.segeplan.gob.gt\/segeplan\/index.php?rest_route=\/wp\/v2\/posts\/12907","targetHints":{"allow":["GET"]}}],"collection":[{"href":"https:\/\/portal.segeplan.gob.gt\/segeplan\/index.php?rest_route=\/wp\/v2\/posts"}],"about":[{"href":"https:\/\/portal.segeplan.gob.gt\/segeplan\/index.php?rest_route=\/wp\/v2\/types\/post"}],"author":[{"embeddable":true,"href":"https:\/\/portal.segeplan.gob.gt\/segeplan\/index.php?rest_route=\/wp\/v2\/users\/7"}],"replies":[{"embeddable":true,"href":"https:\/\/portal.segeplan.gob.gt\/segeplan\/index.php?rest_route=%2Fwp%2Fv2%2Fcomments&post=12907"}],"version-history":[{"count":1,"href":"https:\/\/portal.segeplan.gob.gt\/segeplan\/index.php?rest_route=\/wp\/v2\/posts\/12907\/revisions"}],"predecessor-version":[{"id":12911,"href":"https:\/\/portal.segeplan.gob.gt\/segeplan\/index.php?rest_route=\/wp\/v2\/posts\/12907\/revisions\/12911"}],"wp:featuredmedia":[{"embeddable":true,"href":"https:\/\/portal.segeplan.gob.gt\/segeplan\/index.php?rest_route=\/wp\/v2\/media\/12910"}],"wp:attachment":[{"href":"https:\/\/portal.segeplan.gob.gt\/segeplan\/index.php?rest_route=%2Fwp%2Fv2%2Fmedia&parent=12907"}],"wp:term":[{"taxonomy":"category","embeddable":true,"href":"https:\/\/portal.segeplan.gob.gt\/segeplan\/index.php?rest_route=%2Fwp%2Fv2%2Fcategories&post=12907"},{"taxonomy":"post_tag","embeddable":true,"href":"https:\/\/portal.segeplan.gob.gt\/segeplan\/index.php?rest_route=%2Fwp%2Fv2%2Ftags&post=12907"}],"curies":[{"name":"wp","href":"https:\/\/api.w.org\/{rel}","templated":true}]}}