{"id":12949,"date":"2025-06-24T16:12:17","date_gmt":"2025-06-24T22:12:17","guid":{"rendered":"https:\/\/portal.segeplan.gob.gt\/segeplan\/?p=12949"},"modified":"2025-06-24T16:12:17","modified_gmt":"2025-06-24T22:12:17","slug":"difunden-lineamientos-para-fortalecer-la-planificacion-desde-las-municipalidades","status":"publish","type":"post","link":"https:\/\/portal.segeplan.gob.gt\/segeplan\/?p=12949","title":{"rendered":"Difunden lineamientos para fortalecer la planificaci\u00f3n desde las municipalidades"},"content":{"rendered":"<div class=\"fusion-fullwidth fullwidth-box fusion-builder-row-1 fusion-flex-container nonhundred-percent-fullwidth non-hundred-percent-height-scrolling\" style=\"background-color: rgba(255,255,255,0);background-position: center center;background-repeat: no-repeat;border-width: 0px 0px 0px 0px;border-color:#e2e2e2;border-style:solid;\" ><div class=\"fusion-builder-row fusion-row fusion-flex-align-items-flex-start\" style=\"max-width:1185.6px;margin-left: calc(-4% \/ 2 );margin-right: calc(-4% \/ 2 );\"><div class=\"fusion-layout-column fusion_builder_column fusion-builder-column-0 fusion_builder_column_1_1 1_1 fusion-flex-column\"><div class=\"fusion-column-wrapper fusion-flex-justify-content-flex-start fusion-content-layout-column\" style=\"background-position:left top;background-repeat:no-repeat;-webkit-background-size:cover;-moz-background-size:cover;-o-background-size:cover;background-size:cover;padding: 0px 0px 0px 0px;\"><div class=\"fusion-text fusion-text-1\"><p><strong>Guatemala, 24 de junio de 2025. <\/strong>Impulsar la planificaci\u00f3n y presupuestaci\u00f3n desde los territorios es un aspecto que la Secretar\u00eda de Planificaci\u00f3n y Programaci\u00f3n de la Presidencia (SEGEPLAN) prioriza y de esa cuenta desarrolla talleres que fortalecen las capacidades del equipo t\u00e9cnico en las municipalidades.<\/p>\n<p>Los talleres consisten en trasladar los lineamientos generales que permitan que cada municipalidad elabore su Plan Estrat\u00e9gico Institucional 2025-2029, su Plan Operativo Anual 2026 y su Plan Operativo Multianual 2026-2030.<\/p>\n<p>\u201cAlgo que hemos estado impulsado es la planificaci\u00f3n y presupuestaci\u00f3n participativa desde los territorios porque nos permite tener una mirada de las necesidades de cada uno de los habitantes de los municipios y departamentos\u201d, explic\u00f3 Wendy S\u00e1nchez, subsecretaria de Planificaci\u00f3n y Programaci\u00f3n.<\/p>\n<div id=\"attachment_12950\" style=\"width: 1034px\" class=\"wp-caption aligncenter\"><img decoding=\"async\" aria-describedby=\"caption-attachment-12950\" class=\"lazyload size-large wp-image-12950\" src=\"https:\/\/portal.segeplan.gob.gt\/segeplan\/wp-content\/uploads\/2025\/06\/DSC_0077.1-1024x845.jpg\" data-orig-src=\"https:\/\/portal.segeplan.gob.gt\/segeplan\/wp-content\/uploads\/2025\/06\/DSC_0077.1-1024x845.jpg\" alt=\"\" width=\"1024\" height=\"845\" srcset=\"data:image\/svg+xml,%3Csvg%20xmlns%3D%27http%3A%2F%2Fwww.w3.org%2F2000%2Fsvg%27%20width%3D%271024%27%20height%3D%27845%27%20viewBox%3D%270%200%201024%20845%27%3E%3Crect%20width%3D%271024%27%20height%3D%27845%27%20fill-opacity%3D%220%22%2F%3E%3C%2Fsvg%3E\" data-srcset=\"https:\/\/portal.segeplan.gob.gt\/segeplan\/wp-content\/uploads\/2025\/06\/DSC_0077.1-200x165.jpg 200w, https:\/\/portal.segeplan.gob.gt\/segeplan\/wp-content\/uploads\/2025\/06\/DSC_0077.1-300x247.jpg 300w, https:\/\/portal.segeplan.gob.gt\/segeplan\/wp-content\/uploads\/2025\/06\/DSC_0077.1-400x330.jpg 400w, https:\/\/portal.segeplan.gob.gt\/segeplan\/wp-content\/uploads\/2025\/06\/DSC_0077.1-600x495.jpg 600w, https:\/\/portal.segeplan.gob.gt\/segeplan\/wp-content\/uploads\/2025\/06\/DSC_0077.1-768x634.jpg 768w, https:\/\/portal.segeplan.gob.gt\/segeplan\/wp-content\/uploads\/2025\/06\/DSC_0077.1-800x660.jpg 800w, https:\/\/portal.segeplan.gob.gt\/segeplan\/wp-content\/uploads\/2025\/06\/DSC_0077.1-1024x845.jpg 1024w, https:\/\/portal.segeplan.gob.gt\/segeplan\/wp-content\/uploads\/2025\/06\/DSC_0077.1-1200x990.jpg 1200w, https:\/\/portal.segeplan.gob.gt\/segeplan\/wp-content\/uploads\/2025\/06\/DSC_0077.1-1536x1267.jpg 1536w\" data-sizes=\"auto\" data-orig-sizes=\"(max-width: 1024px) 100vw, 1024px\" \/><p id=\"caption-attachment-12950\" class=\"wp-caption-text\">Subsecretaria Wendy S\u00e1nchez manifest\u00f3 el compromiso de SEGEPLAN por dar acompa\u00f1amiento a las municipalidades.<\/p><\/div>\n<p>La subsecretaria agreg\u00f3 que con la participaci\u00f3n de los equipos t\u00e9cnicos de las municipalidades se podr\u00e1 obtener una visi\u00f3n m\u00e1s amplia de las necesidades de los guatemaltecos y planificar acciones estrat\u00e9gicas que les den soluci\u00f3n.<\/p>\n<p>\u201cIremos construyendo esa visi\u00f3n de territorio y esos proyectos estrat\u00e9gicos para cada localidad. Se podr\u00e1 identificar las brechas de pobreza\u201d, afirm\u00f3.<\/p>\n<p>Los 11 talleres que se desarrollar\u00e1n van dirigidos a alcaldes, directores municipales de planificaci\u00f3n y directores del \u00e1rea administrativa financiera. Los encuentros permitir\u00e1n que el equipo t\u00e9cnico de las municipalidades conozca qu\u00e9 metodolog\u00eda se utiliza para la elaboraci\u00f3n de los instrumentos de planificaci\u00f3n, los plazos de entrega de documentos y procesos y el contenido que necesita incluirse.<\/p>\n<p>Los talleres se realizar\u00e1n en las siguientes fechas y con los siguientes equipos:<\/p>\n<ul>\n<li><strong>24 de junio:<\/strong> Guatemala y Chimaltenango<\/li>\n<li><strong>24 de junio:<\/strong> Solol\u00e1 y Quich\u00e9<\/li>\n<li><strong>8 de julio:<\/strong> Zacapa, el Progreso, Izabal y Chiquimula<\/li>\n<li><strong>10 de julio:<\/strong> Huehuetenango<\/li>\n<li><strong>15 de julio:<\/strong> Jutiapa, Jalapa y Santa Rosa<\/li>\n<li><strong>17 de julio:<\/strong> Alta Verapaz y Baja Verapaz<\/li>\n<li><strong>22 de julio:<\/strong> Pet\u00e9n<\/li>\n<li><strong>22 de julio:<\/strong> San Marcos<\/li>\n<li><strong>24 de julio:<\/strong> Quetzaltenango y Totonicap\u00e1n<\/li>\n<li><strong>29 de julio:<\/strong> Sacatep\u00e9quez y Escuintla<\/li>\n<li><strong>31 de julio:<\/strong> Suchitep\u00e9quez y Retalhuleu<\/li>\n<\/ul>\n<div id=\"attachment_12951\" style=\"width: 1034px\" class=\"wp-caption aligncenter\"><img decoding=\"async\" aria-describedby=\"caption-attachment-12951\" class=\"lazyload size-large wp-image-12951\" src=\"https:\/\/portal.segeplan.gob.gt\/segeplan\/wp-content\/uploads\/2025\/06\/DSC_0074.1-1024x477.jpg\" data-orig-src=\"https:\/\/portal.segeplan.gob.gt\/segeplan\/wp-content\/uploads\/2025\/06\/DSC_0074.1-1024x477.jpg\" alt=\"\" width=\"1024\" height=\"477\" srcset=\"data:image\/svg+xml,%3Csvg%20xmlns%3D%27http%3A%2F%2Fwww.w3.org%2F2000%2Fsvg%27%20width%3D%271024%27%20height%3D%27477%27%20viewBox%3D%270%200%201024%20477%27%3E%3Crect%20width%3D%271024%27%20height%3D%27477%27%20fill-opacity%3D%220%22%2F%3E%3C%2Fsvg%3E\" data-srcset=\"https:\/\/portal.segeplan.gob.gt\/segeplan\/wp-content\/uploads\/2025\/06\/DSC_0074.1-200x93.jpg 200w, https:\/\/portal.segeplan.gob.gt\/segeplan\/wp-content\/uploads\/2025\/06\/DSC_0074.1-300x140.jpg 300w, https:\/\/portal.segeplan.gob.gt\/segeplan\/wp-content\/uploads\/2025\/06\/DSC_0074.1-400x186.jpg 400w, https:\/\/portal.segeplan.gob.gt\/segeplan\/wp-content\/uploads\/2025\/06\/DSC_0074.1-600x280.jpg 600w, https:\/\/portal.segeplan.gob.gt\/segeplan\/wp-content\/uploads\/2025\/06\/DSC_0074.1-768x358.jpg 768w, https:\/\/portal.segeplan.gob.gt\/segeplan\/wp-content\/uploads\/2025\/06\/DSC_0074.1-800x373.jpg 800w, https:\/\/portal.segeplan.gob.gt\/segeplan\/wp-content\/uploads\/2025\/06\/DSC_0074.1-1024x477.jpg 1024w, https:\/\/portal.segeplan.gob.gt\/segeplan\/wp-content\/uploads\/2025\/06\/DSC_0074.1-1200x559.jpg 1200w, https:\/\/portal.segeplan.gob.gt\/segeplan\/wp-content\/uploads\/2025\/06\/DSC_0074.1-1536x716.jpg 1536w\" data-sizes=\"auto\" data-orig-sizes=\"(max-width: 1024px) 100vw, 1024px\" \/><p id=\"caption-attachment-12951\" class=\"wp-caption-text\">Primer taller reuni\u00f3 a equipos de Guatemala y de Chimaltenango.<\/p><\/div>\n<p>Posterior al traslado de lineamientos a los equipos t\u00e9cnicos de las municipalidades, de agosto a septiembre, SEGEPLAN otorgar\u00e1 asesor\u00eda t\u00e9cnica en la formulaci\u00f3n de los instrumentos. Esta asesor\u00eda ser\u00e1 brindada por medio de las delegaciones departamentales y subdepartamentales.<\/p>\n<p>\u201cQuiero recalcar la disposici\u00f3n de apoyo t\u00e9cnico desde SEGEPLAN. Sabemos la responsabilidad que representa a cada uno de los municipios y la calidad de proyectos que tienen por formular y ejecutar en los plazos establecidos\u201d, dijo la subsecretaria S\u00e1nchez.<\/p>\n<p>Los instrumentos de planificaci\u00f3n deben ser aprobados por los concejos municipales en octubre, mientras que en diciembre se deben registrar en el Sistema de Contabilidad Integrado para Gobiernos Locales (Sicoin GL).<\/p>\n<p>El \u00faltimo punto es entregar el instrumento de planificaci\u00f3n en formato electr\u00f3nico en la primera quincena de enero.<\/p>\n<blockquote class=\"twitter-tweet\">\n<p dir=\"ltr\" lang=\"es\">\u270d\ufe0f Equipo t\u00e9cnico de las municipalidades de Guatemala y de Chimaltenango formaron parte del primer taller de traslado de lineamientos de planificaci\u00f3n, promovido por la Subsecretar\u00eda de Planificaci\u00f3n y Programaci\u00f3n.<\/p>\n<p>Los lineamientos trasladados permitir\u00e1n que cada comuna elabore\u2026 <a href=\"https:\/\/t.co\/Ics8knQRtb\">pic.twitter.com\/Ics8knQRtb<\/a><\/p>\n<p>\u2014 SEGEPLAN (@Segeplan) <a href=\"https:\/\/twitter.com\/Segeplan\/status\/1937619354666897858?ref_src=twsrc%5Etfw\">June 24, 2025<\/a><\/p>\n<\/blockquote>\n<p><script async src=\"https:\/\/platform.twitter.com\/widgets.js\" charset=\"utf-8\"><\/script><\/p>\n<\/div><\/div><style type=\"text\/css\">.fusion-body .fusion-builder-column-0{width:100% !important;margin-top : 0px;margin-bottom : 0px;}.fusion-builder-column-0 > .fusion-column-wrapper {padding-top : 0px !important;padding-right : 0px !important;margin-right : 1.92%;padding-bottom : 0px !important;padding-left : 0px !important;margin-left : 1.92%;}@media only screen and (max-width:1024px) {.fusion-body .fusion-builder-column-0{width:100% !important;}.fusion-builder-column-0 > .fusion-column-wrapper {margin-right : 1.92%;margin-left : 1.92%;}}@media only screen and (max-width:640px) {.fusion-body .fusion-builder-column-0{width:100% !important;}.fusion-builder-column-0 > .fusion-column-wrapper {margin-right : 1.92%;margin-left : 1.92%;}}<\/style><\/div><\/div><style type=\"text\/css\">.fusion-body .fusion-flex-container.fusion-builder-row-1{ padding-top : 0px;margin-top : 0px;padding-right : 0px;padding-bottom : 0px;margin-bottom : 0px;padding-left : 0px;}<\/style><\/div>\n<div class=\"pvc_clear\"><\/div>\n<p id=\"pvc_stats_12949\" class=\"pvc_stats all  \" data-element-id=\"12949\" style=\"\"><i class=\"pvc-stats-icon small\" aria-hidden=\"true\"><svg xmlns=\"http:\/\/www.w3.org\/2000\/svg\" version=\"1.0\" viewBox=\"0 0 502 315\" preserveAspectRatio=\"xMidYMid meet\"><g transform=\"translate(0,332) scale(0.1,-0.1)\" fill=\"\" stroke=\"none\"><path d=\"M2394 3279 l-29 -30 -3 -207 c-2 -182 0 -211 15 -242 39 -76 157 -76 196 0 15 31 17 60 15 243 l-3 209 -33 29 c-26 23 -41 29 -80 29 -41 0 -53 -5 -78 -31z\"\/><path d=\"M3085 3251 c-45 -19 -58 -50 -96 -229 -47 -217 -49 -260 -13 -295 52 -53 146 -42 177 20 16 31 87 366 87 410 0 70 -86 122 -155 94z\"\/><path d=\"M1751 3234 c-13 -9 -29 -31 -37 -50 -12 -29 -10 -49 21 -204 19 -94 39 -189 45 -210 14 -50 54 -80 110 -80 34 0 48 6 76 34 21 21 34 44 34 59 0 14 -18 113 -40 219 -37 178 -43 195 -70 221 -36 32 -101 37 -139 11z\"\/><path d=\"M1163 3073 c-36 -7 -73 -59 -73 -102 0 -56 133 -378 171 -413 34 -32 83 -37 129 -13 70 36 67 87 -16 290 -86 209 -89 214 -129 231 -35 14 -42 15 -82 7z\"\/><path d=\"M3689 3066 c-15 -9 -33 -30 -42 -48 -48 -103 -147 -355 -147 -375 0 -98 131 -148 192 -74 13 15 57 108 97 206 80 196 84 226 37 273 -30 30 -99 39 -137 18z\"\/><path d=\"M583 2784 c-38 -19 -67 -74 -58 -113 9 -42 211 -354 242 -373 16 -10 45 -18 66 -18 51 0 107 52 107 100 0 39 -1 41 -124 234 -80 126 -108 162 -133 173 -41 17 -61 16 -100 -3z\"\/><path d=\"M4250 2784 c-14 -9 -74 -91 -133 -183 -95 -150 -107 -173 -107 -213 0 -55 33 -94 87 -104 67 -13 90 8 211 198 130 202 137 225 78 284 -27 27 -42 34 -72 34 -22 0 -50 -8 -64 -16z\"\/><path d=\"M2275 2693 c-553 -48 -1095 -270 -1585 -649 -135 -104 -459 -423 -483 -476 -23 -49 -22 -139 2 -186 73 -142 361 -457 571 -626 285 -228 642 -407 990 -497 242 -63 336 -73 660 -74 310 0 370 5 595 52 535 111 1045 392 1455 803 122 121 250 273 275 326 19 41 19 137 0 174 -41 79 -309 363 -465 492 -447 370 -946 591 -1479 653 -113 14 -422 18 -536 8z m395 -428 c171 -34 330 -124 456 -258 112 -119 167 -219 211 -378 27 -96 24 -300 -5 -401 -72 -255 -236 -447 -474 -557 -132 -62 -201 -76 -368 -76 -167 0 -236 14 -368 76 -213 98 -373 271 -451 485 -162 444 86 934 547 1084 153 49 292 57 452 25z m909 -232 c222 -123 408 -262 593 -441 76 -74 138 -139 138 -144 0 -16 -233 -242 -330 -319 -155 -123 -309 -223 -461 -299 l-81 -41 32 46 c18 26 49 83 70 128 143 306 141 649 -6 957 -25 52 -61 116 -79 142 l-34 47 45 -20 c26 -10 76 -36 113 -56z m-2057 25 c-40 -58 -105 -190 -130 -263 -110 -324 -59 -707 132 -981 25 -35 42 -64 37 -64 -19 0 -241 119 -326 174 -188 122 -406 314 -532 468 l-58 71 108 103 c185 178 428 349 672 473 66 33 121 60 123 61 2 0 -10 -19 -26 -42z\"\/><path d=\"M2375 1950 c-198 -44 -350 -190 -395 -379 -18 -76 -8 -221 19 -290 114 -284 457 -406 731 -260 98 52 188 154 231 260 27 69 37 214 19 290 -38 163 -166 304 -326 360 -67 23 -215 33 -279 19z\"\/><\/g><\/svg><\/i> <img class=\"lazyload\" decoding=\"async\" width=\"16\" height=\"16\" alt=\"Loading\" src=\"data:image\/svg+xml,%3Csvg%20xmlns%3D%27http%3A%2F%2Fwww.w3.org%2F2000%2Fsvg%27%20width%3D%2716%27%20height%3D%2716%27%20viewBox%3D%270%200%2016%2016%27%3E%3Crect%20width%3D%2716%27%20height%3D%2716%27%20fill-opacity%3D%220%22%2F%3E%3C%2Fsvg%3E\" data-orig-src=\"https:\/\/portal.segeplan.gob.gt\/segeplan\/wp-content\/plugins\/page-views-count\/ajax-loader-2x.gif\" border=0 \/><\/p>\n<div class=\"pvc_clear\"><\/div>\n","protected":false},"excerpt":{"rendered":"","protected":false},"author":7,"featured_media":12952,"comment_status":"open","ping_status":"open","sticky":false,"template":"","format":"standard","meta":{"_price":"","_stock":"","_tribe_ticket_header":"","_tribe_default_ticket_provider":"","_ticket_start_date":"","_ticket_end_date":"","_tribe_ticket_show_description":"","_tribe_ticket_show_not_going":false,"_tribe_ticket_use_global_stock":"","_tribe_ticket_global_stock_level":"","_global_stock_mode":"","_global_stock_cap":"","_tribe_rsvp_for_event":"","_tribe_ticket_going_count":"","_tribe_ticket_not_going_count":"","_tribe_tickets_list":"[]","_tribe_ticket_has_attendee_info_fields":false,"footnotes":""},"categories":[31],"tags":[],"class_list":["post-12949","post","type-post","status-publish","format-standard","has-post-thumbnail","hentry","category-noticias-presidencia"],"_links":{"self":[{"href":"https:\/\/portal.segeplan.gob.gt\/segeplan\/index.php?rest_route=\/wp\/v2\/posts\/12949","targetHints":{"allow":["GET"]}}],"collection":[{"href":"https:\/\/portal.segeplan.gob.gt\/segeplan\/index.php?rest_route=\/wp\/v2\/posts"}],"about":[{"href":"https:\/\/portal.segeplan.gob.gt\/segeplan\/index.php?rest_route=\/wp\/v2\/types\/post"}],"author":[{"embeddable":true,"href":"https:\/\/portal.segeplan.gob.gt\/segeplan\/index.php?rest_route=\/wp\/v2\/users\/7"}],"replies":[{"embeddable":true,"href":"https:\/\/portal.segeplan.gob.gt\/segeplan\/index.php?rest_route=%2Fwp%2Fv2%2Fcomments&post=12949"}],"version-history":[{"count":2,"href":"https:\/\/portal.segeplan.gob.gt\/segeplan\/index.php?rest_route=\/wp\/v2\/posts\/12949\/revisions"}],"predecessor-version":[{"id":12954,"href":"https:\/\/portal.segeplan.gob.gt\/segeplan\/index.php?rest_route=\/wp\/v2\/posts\/12949\/revisions\/12954"}],"wp:featuredmedia":[{"embeddable":true,"href":"https:\/\/portal.segeplan.gob.gt\/segeplan\/index.php?rest_route=\/wp\/v2\/media\/12952"}],"wp:attachment":[{"href":"https:\/\/portal.segeplan.gob.gt\/segeplan\/index.php?rest_route=%2Fwp%2Fv2%2Fmedia&parent=12949"}],"wp:term":[{"taxonomy":"category","embeddable":true,"href":"https:\/\/portal.segeplan.gob.gt\/segeplan\/index.php?rest_route=%2Fwp%2Fv2%2Fcategories&post=12949"},{"taxonomy":"post_tag","embeddable":true,"href":"https:\/\/portal.segeplan.gob.gt\/segeplan\/index.php?rest_route=%2Fwp%2Fv2%2Ftags&post=12949"}],"curies":[{"name":"wp","href":"https:\/\/api.w.org\/{rel}","templated":true}]}}