{"id":13451,"date":"2025-07-04T14:26:25","date_gmt":"2025-07-04T20:26:25","guid":{"rendered":"https:\/\/portal.segeplan.gob.gt\/segeplan\/?p=13451"},"modified":"2025-07-04T14:49:06","modified_gmt":"2025-07-04T20:49:06","slug":"segeplan-presenta-modelo-innovador-para-preseleccion-de-candidatos-a-becas","status":"publish","type":"post","link":"https:\/\/portal.segeplan.gob.gt\/segeplan\/?p=13451","title":{"rendered":"SEGEPLAN presenta modelo innovador para preselecci\u00f3n de candidatos a becas"},"content":{"rendered":"<div class=\"fusion-fullwidth fullwidth-box fusion-builder-row-1 fusion-flex-container nonhundred-percent-fullwidth non-hundred-percent-height-scrolling\" style=\"background-color: rgba(255,255,255,0);background-position: center center;background-repeat: no-repeat;border-width: 0px 0px 0px 0px;border-color:#e2e2e2;border-style:solid;\" ><div class=\"fusion-builder-row fusion-row fusion-flex-align-items-flex-start\" style=\"max-width:1185.6px;margin-left: calc(-4% \/ 2 );margin-right: calc(-4% \/ 2 );\"><div class=\"fusion-layout-column fusion_builder_column fusion-builder-column-0 fusion_builder_column_1_1 1_1 fusion-flex-column\"><div class=\"fusion-column-wrapper fusion-flex-justify-content-flex-start fusion-content-layout-column\" style=\"background-position:left top;background-repeat:no-repeat;-webkit-background-size:cover;-moz-background-size:cover;-o-background-size:cover;background-size:cover;padding: 0px 0px 0px 0px;\"><div class=\"fusion-text fusion-text-1\"><p><strong>Guatemala, 4 de julio de 2025. <\/strong>La primera convocatoria del programa Becas por Nuestro Futuro tuvo una alta participaci\u00f3n de guatemaltecos y luego del an\u00e1lisis pertinente realizado por una plataforma inform\u00e1tica, se preseleccion\u00f3 a 1,548 personas para continuar con la siguiente fase.<\/p>\n<p>En la conferencia gubernamental de prensa \u201cLa Ronda\u201d, el secretario general de Planificaci\u00f3n, Carlos Mendoza, subray\u00f3 que la plataforma utilizada forma parte de un modelo innovador para preseleccionar a los candidatos considerando ciertos criterios.<\/p>\n<p>\u201cEl modelo de postulaci\u00f3n y evaluaci\u00f3n efectiva, incluyente y transparente es un hito de innovaci\u00f3n para la gesti\u00f3n de programas sociales del Estado\u201d, asegur\u00f3.<\/p>\n<div id=\"attachment_13452\" style=\"width: 1034px\" class=\"wp-caption aligncenter\"><img decoding=\"async\" aria-describedby=\"caption-attachment-13452\" class=\"lazyload size-large wp-image-13452\" src=\"https:\/\/portal.segeplan.gob.gt\/segeplan\/wp-content\/uploads\/2025\/07\/PRE-1.1-1024x682.jpg\" data-orig-src=\"https:\/\/portal.segeplan.gob.gt\/segeplan\/wp-content\/uploads\/2025\/07\/PRE-1.1-1024x682.jpg\" alt=\"\" width=\"1024\" height=\"682\" srcset=\"data:image\/svg+xml,%3Csvg%20xmlns%3D%27http%3A%2F%2Fwww.w3.org%2F2000%2Fsvg%27%20width%3D%271024%27%20height%3D%27682%27%20viewBox%3D%270%200%201024%20682%27%3E%3Crect%20width%3D%271024%27%20height%3D%27682%27%20fill-opacity%3D%220%22%2F%3E%3C%2Fsvg%3E\" data-srcset=\"https:\/\/portal.segeplan.gob.gt\/segeplan\/wp-content\/uploads\/2025\/07\/PRE-1.1-200x133.jpg 200w, https:\/\/portal.segeplan.gob.gt\/segeplan\/wp-content\/uploads\/2025\/07\/PRE-1.1-300x200.jpg 300w, https:\/\/portal.segeplan.gob.gt\/segeplan\/wp-content\/uploads\/2025\/07\/PRE-1.1-400x267.jpg 400w, https:\/\/portal.segeplan.gob.gt\/segeplan\/wp-content\/uploads\/2025\/07\/PRE-1.1-600x400.jpg 600w, https:\/\/portal.segeplan.gob.gt\/segeplan\/wp-content\/uploads\/2025\/07\/PRE-1.1-768x512.jpg 768w, https:\/\/portal.segeplan.gob.gt\/segeplan\/wp-content\/uploads\/2025\/07\/PRE-1.1-800x533.jpg 800w, https:\/\/portal.segeplan.gob.gt\/segeplan\/wp-content\/uploads\/2025\/07\/PRE-1.1-1024x682.jpg 1024w, https:\/\/portal.segeplan.gob.gt\/segeplan\/wp-content\/uploads\/2025\/07\/PRE-1.1-1200x800.jpg 1200w, https:\/\/portal.segeplan.gob.gt\/segeplan\/wp-content\/uploads\/2025\/07\/PRE-1.1-1536x1024.jpg 1536w\" data-sizes=\"auto\" data-orig-sizes=\"(max-width: 1024px) 100vw, 1024px\" \/><p id=\"caption-attachment-13452\" class=\"wp-caption-text\">Carlos Mendoza, secretario de Planificaci\u00f3n, particip\u00f3 este 4 de julio en La Ronda.<\/p><\/div>\n<p>La evaluaci\u00f3n de los m\u00e1s de 9,200 expedientes recibidos en la primera convocatoria se realiz\u00f3 a trav\u00e9s de una plataforma inform\u00e1tica que gener\u00f3 un ranking para la preselecci\u00f3n de las personas. Con esto, se redujo el sesgo humano en la preselecci\u00f3n de expedientes, se fortaleci\u00f3 la transparencia en el proceso y permiti\u00f3 la retroalimentaci\u00f3n automatizada a los postulantes.<\/p>\n<p>Ante esto, el funcionario agreg\u00f3 que la Secretar\u00eda de Planificaci\u00f3n y Programaci\u00f3n de la Presidencia (SEGEPLAN) recibi\u00f3 retroalimentaci\u00f3n de la Organizaci\u00f3n de las Naciones Unidas para la Educaci\u00f3n, la Ciencia y la Cultura (UNESCO) sobre el modelo utilizado, indicando que es \u00fanico en la regi\u00f3n por lo que podr\u00eda replicarse en otras instituciones p\u00fablicas guatemaltecas o de otras naciones.<\/p>\n<p>En cuanto a los criterios considerados en la preselecci\u00f3n, Mendoza detall\u00f3 que incluyeron la situaci\u00f3n econ\u00f3mica de los postulantes, su potencial acad\u00e9mico e impacto social y las carreras priorizadas para el desarrollo.<\/p>\n<p>Con estos criterios, se busc\u00f3 asegurar que los beneficiarios de Becas por Nuestro Futuro sean personas de alta vulnerabilidad socioecon\u00f3mica que no hayan podido iniciar, continuar o culminar sus estudios por esta raz\u00f3n.<\/p>\n<p>Luego de dar a conocer c\u00f3mo fue el proceso de preselecci\u00f3n de candidatos, el titular de SEGEPLAN anunci\u00f3 que durante julio las 1,548 personas recibir\u00e1n un correo notific\u00e1ndoles sobre su preselecci\u00f3n y los pasos siguientes que deben cumplir.<\/p>\n<p>\u201cQueremos que empiecen a preparar su papeler\u00eda de verificaci\u00f3n y validaci\u00f3n. En la plataforma electr\u00f3nica se les hizo una serie de preguntas y ahora que fueron preseleccionados le toca a SEGEPLAN verificar los datos: que sean las personas que dijeron, que tengan la situaci\u00f3n socioecon\u00f3mica que dijeron y que puedan demostrar su rendimiento acad\u00e9mico. En algunos casos haremos entrevistas cara a cara\u201d, detall\u00f3.<\/p>\n<p>No obstante, como resultado del modelo utilizado, los guatemaltecos que no fueron preseleccionados recibir\u00e1n un correo electr\u00f3nico que contiene una retroalimentaci\u00f3n sobre por qu\u00e9 no pertenecen al grupo preseleccionado. Esto les permitir\u00e1 aplicar en mejores condiciones en las siguientes convocatorias.<\/p>\n<div id=\"attachment_13453\" style=\"width: 1034px\" class=\"wp-caption aligncenter\"><img decoding=\"async\" aria-describedby=\"caption-attachment-13453\" class=\"lazyload size-large wp-image-13453\" src=\"https:\/\/portal.segeplan.gob.gt\/segeplan\/wp-content\/uploads\/2025\/07\/PRE-1.4-1024x682.jpg\" data-orig-src=\"https:\/\/portal.segeplan.gob.gt\/segeplan\/wp-content\/uploads\/2025\/07\/PRE-1.4-1024x682.jpg\" alt=\"\" width=\"1024\" height=\"682\" srcset=\"data:image\/svg+xml,%3Csvg%20xmlns%3D%27http%3A%2F%2Fwww.w3.org%2F2000%2Fsvg%27%20width%3D%271024%27%20height%3D%27682%27%20viewBox%3D%270%200%201024%20682%27%3E%3Crect%20width%3D%271024%27%20height%3D%27682%27%20fill-opacity%3D%220%22%2F%3E%3C%2Fsvg%3E\" data-srcset=\"https:\/\/portal.segeplan.gob.gt\/segeplan\/wp-content\/uploads\/2025\/07\/PRE-1.4-200x133.jpg 200w, https:\/\/portal.segeplan.gob.gt\/segeplan\/wp-content\/uploads\/2025\/07\/PRE-1.4-300x200.jpg 300w, https:\/\/portal.segeplan.gob.gt\/segeplan\/wp-content\/uploads\/2025\/07\/PRE-1.4-400x267.jpg 400w, https:\/\/portal.segeplan.gob.gt\/segeplan\/wp-content\/uploads\/2025\/07\/PRE-1.4-600x400.jpg 600w, https:\/\/portal.segeplan.gob.gt\/segeplan\/wp-content\/uploads\/2025\/07\/PRE-1.4-768x512.jpg 768w, https:\/\/portal.segeplan.gob.gt\/segeplan\/wp-content\/uploads\/2025\/07\/PRE-1.4-800x533.jpg 800w, https:\/\/portal.segeplan.gob.gt\/segeplan\/wp-content\/uploads\/2025\/07\/PRE-1.4-1024x682.jpg 1024w, https:\/\/portal.segeplan.gob.gt\/segeplan\/wp-content\/uploads\/2025\/07\/PRE-1.4-1200x800.jpg 1200w, https:\/\/portal.segeplan.gob.gt\/segeplan\/wp-content\/uploads\/2025\/07\/PRE-1.4-1536x1024.jpg 1536w, https:\/\/portal.segeplan.gob.gt\/segeplan\/wp-content\/uploads\/2025\/07\/PRE-1.4.jpg 1700w\" data-sizes=\"auto\" data-orig-sizes=\"(max-width: 1024px) 100vw, 1024px\" \/><p id=\"caption-attachment-13453\" class=\"wp-caption-text\">SEGEPLAN brind\u00f3 detalles a medios de comunicaci\u00f3n sobre la primera convocatoria de Becas por Nuestro Futuro.<\/p><\/div>\n<p><strong>Caracter\u00edsticas de los preseleccionados<\/strong><\/p>\n<p>Del total de preseleccionados, se determin\u00f3 que el 63 % fueron mujeres y 37 % fueron hombres; adem\u00e1s, se tuvo una alta participaci\u00f3n de j\u00f3venes, pues 89 % de postulantes eran personas menores de 34 a\u00f1os.<\/p>\n<p>En cuanto al inter\u00e9s de los postulantes, el 68 % aplic\u00f3 para obtener una beca para estudiar un pregrado, el 28 % quiere estudiar alg\u00fan curso t\u00e9cnico no universitario, mientras que el 4 % pretende estudiar un posgrado.<\/p>\n<p>Para los cursos t\u00e9cnicos no universitarios, las carreras m\u00e1s solicitadas se vinculaban con cuidados de la salud y auxiliar de enfermer\u00eda, cocina y reposter\u00eda y pasteler\u00eda. Las carreras m\u00e1s solicitadas en el nivel de pregrado fueron ingenier\u00edas, trabajo social y medicina y en el nivel de posgrado fueron formulaci\u00f3n y evaluaci\u00f3n de proyectos, gesti\u00f3n del talento humano y pol\u00edticas p\u00fablicas y educaci\u00f3n para el desarrollo.<\/p>\n<p>Los cinco departamentos que agrupan la mayor cantidad de preseleccionados son Guatemala, Alta Verapaz, Quich\u00e9, Chimaltenango y Huehuetenango.<\/p>\n<p><strong>Segunda convocatoria <\/strong><\/p>\n<p>La segunda convocatoria del programa Becas por Nuestro Futuro est\u00e1 vigente del 1 al 31 de julio. La aplicaci\u00f3n debe realizarse a trav\u00e9s de la p\u00e1gina becasnuestrofuturo.gob.gt.<\/p>\n<p>Para promover el inter\u00e9s de j\u00f3venes en carreras t\u00e9cnicas no universitarias vinculadas con tecnolog\u00eda, SEGEPLAN efectu\u00f3 una gira por los departamentos de Totonicap\u00e1n, Izabal y El Progreso.<\/p>\n<blockquote class=\"twitter-tweet\">\n<p dir=\"ltr\" lang=\"es\">\u261d\ufe0fUtilizando un modelo innovador en la regi\u00f3n, se preseleccion\u00f3 a los candidatos que aplicaron a la primera convocatoria de <a href=\"https:\/\/twitter.com\/hashtag\/BecasPorNuestroFuturo?src=hash&amp;ref_src=twsrc%5Etfw\">#BecasPorNuestroFuturo<\/a> \ud83c\udf93\u2728<\/p>\n<p>En <a href=\"https:\/\/twitter.com\/hashtag\/LaRonda?src=hash&amp;ref_src=twsrc%5Etfw\">#LaRonda<\/a>, el secretario de Planificaci\u00f3n Carlos Mendoza expres\u00f3 que el modelo de postulaci\u00f3n y evaluaci\u00f3n utilizado\u2026 <a href=\"https:\/\/t.co\/scrnlDz3Mi\">pic.twitter.com\/scrnlDz3Mi<\/a><\/p>\n<p>\u2014 SEGEPLAN (@Segeplan) <a href=\"https:\/\/twitter.com\/Segeplan\/status\/1941202706007458237?ref_src=twsrc%5Etfw\">July 4, 2025<\/a><\/p>\n<\/blockquote>\n<p><script async src=\"https:\/\/platform.twitter.com\/widgets.js\" charset=\"utf-8\"><\/script><\/p>\n<\/div><\/div><style type=\"text\/css\">.fusion-body .fusion-builder-column-0{width:100% !important;margin-top : 0px;margin-bottom : 0px;}.fusion-builder-column-0 > .fusion-column-wrapper {padding-top : 0px !important;padding-right : 0px !important;margin-right : 1.92%;padding-bottom : 0px !important;padding-left : 0px !important;margin-left : 1.92%;}@media only screen and (max-width:1024px) {.fusion-body .fusion-builder-column-0{width:100% !important;}.fusion-builder-column-0 > .fusion-column-wrapper {margin-right : 1.92%;margin-left : 1.92%;}}@media only screen and (max-width:640px) {.fusion-body .fusion-builder-column-0{width:100% !important;}.fusion-builder-column-0 > .fusion-column-wrapper {margin-right : 1.92%;margin-left : 1.92%;}}<\/style><\/div><\/div><style type=\"text\/css\">.fusion-body .fusion-flex-container.fusion-builder-row-1{ padding-top : 0px;margin-top : 0px;padding-right : 0px;padding-bottom : 0px;margin-bottom : 0px;padding-left : 0px;}<\/style><\/div>\n<div class=\"pvc_clear\"><\/div>\n<p id=\"pvc_stats_13451\" class=\"pvc_stats all  \" data-element-id=\"13451\" style=\"\"><i class=\"pvc-stats-icon small\" aria-hidden=\"true\"><svg xmlns=\"http:\/\/www.w3.org\/2000\/svg\" version=\"1.0\" viewBox=\"0 0 502 315\" preserveAspectRatio=\"xMidYMid meet\"><g transform=\"translate(0,332) scale(0.1,-0.1)\" fill=\"\" stroke=\"none\"><path d=\"M2394 3279 l-29 -30 -3 -207 c-2 -182 0 -211 15 -242 39 -76 157 -76 196 0 15 31 17 60 15 243 l-3 209 -33 29 c-26 23 -41 29 -80 29 -41 0 -53 -5 -78 -31z\"\/><path d=\"M3085 3251 c-45 -19 -58 -50 -96 -229 -47 -217 -49 -260 -13 -295 52 -53 146 -42 177 20 16 31 87 366 87 410 0 70 -86 122 -155 94z\"\/><path d=\"M1751 3234 c-13 -9 -29 -31 -37 -50 -12 -29 -10 -49 21 -204 19 -94 39 -189 45 -210 14 -50 54 -80 110 -80 34 0 48 6 76 34 21 21 34 44 34 59 0 14 -18 113 -40 219 -37 178 -43 195 -70 221 -36 32 -101 37 -139 11z\"\/><path d=\"M1163 3073 c-36 -7 -73 -59 -73 -102 0 -56 133 -378 171 -413 34 -32 83 -37 129 -13 70 36 67 87 -16 290 -86 209 -89 214 -129 231 -35 14 -42 15 -82 7z\"\/><path d=\"M3689 3066 c-15 -9 -33 -30 -42 -48 -48 -103 -147 -355 -147 -375 0 -98 131 -148 192 -74 13 15 57 108 97 206 80 196 84 226 37 273 -30 30 -99 39 -137 18z\"\/><path d=\"M583 2784 c-38 -19 -67 -74 -58 -113 9 -42 211 -354 242 -373 16 -10 45 -18 66 -18 51 0 107 52 107 100 0 39 -1 41 -124 234 -80 126 -108 162 -133 173 -41 17 -61 16 -100 -3z\"\/><path d=\"M4250 2784 c-14 -9 -74 -91 -133 -183 -95 -150 -107 -173 -107 -213 0 -55 33 -94 87 -104 67 -13 90 8 211 198 130 202 137 225 78 284 -27 27 -42 34 -72 34 -22 0 -50 -8 -64 -16z\"\/><path d=\"M2275 2693 c-553 -48 -1095 -270 -1585 -649 -135 -104 -459 -423 -483 -476 -23 -49 -22 -139 2 -186 73 -142 361 -457 571 -626 285 -228 642 -407 990 -497 242 -63 336 -73 660 -74 310 0 370 5 595 52 535 111 1045 392 1455 803 122 121 250 273 275 326 19 41 19 137 0 174 -41 79 -309 363 -465 492 -447 370 -946 591 -1479 653 -113 14 -422 18 -536 8z m395 -428 c171 -34 330 -124 456 -258 112 -119 167 -219 211 -378 27 -96 24 -300 -5 -401 -72 -255 -236 -447 -474 -557 -132 -62 -201 -76 -368 -76 -167 0 -236 14 -368 76 -213 98 -373 271 -451 485 -162 444 86 934 547 1084 153 49 292 57 452 25z m909 -232 c222 -123 408 -262 593 -441 76 -74 138 -139 138 -144 0 -16 -233 -242 -330 -319 -155 -123 -309 -223 -461 -299 l-81 -41 32 46 c18 26 49 83 70 128 143 306 141 649 -6 957 -25 52 -61 116 -79 142 l-34 47 45 -20 c26 -10 76 -36 113 -56z m-2057 25 c-40 -58 -105 -190 -130 -263 -110 -324 -59 -707 132 -981 25 -35 42 -64 37 -64 -19 0 -241 119 -326 174 -188 122 -406 314 -532 468 l-58 71 108 103 c185 178 428 349 672 473 66 33 121 60 123 61 2 0 -10 -19 -26 -42z\"\/><path d=\"M2375 1950 c-198 -44 -350 -190 -395 -379 -18 -76 -8 -221 19 -290 114 -284 457 -406 731 -260 98 52 188 154 231 260 27 69 37 214 19 290 -38 163 -166 304 -326 360 -67 23 -215 33 -279 19z\"\/><\/g><\/svg><\/i> <img class=\"lazyload\" decoding=\"async\" width=\"16\" height=\"16\" alt=\"Loading\" src=\"data:image\/svg+xml,%3Csvg%20xmlns%3D%27http%3A%2F%2Fwww.w3.org%2F2000%2Fsvg%27%20width%3D%2716%27%20height%3D%2716%27%20viewBox%3D%270%200%2016%2016%27%3E%3Crect%20width%3D%2716%27%20height%3D%2716%27%20fill-opacity%3D%220%22%2F%3E%3C%2Fsvg%3E\" data-orig-src=\"https:\/\/portal.segeplan.gob.gt\/segeplan\/wp-content\/plugins\/page-views-count\/ajax-loader-2x.gif\" border=0 \/><\/p>\n<div class=\"pvc_clear\"><\/div>\n","protected":false},"excerpt":{"rendered":"","protected":false},"author":7,"featured_media":13454,"comment_status":"open","ping_status":"open","sticky":false,"template":"","format":"standard","meta":{"_price":"","_stock":"","_tribe_ticket_header":"","_tribe_default_ticket_provider":"","_ticket_start_date":"","_ticket_end_date":"","_tribe_ticket_show_description":"","_tribe_ticket_show_not_going":false,"_tribe_ticket_use_global_stock":"","_tribe_ticket_global_stock_level":"","_global_stock_mode":"","_global_stock_cap":"","_tribe_rsvp_for_event":"","_tribe_ticket_going_count":"","_tribe_ticket_not_going_count":"","_tribe_tickets_list":"[]","_tribe_ticket_has_attendee_info_fields":false,"footnotes":""},"categories":[31],"tags":[],"class_list":["post-13451","post","type-post","status-publish","format-standard","has-post-thumbnail","hentry","category-noticias-presidencia"],"_links":{"self":[{"href":"https:\/\/portal.segeplan.gob.gt\/segeplan\/index.php?rest_route=\/wp\/v2\/posts\/13451","targetHints":{"allow":["GET"]}}],"collection":[{"href":"https:\/\/portal.segeplan.gob.gt\/segeplan\/index.php?rest_route=\/wp\/v2\/posts"}],"about":[{"href":"https:\/\/portal.segeplan.gob.gt\/segeplan\/index.php?rest_route=\/wp\/v2\/types\/post"}],"author":[{"embeddable":true,"href":"https:\/\/portal.segeplan.gob.gt\/segeplan\/index.php?rest_route=\/wp\/v2\/users\/7"}],"replies":[{"embeddable":true,"href":"https:\/\/portal.segeplan.gob.gt\/segeplan\/index.php?rest_route=%2Fwp%2Fv2%2Fcomments&post=13451"}],"version-history":[{"count":1,"href":"https:\/\/portal.segeplan.gob.gt\/segeplan\/index.php?rest_route=\/wp\/v2\/posts\/13451\/revisions"}],"predecessor-version":[{"id":13455,"href":"https:\/\/portal.segeplan.gob.gt\/segeplan\/index.php?rest_route=\/wp\/v2\/posts\/13451\/revisions\/13455"}],"wp:featuredmedia":[{"embeddable":true,"href":"https:\/\/portal.segeplan.gob.gt\/segeplan\/index.php?rest_route=\/wp\/v2\/media\/13454"}],"wp:attachment":[{"href":"https:\/\/portal.segeplan.gob.gt\/segeplan\/index.php?rest_route=%2Fwp%2Fv2%2Fmedia&parent=13451"}],"wp:term":[{"taxonomy":"category","embeddable":true,"href":"https:\/\/portal.segeplan.gob.gt\/segeplan\/index.php?rest_route=%2Fwp%2Fv2%2Fcategories&post=13451"},{"taxonomy":"post_tag","embeddable":true,"href":"https:\/\/portal.segeplan.gob.gt\/segeplan\/index.php?rest_route=%2Fwp%2Fv2%2Ftags&post=13451"}],"curies":[{"name":"wp","href":"https:\/\/api.w.org\/{rel}","templated":true}]}}