{"id":13546,"date":"2025-07-21T10:43:43","date_gmt":"2025-07-21T16:43:43","guid":{"rendered":"https:\/\/portal.segeplan.gob.gt\/segeplan\/?p=13546"},"modified":"2025-07-21T10:43:43","modified_gmt":"2025-07-21T16:43:43","slug":"guatemala-presenta-el-v-informe-de-la-revision-nacional-voluntaria-rnv-ante-naciones-unidas","status":"publish","type":"post","link":"https:\/\/portal.segeplan.gob.gt\/segeplan\/?p=13546","title":{"rendered":"Guatemala presenta el V Informe de la Revisi\u00f3n Nacional Voluntaria (RNV) ante Naciones Unidas"},"content":{"rendered":"<div class=\"fusion-fullwidth fullwidth-box fusion-builder-row-1 fusion-flex-container nonhundred-percent-fullwidth non-hundred-percent-height-scrolling\" style=\"background-color: rgba(255,255,255,0);background-position: center center;background-repeat: no-repeat;border-width: 0px 0px 0px 0px;border-color:#e2e2e2;border-style:solid;\" ><div class=\"fusion-builder-row fusion-row fusion-flex-align-items-flex-start\" style=\"max-width:1185.6px;margin-left: calc(-4% \/ 2 );margin-right: calc(-4% \/ 2 );\"><div class=\"fusion-layout-column fusion_builder_column fusion-builder-column-0 fusion_builder_column_1_1 1_1 fusion-flex-column\"><div class=\"fusion-column-wrapper fusion-flex-justify-content-flex-start fusion-content-layout-column\" style=\"background-position:left top;background-repeat:no-repeat;-webkit-background-size:cover;-moz-background-size:cover;-o-background-size:cover;background-size:cover;padding: 0px 0px 0px 0px;\"><div class=\"fusion-text fusion-text-1\"><p><strong>Guatemala, 21 de julio de 2025<\/strong>. Nuestro pa\u00eds expuso el V Informe de la Revisi\u00f3n Nacional Voluntaria (RNV) ante el Foro Pol\u00edtico de Alto Nivel de las Naciones Unidas sobre el Desarrollo Sostenible (FPAN), en Nueva York, EE. UU, elaborado con un fuerte respaldo de la ciudadan\u00eda, en el que se presentaron los avances y retos en el cumplimiento de los Objetivos de Desarrollo Sostenible (ODS).<\/p>\n<p>La presentaci\u00f3n estuvo a cargo de Carlos Mendoza Alvarado, titular de la Secretar\u00eda de Planificaci\u00f3n y Programaci\u00f3n de la Presidencia (SEGEPLAN), instituci\u00f3n que coordin\u00f3 la elaboraci\u00f3n del informe y la Secretaria Presidencial de la Mujer, Ana Prudencia L\u00f3pez.<\/p>\n<p>\u201cHoy entregamos al mundo un ejercicio de transparencia y compromiso\u201d expres\u00f3 Mendoza, agregando que \u201cm\u00e1s de 120 organizaciones de la sociedad civil: juventudes, pueblos ind\u00edgenas, mujeres, sector privado, cooperaci\u00f3n internacional y academia participaron en su construcci\u00f3n\u201d. Esto se comprueba con el hecho de que se registr\u00f3 un incremento del 372 por ciento en la participaci\u00f3n de la sociedad civil respecto a 2021.<\/p>\n<div id=\"attachment_13547\" style=\"width: 1034px\" class=\"wp-caption aligncenter\"><img decoding=\"async\" aria-describedby=\"caption-attachment-13547\" class=\"lazyload size-large wp-image-13547\" src=\"https:\/\/portal.segeplan.gob.gt\/segeplan\/wp-content\/uploads\/2025\/07\/WhatsApp-Image-2025-07-21-at-09.49.04-3-1024x683.jpeg\" data-orig-src=\"https:\/\/portal.segeplan.gob.gt\/segeplan\/wp-content\/uploads\/2025\/07\/WhatsApp-Image-2025-07-21-at-09.49.04-3-1024x683.jpeg\" alt=\"\" width=\"1024\" height=\"683\" srcset=\"data:image\/svg+xml,%3Csvg%20xmlns%3D%27http%3A%2F%2Fwww.w3.org%2F2000%2Fsvg%27%20width%3D%271024%27%20height%3D%27683%27%20viewBox%3D%270%200%201024%20683%27%3E%3Crect%20width%3D%271024%27%20height%3D%27683%27%20fill-opacity%3D%220%22%2F%3E%3C%2Fsvg%3E\" data-srcset=\"https:\/\/portal.segeplan.gob.gt\/segeplan\/wp-content\/uploads\/2025\/07\/WhatsApp-Image-2025-07-21-at-09.49.04-3-200x133.jpeg 200w, https:\/\/portal.segeplan.gob.gt\/segeplan\/wp-content\/uploads\/2025\/07\/WhatsApp-Image-2025-07-21-at-09.49.04-3-300x200.jpeg 300w, https:\/\/portal.segeplan.gob.gt\/segeplan\/wp-content\/uploads\/2025\/07\/WhatsApp-Image-2025-07-21-at-09.49.04-3-400x267.jpeg 400w, https:\/\/portal.segeplan.gob.gt\/segeplan\/wp-content\/uploads\/2025\/07\/WhatsApp-Image-2025-07-21-at-09.49.04-3-600x400.jpeg 600w, https:\/\/portal.segeplan.gob.gt\/segeplan\/wp-content\/uploads\/2025\/07\/WhatsApp-Image-2025-07-21-at-09.49.04-3-768x512.jpeg 768w, https:\/\/portal.segeplan.gob.gt\/segeplan\/wp-content\/uploads\/2025\/07\/WhatsApp-Image-2025-07-21-at-09.49.04-3-800x534.jpeg 800w, https:\/\/portal.segeplan.gob.gt\/segeplan\/wp-content\/uploads\/2025\/07\/WhatsApp-Image-2025-07-21-at-09.49.04-3-1024x683.jpeg 1024w, https:\/\/portal.segeplan.gob.gt\/segeplan\/wp-content\/uploads\/2025\/07\/WhatsApp-Image-2025-07-21-at-09.49.04-3-1200x800.jpeg 1200w, https:\/\/portal.segeplan.gob.gt\/segeplan\/wp-content\/uploads\/2025\/07\/WhatsApp-Image-2025-07-21-at-09.49.04-3.jpeg 1408w\" data-sizes=\"auto\" data-orig-sizes=\"(max-width: 1024px) 100vw, 1024px\" \/><p id=\"caption-attachment-13547\" class=\"wp-caption-text\">Los secretarios estuvieron acompa\u00f1ados por otros integrantes de delegaci\u00f3n, entre ellos equipo t\u00e9cnico de SEGEPLAN.<\/p><\/div>\n<p>Agreg\u00f3 que el informe no es un documento t\u00e9cnico aislado, sino el reflejo de un proceso amplio, participativo y riguroso, que da cuenta de los avances, desaf\u00edos y decisiones estrat\u00e9gicas que Guatemala asumi\u00f3 como Estado para cumplir con los ODS.<\/p>\n<p>Tambi\u00e9n destac\u00f3 que se realiz\u00f3 por segunda vez una Revisi\u00f3n Subnacional Voluntaria en los municipios de Cuilco y San Pedro Necta, Huehuetenango, un territorio que \u201cpresenta muchos de nuestros contrastes: la riqueza cultural y grandes capacidades comunitarias, pero tambi\u00e9n realidades persistentes de pobreza y exclusi\u00f3n\u201d.<\/p>\n<p>La titular de la SEPREM, por su parte, indic\u00f3 que Guatemala reconoce que el desarrollo sostenible solo ser\u00e1 posible \u201csi fortalecemos nuestro trabajo en asesor\u00eda para impulsar pol\u00edticas p\u00fablicas con el fin de erradicar las relaciones de desigualdades estructurales que afectan las mujeres, especialmente a las ind\u00edgenas y rurales\u201d. Adem\u00e1s, resalt\u00f3 que no se puede alcanzar la agenda 2030 sin el principio de igualdad entre hombres y mujeres y sin el pleno respeto de los derechos individuales y colectivos de los pueblos ind\u00edgenas.<\/p>\n<p>El V Informe de la RNV, establece el avance de Guatemala en cuanto al logro de cinco ODS priorizados: 3 Salud y Bienestar, 5 Igualdad de G\u00e9nero, 8 Trabajo Decente y Crecimiento Econ\u00f3mico, 15 Vida Submarina y 17 Alianzas para Lograr los Objetivos.<\/p>\n<p><strong>Avances \u00a0<\/strong><\/p>\n<ul>\n<li><strong>ODS 3. Salud y bienestar<\/strong>. La raz\u00f3n de muertes maternas se redujo de 108 a 85 por cada 10,000 ni\u00f1os nacidos vivos; la tasa de fecundidad baj\u00f3 de 83 a 67 adolescente de 15 a 19 a\u00f1os, por cada 1000 mujeres de ese grupo de edad; se consolid\u00f3 el ordenamiento territorial de los servicios de salud y la vinculaci\u00f3n poblacional para mejorar la cobertura y calidad en la atenci\u00f3n.<\/li>\n<li><strong>ODS 5. Igualdad de G\u00e9nero<\/strong>. Guatemala ascendi\u00f3 24 posiciones en el \u00cdndice Global de G\u00e9nero, se impuls\u00f3 la estrategia de nivelaci\u00f3n de aprendizajes con enfoque de g\u00e9nero, as\u00ed como mecanismos protectores para v\u00edctimas de violencia y acciones inclusivas para mujeres en el acceso a tierras y toma de decisiones.<\/li>\n<li><strong>ODS 8. Trabajo Decente y Crecimiento Econ\u00f3mico. <\/strong>Se promovi\u00f3 la formaci\u00f3n en competencias t\u00e9cnico profesionales, becas laborales y verificaci\u00f3n del cumplimiento de la legislaci\u00f3n laboral; en inclusi\u00f3n laboral se avanz\u00f3 con 17,427 vacantes gestionadas para personas con discapacidades.<\/li>\n<li><strong>ODS 14. Vida Submarina<\/strong>. El pa\u00eds progres\u00f3 en la conservaci\u00f3n de zonas marino costeras y ordenamiento pesquero. Persisten desaf\u00edos como la contaminaci\u00f3n.<\/li>\n<li><strong>ODS 17. Alianzas para los Objetivos.<\/strong> Con un incremento anual promedio mayor al 15 por ciento. se aument\u00f3 la recaudaci\u00f3n fiscal durante tres a\u00f1os, consecutivos fortaleciendo la sostenibilidad de la deuda p\u00fablica (hoy la del nivel m\u00e1s bajo en Centroam\u00e9rica) se vigoriz\u00f3 la cooperaci\u00f3n internacional, la movilizaci\u00f3n de recursos y las plataformas estad\u00edsticas.<\/li>\n<\/ul>\n<div id=\"attachment_13548\" style=\"width: 1034px\" class=\"wp-caption aligncenter\"><img decoding=\"async\" aria-describedby=\"caption-attachment-13548\" class=\"lazyload size-large wp-image-13548\" src=\"https:\/\/portal.segeplan.gob.gt\/segeplan\/wp-content\/uploads\/2025\/07\/WhatsApp-Image-2025-07-21-at-09.49.04-2-1024x682.jpeg\" data-orig-src=\"https:\/\/portal.segeplan.gob.gt\/segeplan\/wp-content\/uploads\/2025\/07\/WhatsApp-Image-2025-07-21-at-09.49.04-2-1024x682.jpeg\" alt=\"\" width=\"1024\" height=\"682\" srcset=\"data:image\/svg+xml,%3Csvg%20xmlns%3D%27http%3A%2F%2Fwww.w3.org%2F2000%2Fsvg%27%20width%3D%271024%27%20height%3D%27682%27%20viewBox%3D%270%200%201024%20682%27%3E%3Crect%20width%3D%271024%27%20height%3D%27682%27%20fill-opacity%3D%220%22%2F%3E%3C%2Fsvg%3E\" data-srcset=\"https:\/\/portal.segeplan.gob.gt\/segeplan\/wp-content\/uploads\/2025\/07\/WhatsApp-Image-2025-07-21-at-09.49.04-2-200x133.jpeg 200w, https:\/\/portal.segeplan.gob.gt\/segeplan\/wp-content\/uploads\/2025\/07\/WhatsApp-Image-2025-07-21-at-09.49.04-2-300x200.jpeg 300w, https:\/\/portal.segeplan.gob.gt\/segeplan\/wp-content\/uploads\/2025\/07\/WhatsApp-Image-2025-07-21-at-09.49.04-2-400x267.jpeg 400w, https:\/\/portal.segeplan.gob.gt\/segeplan\/wp-content\/uploads\/2025\/07\/WhatsApp-Image-2025-07-21-at-09.49.04-2-600x400.jpeg 600w, https:\/\/portal.segeplan.gob.gt\/segeplan\/wp-content\/uploads\/2025\/07\/WhatsApp-Image-2025-07-21-at-09.49.04-2-768x512.jpeg 768w, https:\/\/portal.segeplan.gob.gt\/segeplan\/wp-content\/uploads\/2025\/07\/WhatsApp-Image-2025-07-21-at-09.49.04-2-800x533.jpeg 800w, https:\/\/portal.segeplan.gob.gt\/segeplan\/wp-content\/uploads\/2025\/07\/WhatsApp-Image-2025-07-21-at-09.49.04-2-1024x682.jpeg 1024w, https:\/\/portal.segeplan.gob.gt\/segeplan\/wp-content\/uploads\/2025\/07\/WhatsApp-Image-2025-07-21-at-09.49.04-2-1200x800.jpeg 1200w, https:\/\/portal.segeplan.gob.gt\/segeplan\/wp-content\/uploads\/2025\/07\/WhatsApp-Image-2025-07-21-at-09.49.04-2.jpeg 1208w\" data-sizes=\"auto\" data-orig-sizes=\"(max-width: 1024px) 100vw, 1024px\" \/><p id=\"caption-attachment-13548\" class=\"wp-caption-text\">Delegaci\u00f3n que represent\u00f3 a Guatemala en el Foro Pol\u00edtico de Alto Nivel.<\/p><\/div>\n<p><strong>Desaf\u00edos<\/strong><\/p>\n<ul>\n<li>El Secretario de Planificaci\u00f3n, Carlos Mendoza, se\u00f1al\u00f3 que a pesar de los avances, Guatemala tambi\u00e9n tiene desaf\u00edos que no se pueden ignorar:<\/li>\n<li>Persisten profundas desigualdades sociales y territoriales que golpean especialmente a los pueblos ind\u00edgenas, mujeres rurales y las juventudes.<\/li>\n<li>Se tiene a\u00fan una inversi\u00f3n p\u00fablica limitada, que restringe la cobertura de servicios esenciales como salud y educaci\u00f3n, reproduciendo as\u00ed brechas hist\u00f3ricas.<\/li>\n<li>La d\u00e9bil articulaci\u00f3n entre planificaci\u00f3n, presupuesto y ejecuci\u00f3n limita la capacidad de respuesta efectiva y oportuna.<\/li>\n<li>El pa\u00eds enfrenta la insuficiente producci\u00f3n y uso de datos desagregados fundamentales para dise\u00f1ar pol\u00edticas basadas en evidencia y focalizadas en quienes m\u00e1s lo necesitan.<\/li>\n<li>El informe destaca que, aunque se han logrado avances en la reducci\u00f3n de la mortalidad materna y neonatal, persisten retrocesos en indicadores clave en materia de salud, g\u00e9nero, brecha salarial, econom\u00eda, empleo y medio ambiente.<\/li>\n<li>No obstante, se ha fortalecido la institucionalidad p\u00fablica con mecanismos de transparencia, participaci\u00f3n social y trabajo intersectorial.<\/li>\n<li>Sin embargo, se est\u00e1n construyendo capacidades en el Sistema Nacional de Planificaci\u00f3n para que cada decisi\u00f3n de pol\u00edtica p\u00fablica est\u00e9 guiada por datos y prioridades reales de nuestro pueblo.<\/li>\n<\/ul>\n<p>El titular de SEGEPLAN cerr\u00f3 su participaci\u00f3n se\u00f1alando que este V Informe de RNV es m\u00e1s que una rendici\u00f3n de cuentas, \u201ces una invitaci\u00f3n a transformar nuestro presente y nuestro futuro, pero sabemos que no podemos resolver solos estos desaf\u00edos\u201d. En sentido indic\u00f3 que \u201cnecesitamos de alianzas genuinas, innovaci\u00f3n institucional y el respaldo de la comunidad internacional\u201d.<\/p>\n<p>Mendoza finaliz\u00f3 indicando que Guatemala reafirma hoy su compromiso con los ODS, y que para ello \u201cvamos a continuar derribando las barreras de la desigualdad, fortaleciendo la transparencia y acercando la planificaci\u00f3n y la inversi\u00f3n p\u00fablica a las necesidades de nuestros territorios y de las personas m\u00e1s vulnerables\u201d.<\/p>\n<blockquote class=\"twitter-tweet\">\n<p dir=\"ltr\" lang=\"es\">El V Informe de Revisi\u00f3n Nacional Voluntaria presenta los avances en 88 indicadores relacionados con 5 Objetivos de Desarrollo Sostenible (<a href=\"https:\/\/twitter.com\/hashtag\/ODS?src=hash&amp;ref_src=twsrc%5Etfw\">#ODS<\/a>). <a href=\"https:\/\/twitter.com\/hashtag\/EnSEGEPLANtenemosLosDatos?src=hash&amp;ref_src=twsrc%5Etfw\">#EnSEGEPLANtenemosLosDatos<\/a>\ud83d\udcca <a href=\"https:\/\/t.co\/liQGs3y0KG\">pic.twitter.com\/liQGs3y0KG<\/a><\/p>\n<p>\u2014 SEGEPLAN (@Segeplan) <a href=\"https:\/\/twitter.com\/Segeplan\/status\/1947029492368588904?ref_src=twsrc%5Etfw\">July 20, 2025<\/a><\/p>\n<\/blockquote>\n<p><script async src=\"https:\/\/platform.twitter.com\/widgets.js\" charset=\"utf-8\"><\/script><\/p>\n<\/div><\/div><style type=\"text\/css\">.fusion-body .fusion-builder-column-0{width:100% !important;margin-top : 0px;margin-bottom : 0px;}.fusion-builder-column-0 > .fusion-column-wrapper {padding-top : 0px !important;padding-right : 0px !important;margin-right : 1.92%;padding-bottom : 0px !important;padding-left : 0px !important;margin-left : 1.92%;}@media only screen and (max-width:1024px) {.fusion-body .fusion-builder-column-0{width:100% !important;}.fusion-builder-column-0 > .fusion-column-wrapper {margin-right : 1.92%;margin-left : 1.92%;}}@media only screen and (max-width:640px) {.fusion-body .fusion-builder-column-0{width:100% !important;}.fusion-builder-column-0 > .fusion-column-wrapper {margin-right : 1.92%;margin-left : 1.92%;}}<\/style><\/div><\/div><style type=\"text\/css\">.fusion-body .fusion-flex-container.fusion-builder-row-1{ padding-top : 0px;margin-top : 0px;padding-right : 0px;padding-bottom : 0px;margin-bottom : 0px;padding-left : 0px;}<\/style><\/div>\n<div class=\"pvc_clear\"><\/div>\n<p id=\"pvc_stats_13546\" class=\"pvc_stats all  \" data-element-id=\"13546\" style=\"\"><i class=\"pvc-stats-icon small\" aria-hidden=\"true\"><svg xmlns=\"http:\/\/www.w3.org\/2000\/svg\" version=\"1.0\" viewBox=\"0 0 502 315\" preserveAspectRatio=\"xMidYMid meet\"><g transform=\"translate(0,332) scale(0.1,-0.1)\" fill=\"\" stroke=\"none\"><path d=\"M2394 3279 l-29 -30 -3 -207 c-2 -182 0 -211 15 -242 39 -76 157 -76 196 0 15 31 17 60 15 243 l-3 209 -33 29 c-26 23 -41 29 -80 29 -41 0 -53 -5 -78 -31z\"\/><path d=\"M3085 3251 c-45 -19 -58 -50 -96 -229 -47 -217 -49 -260 -13 -295 52 -53 146 -42 177 20 16 31 87 366 87 410 0 70 -86 122 -155 94z\"\/><path d=\"M1751 3234 c-13 -9 -29 -31 -37 -50 -12 -29 -10 -49 21 -204 19 -94 39 -189 45 -210 14 -50 54 -80 110 -80 34 0 48 6 76 34 21 21 34 44 34 59 0 14 -18 113 -40 219 -37 178 -43 195 -70 221 -36 32 -101 37 -139 11z\"\/><path d=\"M1163 3073 c-36 -7 -73 -59 -73 -102 0 -56 133 -378 171 -413 34 -32 83 -37 129 -13 70 36 67 87 -16 290 -86 209 -89 214 -129 231 -35 14 -42 15 -82 7z\"\/><path d=\"M3689 3066 c-15 -9 -33 -30 -42 -48 -48 -103 -147 -355 -147 -375 0 -98 131 -148 192 -74 13 15 57 108 97 206 80 196 84 226 37 273 -30 30 -99 39 -137 18z\"\/><path d=\"M583 2784 c-38 -19 -67 -74 -58 -113 9 -42 211 -354 242 -373 16 -10 45 -18 66 -18 51 0 107 52 107 100 0 39 -1 41 -124 234 -80 126 -108 162 -133 173 -41 17 -61 16 -100 -3z\"\/><path d=\"M4250 2784 c-14 -9 -74 -91 -133 -183 -95 -150 -107 -173 -107 -213 0 -55 33 -94 87 -104 67 -13 90 8 211 198 130 202 137 225 78 284 -27 27 -42 34 -72 34 -22 0 -50 -8 -64 -16z\"\/><path d=\"M2275 2693 c-553 -48 -1095 -270 -1585 -649 -135 -104 -459 -423 -483 -476 -23 -49 -22 -139 2 -186 73 -142 361 -457 571 -626 285 -228 642 -407 990 -497 242 -63 336 -73 660 -74 310 0 370 5 595 52 535 111 1045 392 1455 803 122 121 250 273 275 326 19 41 19 137 0 174 -41 79 -309 363 -465 492 -447 370 -946 591 -1479 653 -113 14 -422 18 -536 8z m395 -428 c171 -34 330 -124 456 -258 112 -119 167 -219 211 -378 27 -96 24 -300 -5 -401 -72 -255 -236 -447 -474 -557 -132 -62 -201 -76 -368 -76 -167 0 -236 14 -368 76 -213 98 -373 271 -451 485 -162 444 86 934 547 1084 153 49 292 57 452 25z m909 -232 c222 -123 408 -262 593 -441 76 -74 138 -139 138 -144 0 -16 -233 -242 -330 -319 -155 -123 -309 -223 -461 -299 l-81 -41 32 46 c18 26 49 83 70 128 143 306 141 649 -6 957 -25 52 -61 116 -79 142 l-34 47 45 -20 c26 -10 76 -36 113 -56z m-2057 25 c-40 -58 -105 -190 -130 -263 -110 -324 -59 -707 132 -981 25 -35 42 -64 37 -64 -19 0 -241 119 -326 174 -188 122 -406 314 -532 468 l-58 71 108 103 c185 178 428 349 672 473 66 33 121 60 123 61 2 0 -10 -19 -26 -42z\"\/><path d=\"M2375 1950 c-198 -44 -350 -190 -395 -379 -18 -76 -8 -221 19 -290 114 -284 457 -406 731 -260 98 52 188 154 231 260 27 69 37 214 19 290 -38 163 -166 304 -326 360 -67 23 -215 33 -279 19z\"\/><\/g><\/svg><\/i> <img class=\"lazyload\" decoding=\"async\" width=\"16\" height=\"16\" alt=\"Loading\" src=\"data:image\/svg+xml,%3Csvg%20xmlns%3D%27http%3A%2F%2Fwww.w3.org%2F2000%2Fsvg%27%20width%3D%2716%27%20height%3D%2716%27%20viewBox%3D%270%200%2016%2016%27%3E%3Crect%20width%3D%2716%27%20height%3D%2716%27%20fill-opacity%3D%220%22%2F%3E%3C%2Fsvg%3E\" data-orig-src=\"https:\/\/portal.segeplan.gob.gt\/segeplan\/wp-content\/plugins\/page-views-count\/ajax-loader-2x.gif\" border=0 \/><\/p>\n<div class=\"pvc_clear\"><\/div>\n","protected":false},"excerpt":{"rendered":"","protected":false},"author":7,"featured_media":13549,"comment_status":"open","ping_status":"open","sticky":false,"template":"","format":"standard","meta":{"_price":"","_stock":"","_tribe_ticket_header":"","_tribe_default_ticket_provider":"","_ticket_start_date":"","_ticket_end_date":"","_tribe_ticket_show_description":"","_tribe_ticket_show_not_going":false,"_tribe_ticket_use_global_stock":"","_tribe_ticket_global_stock_level":"","_global_stock_mode":"","_global_stock_cap":"","_tribe_rsvp_for_event":"","_tribe_ticket_going_count":"","_tribe_ticket_not_going_count":"","_tribe_tickets_list":"[]","_tribe_ticket_has_attendee_info_fields":false,"footnotes":""},"categories":[31],"tags":[],"class_list":["post-13546","post","type-post","status-publish","format-standard","has-post-thumbnail","hentry","category-noticias-presidencia"],"_links":{"self":[{"href":"https:\/\/portal.segeplan.gob.gt\/segeplan\/index.php?rest_route=\/wp\/v2\/posts\/13546","targetHints":{"allow":["GET"]}}],"collection":[{"href":"https:\/\/portal.segeplan.gob.gt\/segeplan\/index.php?rest_route=\/wp\/v2\/posts"}],"about":[{"href":"https:\/\/portal.segeplan.gob.gt\/segeplan\/index.php?rest_route=\/wp\/v2\/types\/post"}],"author":[{"embeddable":true,"href":"https:\/\/portal.segeplan.gob.gt\/segeplan\/index.php?rest_route=\/wp\/v2\/users\/7"}],"replies":[{"embeddable":true,"href":"https:\/\/portal.segeplan.gob.gt\/segeplan\/index.php?rest_route=%2Fwp%2Fv2%2Fcomments&post=13546"}],"version-history":[{"count":1,"href":"https:\/\/portal.segeplan.gob.gt\/segeplan\/index.php?rest_route=\/wp\/v2\/posts\/13546\/revisions"}],"predecessor-version":[{"id":13550,"href":"https:\/\/portal.segeplan.gob.gt\/segeplan\/index.php?rest_route=\/wp\/v2\/posts\/13546\/revisions\/13550"}],"wp:featuredmedia":[{"embeddable":true,"href":"https:\/\/portal.segeplan.gob.gt\/segeplan\/index.php?rest_route=\/wp\/v2\/media\/13549"}],"wp:attachment":[{"href":"https:\/\/portal.segeplan.gob.gt\/segeplan\/index.php?rest_route=%2Fwp%2Fv2%2Fmedia&parent=13546"}],"wp:term":[{"taxonomy":"category","embeddable":true,"href":"https:\/\/portal.segeplan.gob.gt\/segeplan\/index.php?rest_route=%2Fwp%2Fv2%2Fcategories&post=13546"},{"taxonomy":"post_tag","embeddable":true,"href":"https:\/\/portal.segeplan.gob.gt\/segeplan\/index.php?rest_route=%2Fwp%2Fv2%2Ftags&post=13546"}],"curies":[{"name":"wp","href":"https:\/\/api.w.org\/{rel}","templated":true}]}}