{"id":13552,"date":"2025-07-21T11:03:15","date_gmt":"2025-07-21T17:03:15","guid":{"rendered":"https:\/\/portal.segeplan.gob.gt\/segeplan\/?p=13552"},"modified":"2025-07-21T11:03:15","modified_gmt":"2025-07-21T17:03:15","slug":"gobierno-celebra-reunion-de-alto-nivel-con-socios-cooperantes","status":"publish","type":"post","link":"https:\/\/portal.segeplan.gob.gt\/segeplan\/?p=13552","title":{"rendered":"Gobierno celebra reuni\u00f3n de alto nivel con socios cooperantes"},"content":{"rendered":"<div class=\"fusion-fullwidth fullwidth-box fusion-builder-row-1 fusion-flex-container nonhundred-percent-fullwidth non-hundred-percent-height-scrolling\" style=\"background-color: rgba(255,255,255,0);background-position: center center;background-repeat: no-repeat;border-width: 0px 0px 0px 0px;border-color:#e2e2e2;border-style:solid;\" ><div class=\"fusion-builder-row fusion-row fusion-flex-align-items-flex-start\" style=\"max-width:1185.6px;margin-left: calc(-4% \/ 2 );margin-right: calc(-4% \/ 2 );\"><div class=\"fusion-layout-column fusion_builder_column fusion-builder-column-0 fusion_builder_column_1_1 1_1 fusion-flex-column\"><div class=\"fusion-column-wrapper fusion-flex-justify-content-flex-start fusion-content-layout-column\" style=\"background-position:left top;background-repeat:no-repeat;-webkit-background-size:cover;-moz-background-size:cover;-o-background-size:cover;background-size:cover;padding: 0px 0px 0px 0px;\"><div class=\"fusion-text fusion-text-1\"><p><strong>Guatemala, 18 de julio de 2025. <\/strong>\u00a0El Gobierno de Guatemala, en un acto encabezado por el Presidente de la Rep\u00fablica, Bernardo Ar\u00e9valo, sostuvo una reuni\u00f3n de alto nivel con embajadores, jefes de misi\u00f3n y representantes de organismos internacionales, con el objetivo de fortalecer el di\u00e1logo pol\u00edtico y avanzar en la renovaci\u00f3n del marco de cooperaci\u00f3n internacional frente al actual contexto geopol\u00edtico y los desaf\u00edos estructurales del pa\u00eds.<\/p>\n<p>\u201cNosotros asumimos el compromiso de llevar el desarrollo a las comunidades hist\u00f3ricamente excluidas. El desarrollo se necesita en todo el pa\u00eds, en muchos niveles, pero es urgente llevarlo a quienes han sido marginados y excluidos de manera sistem\u00e1tica\u201d, record\u00f3 el presidente en su intervenci\u00f3n.<\/p>\n<div id=\"attachment_13553\" style=\"width: 1034px\" class=\"wp-caption aligncenter\"><img decoding=\"async\" aria-describedby=\"caption-attachment-13553\" class=\"lazyload size-large wp-image-13553\" src=\"https:\/\/portal.segeplan.gob.gt\/segeplan\/wp-content\/uploads\/2025\/07\/RCOOP-1-1024x450.jpg\" data-orig-src=\"https:\/\/portal.segeplan.gob.gt\/segeplan\/wp-content\/uploads\/2025\/07\/RCOOP-1-1024x450.jpg\" alt=\"\" width=\"1024\" height=\"450\" srcset=\"data:image\/svg+xml,%3Csvg%20xmlns%3D%27http%3A%2F%2Fwww.w3.org%2F2000%2Fsvg%27%20width%3D%271024%27%20height%3D%27450%27%20viewBox%3D%270%200%201024%20450%27%3E%3Crect%20width%3D%271024%27%20height%3D%27450%27%20fill-opacity%3D%220%22%2F%3E%3C%2Fsvg%3E\" data-srcset=\"https:\/\/portal.segeplan.gob.gt\/segeplan\/wp-content\/uploads\/2025\/07\/RCOOP-1-200x88.jpg 200w, https:\/\/portal.segeplan.gob.gt\/segeplan\/wp-content\/uploads\/2025\/07\/RCOOP-1-300x132.jpg 300w, https:\/\/portal.segeplan.gob.gt\/segeplan\/wp-content\/uploads\/2025\/07\/RCOOP-1-400x176.jpg 400w, https:\/\/portal.segeplan.gob.gt\/segeplan\/wp-content\/uploads\/2025\/07\/RCOOP-1-600x263.jpg 600w, https:\/\/portal.segeplan.gob.gt\/segeplan\/wp-content\/uploads\/2025\/07\/RCOOP-1-768x337.jpg 768w, https:\/\/portal.segeplan.gob.gt\/segeplan\/wp-content\/uploads\/2025\/07\/RCOOP-1-800x351.jpg 800w, https:\/\/portal.segeplan.gob.gt\/segeplan\/wp-content\/uploads\/2025\/07\/RCOOP-1-1024x450.jpg 1024w, https:\/\/portal.segeplan.gob.gt\/segeplan\/wp-content\/uploads\/2025\/07\/RCOOP-1-1200x527.jpg 1200w, https:\/\/portal.segeplan.gob.gt\/segeplan\/wp-content\/uploads\/2025\/07\/RCOOP-1-1536x674.jpg 1536w\" data-sizes=\"auto\" data-orig-sizes=\"(max-width: 1024px) 100vw, 1024px\" \/><p id=\"caption-attachment-13553\" class=\"wp-caption-text\">En la mesa principal estuvieron diversas autoridades, entre ellas la secretaria en funciones Iliana Pe\u00f1a y los ministros de Finanzas, de Desarrollo Social, de Relaciones Exteriores y de Econom\u00eda.<\/p><\/div>\n<p>Las autoridades que lideraron esta reuni\u00f3n fueron Iliana Pe\u00f1a, secretaria en funciones de la Secretar\u00eda de Planificaci\u00f3n y Programaci\u00f3n de la Presidencia (SEGEPLAN); Carlos Mart\u00ednez, canciller guatemalteco; Jonathan Menkos, ministro de Finanzas P\u00fablicas; Gabriela Garc\u00eda, ministra de Econom\u00eda, y Abelardo Pinto, ministro de Desarrollo Social.<\/p>\n<p>La secretaria en funciones indic\u00f3 que el encuentro con socios cooperantes represent\u00f3 un punto de partida para identificar proyectos de inter\u00e9s y consolidar las ofertas de cooperaci\u00f3n a incluir como parte del proyecto.<\/p>\n<p>\u201cLas acciones deben alinearse con lo priorizado por la actual administraci\u00f3n. Hemos establecido una hoja de ruta para ir avanzando en esas prioridades, pero necesitamos el acompa\u00f1amiento renovado y fortalecido de nuestros socios\u201d, mencion\u00f3 la funcionaria.<\/p>\n<p>A\u00f1adi\u00f3 que las intervenciones que se establezcan deben focalizarse en los territorios y poblaci\u00f3n que enfrenta los indicadores de pobreza y pobreza extrema m\u00e1s precarios. Por ello, SEGEPLAN present\u00f3 a los socios cooperantes la incidencia de pobreza total que se registra y que alcanz\u00f3 el 56 % en 2023.<\/p>\n<p>De igual forma, se dio a conocer que para el per\u00edodo 2024-2025 el pa\u00eds registra USD$27.5 millones en cooperaci\u00f3n internacional suscrita, lo que representa 57 proyectos. No obstante, hasta junio de 2025 se contabilizaron 111 demandas institucionales de cooperaci\u00f3n que se vinculan con fortalecimiento institucional, democracia, desarrollo social, desarrollo econ\u00f3mico y ambiente.<\/p>\n<div id=\"attachment_13554\" style=\"width: 1034px\" class=\"wp-caption aligncenter\"><img decoding=\"async\" aria-describedby=\"caption-attachment-13554\" class=\"lazyload wp-image-13554 size-large\" src=\"https:\/\/portal.segeplan.gob.gt\/segeplan\/wp-content\/uploads\/2025\/07\/RCOOP-5-1024x623.jpg\" data-orig-src=\"https:\/\/portal.segeplan.gob.gt\/segeplan\/wp-content\/uploads\/2025\/07\/RCOOP-5-1024x623.jpg\" alt=\"\" width=\"1024\" height=\"623\" srcset=\"data:image\/svg+xml,%3Csvg%20xmlns%3D%27http%3A%2F%2Fwww.w3.org%2F2000%2Fsvg%27%20width%3D%271024%27%20height%3D%27623%27%20viewBox%3D%270%200%201024%20623%27%3E%3Crect%20width%3D%271024%27%20height%3D%27623%27%20fill-opacity%3D%220%22%2F%3E%3C%2Fsvg%3E\" data-srcset=\"https:\/\/portal.segeplan.gob.gt\/segeplan\/wp-content\/uploads\/2025\/07\/RCOOP-5-200x122.jpg 200w, https:\/\/portal.segeplan.gob.gt\/segeplan\/wp-content\/uploads\/2025\/07\/RCOOP-5-300x183.jpg 300w, https:\/\/portal.segeplan.gob.gt\/segeplan\/wp-content\/uploads\/2025\/07\/RCOOP-5-400x244.jpg 400w, https:\/\/portal.segeplan.gob.gt\/segeplan\/wp-content\/uploads\/2025\/07\/RCOOP-5-600x365.jpg 600w, https:\/\/portal.segeplan.gob.gt\/segeplan\/wp-content\/uploads\/2025\/07\/RCOOP-5-768x468.jpg 768w, https:\/\/portal.segeplan.gob.gt\/segeplan\/wp-content\/uploads\/2025\/07\/RCOOP-5-800x487.jpg 800w, https:\/\/portal.segeplan.gob.gt\/segeplan\/wp-content\/uploads\/2025\/07\/RCOOP-5-1024x623.jpg 1024w, https:\/\/portal.segeplan.gob.gt\/segeplan\/wp-content\/uploads\/2025\/07\/RCOOP-5-1200x731.jpg 1200w, https:\/\/portal.segeplan.gob.gt\/segeplan\/wp-content\/uploads\/2025\/07\/RCOOP-5-1536x935.jpg 1536w, https:\/\/portal.segeplan.gob.gt\/segeplan\/wp-content\/uploads\/2025\/07\/RCOOP-5.jpg 1600w\" data-sizes=\"auto\" data-orig-sizes=\"(max-width: 1024px) 100vw, 1024px\" \/><p id=\"caption-attachment-13554\" class=\"wp-caption-text\">La reuni\u00f3n de trabajo cont\u00f3 con la participaci\u00f3n de al menos 60 socios cooperantes, entre pa\u00edses y agencias.<\/p><\/div>\n<p><strong>An\u00e1lisis de proyectos<\/strong><\/p>\n<p>El Ministerio de Desarrollo Social (Mides) tambi\u00e9n present\u00f3 la iniciativa gubernamental Acci\u00f3n por el Desarrollo Socioecon\u00f3mico como complementaria al programa Mano a Mano, seg\u00fan indic\u00f3 el ministro Abelardo Pinto.<\/p>\n<p>Como resultado, se identific\u00f3 la brecha de financiamiento a partir del presupuesto que dispone cada instituci\u00f3n y se determinaron qu\u00e9 proyectos e intervenciones involucradas en Mano a Mano pueden ser apoyados por los socios cooperantes. Dichos proyectos se vinculan con vivienda, protecci\u00f3n social, educaci\u00f3n, salud, agricultura, servicios b\u00e1sicos y activaci\u00f3n econ\u00f3mica.<\/p>\n<p>Ante esto, los representantes de los pa\u00edses aliados manifestaron su disposici\u00f3n de apoyar al pa\u00eds e identificar qu\u00e9 proyectos pueden fortalecerse con su apoyo. Sus comentarios y observaciones contribuir\u00e1n a la elaboraci\u00f3n de un documento base que defina y consolide las ofertas de cooperaci\u00f3n, herramienta que planea presentarse a finales de 2025.<\/p>\n<blockquote class=\"twitter-tweet\">\n<p dir=\"ltr\" lang=\"es\">\ud83e\udd1d El presidente <a href=\"https:\/\/twitter.com\/BArevalodeLeon?ref_src=twsrc%5Etfw\">@BArevalodeLeon<\/a> encabez\u00f3 una reuni\u00f3n de alto nivel con embajadores y organismos internacionales para fortalecer el di\u00e1logo pol\u00edtico y renovar el marco de cooperaci\u00f3n internacional ante los desaf\u00edos del pa\u00eds.<a href=\"https:\/\/twitter.com\/hashtag\/EnSEGEPLANtenemosLosDatos?src=hash&amp;ref_src=twsrc%5Etfw\">#EnSEGEPLANtenemosLosDatos<\/a>\ud83d\udcca <a href=\"https:\/\/t.co\/FL8r3dqcZM\">pic.twitter.com\/FL8r3dqcZM<\/a><\/p>\n<p>\u2014 SEGEPLAN (@Segeplan) <a href=\"https:\/\/twitter.com\/Segeplan\/status\/1946397909211045907?ref_src=twsrc%5Etfw\">July 19, 2025<\/a><\/p>\n<\/blockquote>\n<p><script async src=\"https:\/\/platform.twitter.com\/widgets.js\" charset=\"utf-8\"><\/script><\/p>\n<\/div><\/div><style type=\"text\/css\">.fusion-body .fusion-builder-column-0{width:100% !important;margin-top : 0px;margin-bottom : 0px;}.fusion-builder-column-0 > .fusion-column-wrapper {padding-top : 0px !important;padding-right : 0px !important;margin-right : 1.92%;padding-bottom : 0px !important;padding-left : 0px !important;margin-left : 1.92%;}@media only screen and (max-width:1024px) {.fusion-body .fusion-builder-column-0{width:100% !important;}.fusion-builder-column-0 > .fusion-column-wrapper {margin-right : 1.92%;margin-left : 1.92%;}}@media only screen and (max-width:640px) {.fusion-body .fusion-builder-column-0{width:100% !important;}.fusion-builder-column-0 > .fusion-column-wrapper {margin-right : 1.92%;margin-left : 1.92%;}}<\/style><\/div><\/div><style type=\"text\/css\">.fusion-body .fusion-flex-container.fusion-builder-row-1{ padding-top : 0px;margin-top : 0px;padding-right : 0px;padding-bottom : 0px;margin-bottom : 0px;padding-left : 0px;}<\/style><\/div>\n<div class=\"pvc_clear\"><\/div>\n<p id=\"pvc_stats_13552\" class=\"pvc_stats all  \" data-element-id=\"13552\" style=\"\"><i class=\"pvc-stats-icon small\" aria-hidden=\"true\"><svg xmlns=\"http:\/\/www.w3.org\/2000\/svg\" version=\"1.0\" viewBox=\"0 0 502 315\" preserveAspectRatio=\"xMidYMid meet\"><g transform=\"translate(0,332) scale(0.1,-0.1)\" fill=\"\" stroke=\"none\"><path d=\"M2394 3279 l-29 -30 -3 -207 c-2 -182 0 -211 15 -242 39 -76 157 -76 196 0 15 31 17 60 15 243 l-3 209 -33 29 c-26 23 -41 29 -80 29 -41 0 -53 -5 -78 -31z\"\/><path d=\"M3085 3251 c-45 -19 -58 -50 -96 -229 -47 -217 -49 -260 -13 -295 52 -53 146 -42 177 20 16 31 87 366 87 410 0 70 -86 122 -155 94z\"\/><path d=\"M1751 3234 c-13 -9 -29 -31 -37 -50 -12 -29 -10 -49 21 -204 19 -94 39 -189 45 -210 14 -50 54 -80 110 -80 34 0 48 6 76 34 21 21 34 44 34 59 0 14 -18 113 -40 219 -37 178 -43 195 -70 221 -36 32 -101 37 -139 11z\"\/><path d=\"M1163 3073 c-36 -7 -73 -59 -73 -102 0 -56 133 -378 171 -413 34 -32 83 -37 129 -13 70 36 67 87 -16 290 -86 209 -89 214 -129 231 -35 14 -42 15 -82 7z\"\/><path d=\"M3689 3066 c-15 -9 -33 -30 -42 -48 -48 -103 -147 -355 -147 -375 0 -98 131 -148 192 -74 13 15 57 108 97 206 80 196 84 226 37 273 -30 30 -99 39 -137 18z\"\/><path d=\"M583 2784 c-38 -19 -67 -74 -58 -113 9 -42 211 -354 242 -373 16 -10 45 -18 66 -18 51 0 107 52 107 100 0 39 -1 41 -124 234 -80 126 -108 162 -133 173 -41 17 -61 16 -100 -3z\"\/><path d=\"M4250 2784 c-14 -9 -74 -91 -133 -183 -95 -150 -107 -173 -107 -213 0 -55 33 -94 87 -104 67 -13 90 8 211 198 130 202 137 225 78 284 -27 27 -42 34 -72 34 -22 0 -50 -8 -64 -16z\"\/><path d=\"M2275 2693 c-553 -48 -1095 -270 -1585 -649 -135 -104 -459 -423 -483 -476 -23 -49 -22 -139 2 -186 73 -142 361 -457 571 -626 285 -228 642 -407 990 -497 242 -63 336 -73 660 -74 310 0 370 5 595 52 535 111 1045 392 1455 803 122 121 250 273 275 326 19 41 19 137 0 174 -41 79 -309 363 -465 492 -447 370 -946 591 -1479 653 -113 14 -422 18 -536 8z m395 -428 c171 -34 330 -124 456 -258 112 -119 167 -219 211 -378 27 -96 24 -300 -5 -401 -72 -255 -236 -447 -474 -557 -132 -62 -201 -76 -368 -76 -167 0 -236 14 -368 76 -213 98 -373 271 -451 485 -162 444 86 934 547 1084 153 49 292 57 452 25z m909 -232 c222 -123 408 -262 593 -441 76 -74 138 -139 138 -144 0 -16 -233 -242 -330 -319 -155 -123 -309 -223 -461 -299 l-81 -41 32 46 c18 26 49 83 70 128 143 306 141 649 -6 957 -25 52 -61 116 -79 142 l-34 47 45 -20 c26 -10 76 -36 113 -56z m-2057 25 c-40 -58 -105 -190 -130 -263 -110 -324 -59 -707 132 -981 25 -35 42 -64 37 -64 -19 0 -241 119 -326 174 -188 122 -406 314 -532 468 l-58 71 108 103 c185 178 428 349 672 473 66 33 121 60 123 61 2 0 -10 -19 -26 -42z\"\/><path d=\"M2375 1950 c-198 -44 -350 -190 -395 -379 -18 -76 -8 -221 19 -290 114 -284 457 -406 731 -260 98 52 188 154 231 260 27 69 37 214 19 290 -38 163 -166 304 -326 360 -67 23 -215 33 -279 19z\"\/><\/g><\/svg><\/i> <img class=\"lazyload\" decoding=\"async\" width=\"16\" height=\"16\" alt=\"Loading\" src=\"data:image\/svg+xml,%3Csvg%20xmlns%3D%27http%3A%2F%2Fwww.w3.org%2F2000%2Fsvg%27%20width%3D%2716%27%20height%3D%2716%27%20viewBox%3D%270%200%2016%2016%27%3E%3Crect%20width%3D%2716%27%20height%3D%2716%27%20fill-opacity%3D%220%22%2F%3E%3C%2Fsvg%3E\" data-orig-src=\"https:\/\/portal.segeplan.gob.gt\/segeplan\/wp-content\/plugins\/page-views-count\/ajax-loader-2x.gif\" border=0 \/><\/p>\n<div class=\"pvc_clear\"><\/div>\n","protected":false},"excerpt":{"rendered":"","protected":false},"author":7,"featured_media":13555,"comment_status":"open","ping_status":"open","sticky":false,"template":"","format":"standard","meta":{"_price":"","_stock":"","_tribe_ticket_header":"","_tribe_default_ticket_provider":"","_ticket_start_date":"","_ticket_end_date":"","_tribe_ticket_show_description":"","_tribe_ticket_show_not_going":false,"_tribe_ticket_use_global_stock":"","_tribe_ticket_global_stock_level":"","_global_stock_mode":"","_global_stock_cap":"","_tribe_rsvp_for_event":"","_tribe_ticket_going_count":"","_tribe_ticket_not_going_count":"","_tribe_tickets_list":"[]","_tribe_ticket_has_attendee_info_fields":false,"footnotes":""},"categories":[31],"tags":[],"class_list":["post-13552","post","type-post","status-publish","format-standard","has-post-thumbnail","hentry","category-noticias-presidencia"],"_links":{"self":[{"href":"https:\/\/portal.segeplan.gob.gt\/segeplan\/index.php?rest_route=\/wp\/v2\/posts\/13552","targetHints":{"allow":["GET"]}}],"collection":[{"href":"https:\/\/portal.segeplan.gob.gt\/segeplan\/index.php?rest_route=\/wp\/v2\/posts"}],"about":[{"href":"https:\/\/portal.segeplan.gob.gt\/segeplan\/index.php?rest_route=\/wp\/v2\/types\/post"}],"author":[{"embeddable":true,"href":"https:\/\/portal.segeplan.gob.gt\/segeplan\/index.php?rest_route=\/wp\/v2\/users\/7"}],"replies":[{"embeddable":true,"href":"https:\/\/portal.segeplan.gob.gt\/segeplan\/index.php?rest_route=%2Fwp%2Fv2%2Fcomments&post=13552"}],"version-history":[{"count":1,"href":"https:\/\/portal.segeplan.gob.gt\/segeplan\/index.php?rest_route=\/wp\/v2\/posts\/13552\/revisions"}],"predecessor-version":[{"id":13556,"href":"https:\/\/portal.segeplan.gob.gt\/segeplan\/index.php?rest_route=\/wp\/v2\/posts\/13552\/revisions\/13556"}],"wp:featuredmedia":[{"embeddable":true,"href":"https:\/\/portal.segeplan.gob.gt\/segeplan\/index.php?rest_route=\/wp\/v2\/media\/13555"}],"wp:attachment":[{"href":"https:\/\/portal.segeplan.gob.gt\/segeplan\/index.php?rest_route=%2Fwp%2Fv2%2Fmedia&parent=13552"}],"wp:term":[{"taxonomy":"category","embeddable":true,"href":"https:\/\/portal.segeplan.gob.gt\/segeplan\/index.php?rest_route=%2Fwp%2Fv2%2Fcategories&post=13552"},{"taxonomy":"post_tag","embeddable":true,"href":"https:\/\/portal.segeplan.gob.gt\/segeplan\/index.php?rest_route=%2Fwp%2Fv2%2Ftags&post=13552"}],"curies":[{"name":"wp","href":"https:\/\/api.w.org\/{rel}","templated":true}]}}