{"id":13558,"date":"2025-07-21T11:54:37","date_gmt":"2025-07-21T17:54:37","guid":{"rendered":"https:\/\/portal.segeplan.gob.gt\/segeplan\/?p=13558"},"modified":"2025-07-24T12:24:09","modified_gmt":"2025-07-24T18:24:09","slug":"segeplan-y-la-uvg-firman-convenio-de-cooperacion-en-el-marco-del-programa-becas-por-nuestro-futuro","status":"publish","type":"post","link":"https:\/\/portal.segeplan.gob.gt\/segeplan\/?p=13558","title":{"rendered":"SEGEPLAN y la UVG firman convenio de cooperaci\u00f3n en el marco del programa Becas por Nuestro Futuro"},"content":{"rendered":"<div class=\"fusion-fullwidth fullwidth-box fusion-builder-row-1 fusion-flex-container nonhundred-percent-fullwidth non-hundred-percent-height-scrolling\" style=\"background-color: rgba(255,255,255,0);background-position: center center;background-repeat: no-repeat;border-width: 0px 0px 0px 0px;border-color:#e2e2e2;border-style:solid;\" ><div class=\"fusion-builder-row fusion-row fusion-flex-align-items-flex-start\" style=\"max-width:1185.6px;margin-left: calc(-4% \/ 2 );margin-right: calc(-4% \/ 2 );\"><div class=\"fusion-layout-column fusion_builder_column fusion-builder-column-0 fusion_builder_column_1_1 1_1 fusion-flex-column\"><div class=\"fusion-column-wrapper fusion-flex-justify-content-flex-start fusion-content-layout-column\" style=\"background-position:left top;background-repeat:no-repeat;-webkit-background-size:cover;-moz-background-size:cover;-o-background-size:cover;background-size:cover;padding: 0px 0px 0px 0px;\"><div class=\"fusion-text fusion-text-1\"><p><strong>Guatemala, 19 de julio de 2025.<\/strong> Con el objetivo de implementar acciones conjuntas para ampliar el alcance del Fondo Nacional de Becas (FONABE) \u201cBecas por Nuestro Futuro\u201d, y promover el acceso a la educaci\u00f3n superior, SEGEPLAN y la Universidad del Valle de Guatemala (UVG) han firmado un convenio de cooperaci\u00f3n que contempla distintas acciones, pero, sobre todo, garantiza que los becarios tendr\u00e1n las condiciones necesarias para ingresar a la universidad y recibir una educaci\u00f3n superior de calidad.<\/p>\n<p>El convenio fue suscrito por Carlos Mendoza Alvarado, Presidente del Comit\u00e9 Interno del FONABE y titular de la SEGEPLAN y Roberto Moreno Godoy, Rector de la UVG, oficializando as\u00ed una alianza bajo la convicci\u00f3n de que la educaci\u00f3n es una herramienta poderosa para transformar la vida de las personas y construir un pa\u00eds m\u00e1s justo, m\u00e1s equitativo y con mayores oportunidades para todas y todos.<\/p>\n<div id=\"attachment_13559\" style=\"width: 1034px\" class=\"wp-caption aligncenter\"><img decoding=\"async\" aria-describedby=\"caption-attachment-13559\" class=\"lazyload size-large wp-image-13559\" src=\"https:\/\/portal.segeplan.gob.gt\/segeplan\/wp-content\/uploads\/2025\/07\/WhatsApp-Image-2025-07-21-at-09.48.47-3-1024x682.jpeg\" data-orig-src=\"https:\/\/portal.segeplan.gob.gt\/segeplan\/wp-content\/uploads\/2025\/07\/WhatsApp-Image-2025-07-21-at-09.48.47-3-1024x682.jpeg\" alt=\"\" width=\"1024\" height=\"682\" srcset=\"data:image\/svg+xml,%3Csvg%20xmlns%3D%27http%3A%2F%2Fwww.w3.org%2F2000%2Fsvg%27%20width%3D%271024%27%20height%3D%27682%27%20viewBox%3D%270%200%201024%20682%27%3E%3Crect%20width%3D%271024%27%20height%3D%27682%27%20fill-opacity%3D%220%22%2F%3E%3C%2Fsvg%3E\" data-srcset=\"https:\/\/portal.segeplan.gob.gt\/segeplan\/wp-content\/uploads\/2025\/07\/WhatsApp-Image-2025-07-21-at-09.48.47-3-200x133.jpeg 200w, https:\/\/portal.segeplan.gob.gt\/segeplan\/wp-content\/uploads\/2025\/07\/WhatsApp-Image-2025-07-21-at-09.48.47-3-300x200.jpeg 300w, https:\/\/portal.segeplan.gob.gt\/segeplan\/wp-content\/uploads\/2025\/07\/WhatsApp-Image-2025-07-21-at-09.48.47-3-400x267.jpeg 400w, https:\/\/portal.segeplan.gob.gt\/segeplan\/wp-content\/uploads\/2025\/07\/WhatsApp-Image-2025-07-21-at-09.48.47-3-600x400.jpeg 600w, https:\/\/portal.segeplan.gob.gt\/segeplan\/wp-content\/uploads\/2025\/07\/WhatsApp-Image-2025-07-21-at-09.48.47-3-768x512.jpeg 768w, https:\/\/portal.segeplan.gob.gt\/segeplan\/wp-content\/uploads\/2025\/07\/WhatsApp-Image-2025-07-21-at-09.48.47-3-800x533.jpeg 800w, https:\/\/portal.segeplan.gob.gt\/segeplan\/wp-content\/uploads\/2025\/07\/WhatsApp-Image-2025-07-21-at-09.48.47-3-1024x682.jpeg 1024w, https:\/\/portal.segeplan.gob.gt\/segeplan\/wp-content\/uploads\/2025\/07\/WhatsApp-Image-2025-07-21-at-09.48.47-3-1200x800.jpeg 1200w, https:\/\/portal.segeplan.gob.gt\/segeplan\/wp-content\/uploads\/2025\/07\/WhatsApp-Image-2025-07-21-at-09.48.47-3-1536x1023.jpeg 1536w, https:\/\/portal.segeplan.gob.gt\/segeplan\/wp-content\/uploads\/2025\/07\/WhatsApp-Image-2025-07-21-at-09.48.47-3.jpeg 1600w\" data-sizes=\"auto\" data-orig-sizes=\"(max-width: 1024px) 100vw, 1024px\" \/><p id=\"caption-attachment-13559\" class=\"wp-caption-text\">Integrantes del Comit\u00e9 T\u00e9cnico del FONABE estuvieron presentes en la firma del convenio.<\/p><\/div>\n<p>Entre otros objetivos espec\u00edficos, el convenio posibilita que el n\u00famero de beneficiarios del FONABE admitidos en la UVG cuenten con programas y herramientas de nivelaci\u00f3n acad\u00e9mica para mejorar su desempe\u00f1o durante la carrera universitaria,<\/p>\n<p>Asimismo, se promover\u00e1n acciones para la inserci\u00f3n laboral de los becarios, as\u00ed como implementar mecanismos que permitan contar con la informaci\u00f3n administrativa, a nivel acad\u00e9mico y financiero de forma eficaz, efectiva y eficiente, en el marco de la transparencia y la rendici\u00f3n de cuentas.<\/p>\n<p>El Secretario de Planificaci\u00f3n, Carlos Mendoza Alvarado, destac\u00f3 que \u201chemos dado otro paso muy importante para el Fondo Nacional de Becas por Nuestro Futuro\u201d para que quienes han aplicado a carreras en la UVG puedan gozar de un trato preferencial en cuanto a las tarifas por sus estudios, pero tambi\u00e9n contar\u00e1n con un apoyo acad\u00e9mico para que puedan avanzar y concluir con \u00e9xito sus estudios\u201d.<\/p>\n<p>Agreg\u00f3 que este es el primer convenio a nivel de las universidades privadas en Guatemala, el cual permite garantizar que los beneficiarios de Becas por Nuestro Futuro vayan a universidades de prestigio, del m\u00e1s alto nivel acad\u00e9mico en el pa\u00eds y la regi\u00f3n, para garantizar que cuando se grad\u00faen van a tener altas probabilidades de conseguir un buen trabajo en su disciplina acad\u00e9mica.<\/p>\n<div id=\"attachment_13560\" style=\"width: 1034px\" class=\"wp-caption aligncenter\"><img decoding=\"async\" aria-describedby=\"caption-attachment-13560\" class=\"lazyload size-large wp-image-13560\" src=\"https:\/\/portal.segeplan.gob.gt\/segeplan\/wp-content\/uploads\/2025\/07\/WhatsApp-Image-2025-07-21-at-09.48.47-2-1024x683.jpeg\" data-orig-src=\"https:\/\/portal.segeplan.gob.gt\/segeplan\/wp-content\/uploads\/2025\/07\/WhatsApp-Image-2025-07-21-at-09.48.47-2-1024x683.jpeg\" alt=\"\" width=\"1024\" height=\"683\" srcset=\"data:image\/svg+xml,%3Csvg%20xmlns%3D%27http%3A%2F%2Fwww.w3.org%2F2000%2Fsvg%27%20width%3D%271024%27%20height%3D%27683%27%20viewBox%3D%270%200%201024%20683%27%3E%3Crect%20width%3D%271024%27%20height%3D%27683%27%20fill-opacity%3D%220%22%2F%3E%3C%2Fsvg%3E\" data-srcset=\"https:\/\/portal.segeplan.gob.gt\/segeplan\/wp-content\/uploads\/2025\/07\/WhatsApp-Image-2025-07-21-at-09.48.47-2-200x133.jpeg 200w, https:\/\/portal.segeplan.gob.gt\/segeplan\/wp-content\/uploads\/2025\/07\/WhatsApp-Image-2025-07-21-at-09.48.47-2-300x200.jpeg 300w, https:\/\/portal.segeplan.gob.gt\/segeplan\/wp-content\/uploads\/2025\/07\/WhatsApp-Image-2025-07-21-at-09.48.47-2-400x267.jpeg 400w, https:\/\/portal.segeplan.gob.gt\/segeplan\/wp-content\/uploads\/2025\/07\/WhatsApp-Image-2025-07-21-at-09.48.47-2-600x400.jpeg 600w, https:\/\/portal.segeplan.gob.gt\/segeplan\/wp-content\/uploads\/2025\/07\/WhatsApp-Image-2025-07-21-at-09.48.47-2-768x512.jpeg 768w, https:\/\/portal.segeplan.gob.gt\/segeplan\/wp-content\/uploads\/2025\/07\/WhatsApp-Image-2025-07-21-at-09.48.47-2-800x534.jpeg 800w, https:\/\/portal.segeplan.gob.gt\/segeplan\/wp-content\/uploads\/2025\/07\/WhatsApp-Image-2025-07-21-at-09.48.47-2-1024x683.jpeg 1024w, https:\/\/portal.segeplan.gob.gt\/segeplan\/wp-content\/uploads\/2025\/07\/WhatsApp-Image-2025-07-21-at-09.48.47-2-1200x800.jpeg 1200w, https:\/\/portal.segeplan.gob.gt\/segeplan\/wp-content\/uploads\/2025\/07\/WhatsApp-Image-2025-07-21-at-09.48.47-2.jpeg 1408w\" data-sizes=\"auto\" data-orig-sizes=\"(max-width: 1024px) 100vw, 1024px\" \/><p id=\"caption-attachment-13560\" class=\"wp-caption-text\">Representantes de UVG y de SEGEPLAN en la toma de foto oficial del encuentro.<\/p><\/div>\n<p>El funcionario resalt\u00f3 que para SEGEPLAN el \u00e9xito no va a ser el n\u00famero de becarios, sino el n\u00famero de quienes concluyan con \u00e9xito su formaci\u00f3n acad\u00e9mica.<\/p>\n<p>Por su parte, Iliana Pe\u00f1a Aldana, Subsecretaria de Cooperaci\u00f3n y Alianzas para el Desarrollo, manifest\u00f3 su satisfacci\u00f3n por la firma del convenio con la UVG, con la cual \u201ctenemos objetivos comunes compartidos\u201d.<\/p>\n<p><script src=\"https:\/\/cdn.trinityaudio.ai\/player.js\" data-trinity-player=\"20250724\"><\/script><\/p>\n<p>Coment\u00f3 que este convenio se inserta en el objetivo de promover el acceso a la educaci\u00f3n superior y a la formaci\u00f3n t\u00e9cnica universitaria de calidad. \u201cQueremos que los beneficiarios de Becas por Nuestro Futuro lleguen a las universidades, pero adem\u00e1s que tengan el acompa\u00f1amiento y las condiciones que les permitan terminar con \u00e9xito su formaci\u00f3n\u201d, a\u00f1adi\u00f3.<\/p>\n<p>Mientras tanto, el Rector de la UVG, Roberto Moreno Godoy, manifest\u00f3 estar muy contento por celebrar el convenio con SEGEPLAN, que resulta de la iniciativa del gobierno de la Rep\u00fablica de crear el programa de Becas por Nuestro Futuro, para apoyar a que \u201cmuchos j\u00f3venes m\u00e1s tengan acceso a educaci\u00f3n t\u00e9cnica y educaci\u00f3n superior de calidad\u201d. Agreg\u00f3 que \u201cpara nosotros es muy importante esta iniciativa, convencidos de que la educaci\u00f3n transforma la vida de las personas\u201d.<\/p>\n<p>Asimismo, resalt\u00f3 la importancia de esta iniciativa del gobierno de la Rep\u00fablica bajo el liderazgo del Presidente Bernardo Ar\u00e9valo, para prestarle atenci\u00f3n a un tema tan importante para el pa\u00eds como la educaci\u00f3n.<\/p>\n<p>Coment\u00f3 que es relevante que los beneficiarios de becas obtengan las competencias y los aprendizajes que les permitan efectivamente ayudar a transformar el pa\u00eds, pero tambi\u00e9n a mejorar su calidad de vida e incidir en su familia y en su comunidad.<\/p>\n<p><script src=\"https:\/\/cdn.trinityaudio.ai\/player.js\" data-trinity-player=\"20250724\"><\/script><\/p>\n<\/div><\/div><style type=\"text\/css\">.fusion-body .fusion-builder-column-0{width:100% !important;margin-top : 0px;margin-bottom : 0px;}.fusion-builder-column-0 > .fusion-column-wrapper {padding-top : 0px !important;padding-right : 0px !important;margin-right : 1.92%;padding-bottom : 0px !important;padding-left : 0px !important;margin-left : 1.92%;}@media only screen and (max-width:1024px) {.fusion-body .fusion-builder-column-0{width:100% !important;}.fusion-builder-column-0 > .fusion-column-wrapper {margin-right : 1.92%;margin-left : 1.92%;}}@media only screen and (max-width:640px) {.fusion-body .fusion-builder-column-0{width:100% !important;}.fusion-builder-column-0 > .fusion-column-wrapper {margin-right : 1.92%;margin-left : 1.92%;}}<\/style><\/div><\/div><style type=\"text\/css\">.fusion-body .fusion-flex-container.fusion-builder-row-1{ padding-top : 0px;margin-top : 0px;padding-right : 0px;padding-bottom : 0px;margin-bottom : 0px;padding-left : 0px;}<\/style><\/div>\n<div class=\"pvc_clear\"><\/div>\n<p id=\"pvc_stats_13558\" class=\"pvc_stats all  \" data-element-id=\"13558\" style=\"\"><i class=\"pvc-stats-icon small\" aria-hidden=\"true\"><svg xmlns=\"http:\/\/www.w3.org\/2000\/svg\" version=\"1.0\" viewBox=\"0 0 502 315\" preserveAspectRatio=\"xMidYMid meet\"><g transform=\"translate(0,332) scale(0.1,-0.1)\" fill=\"\" stroke=\"none\"><path d=\"M2394 3279 l-29 -30 -3 -207 c-2 -182 0 -211 15 -242 39 -76 157 -76 196 0 15 31 17 60 15 243 l-3 209 -33 29 c-26 23 -41 29 -80 29 -41 0 -53 -5 -78 -31z\"\/><path d=\"M3085 3251 c-45 -19 -58 -50 -96 -229 -47 -217 -49 -260 -13 -295 52 -53 146 -42 177 20 16 31 87 366 87 410 0 70 -86 122 -155 94z\"\/><path d=\"M1751 3234 c-13 -9 -29 -31 -37 -50 -12 -29 -10 -49 21 -204 19 -94 39 -189 45 -210 14 -50 54 -80 110 -80 34 0 48 6 76 34 21 21 34 44 34 59 0 14 -18 113 -40 219 -37 178 -43 195 -70 221 -36 32 -101 37 -139 11z\"\/><path d=\"M1163 3073 c-36 -7 -73 -59 -73 -102 0 -56 133 -378 171 -413 34 -32 83 -37 129 -13 70 36 67 87 -16 290 -86 209 -89 214 -129 231 -35 14 -42 15 -82 7z\"\/><path d=\"M3689 3066 c-15 -9 -33 -30 -42 -48 -48 -103 -147 -355 -147 -375 0 -98 131 -148 192 -74 13 15 57 108 97 206 80 196 84 226 37 273 -30 30 -99 39 -137 18z\"\/><path d=\"M583 2784 c-38 -19 -67 -74 -58 -113 9 -42 211 -354 242 -373 16 -10 45 -18 66 -18 51 0 107 52 107 100 0 39 -1 41 -124 234 -80 126 -108 162 -133 173 -41 17 -61 16 -100 -3z\"\/><path d=\"M4250 2784 c-14 -9 -74 -91 -133 -183 -95 -150 -107 -173 -107 -213 0 -55 33 -94 87 -104 67 -13 90 8 211 198 130 202 137 225 78 284 -27 27 -42 34 -72 34 -22 0 -50 -8 -64 -16z\"\/><path d=\"M2275 2693 c-553 -48 -1095 -270 -1585 -649 -135 -104 -459 -423 -483 -476 -23 -49 -22 -139 2 -186 73 -142 361 -457 571 -626 285 -228 642 -407 990 -497 242 -63 336 -73 660 -74 310 0 370 5 595 52 535 111 1045 392 1455 803 122 121 250 273 275 326 19 41 19 137 0 174 -41 79 -309 363 -465 492 -447 370 -946 591 -1479 653 -113 14 -422 18 -536 8z m395 -428 c171 -34 330 -124 456 -258 112 -119 167 -219 211 -378 27 -96 24 -300 -5 -401 -72 -255 -236 -447 -474 -557 -132 -62 -201 -76 -368 -76 -167 0 -236 14 -368 76 -213 98 -373 271 -451 485 -162 444 86 934 547 1084 153 49 292 57 452 25z m909 -232 c222 -123 408 -262 593 -441 76 -74 138 -139 138 -144 0 -16 -233 -242 -330 -319 -155 -123 -309 -223 -461 -299 l-81 -41 32 46 c18 26 49 83 70 128 143 306 141 649 -6 957 -25 52 -61 116 -79 142 l-34 47 45 -20 c26 -10 76 -36 113 -56z m-2057 25 c-40 -58 -105 -190 -130 -263 -110 -324 -59 -707 132 -981 25 -35 42 -64 37 -64 -19 0 -241 119 -326 174 -188 122 -406 314 -532 468 l-58 71 108 103 c185 178 428 349 672 473 66 33 121 60 123 61 2 0 -10 -19 -26 -42z\"\/><path d=\"M2375 1950 c-198 -44 -350 -190 -395 -379 -18 -76 -8 -221 19 -290 114 -284 457 -406 731 -260 98 52 188 154 231 260 27 69 37 214 19 290 -38 163 -166 304 -326 360 -67 23 -215 33 -279 19z\"\/><\/g><\/svg><\/i> <img class=\"lazyload\" decoding=\"async\" width=\"16\" height=\"16\" alt=\"Loading\" src=\"data:image\/svg+xml,%3Csvg%20xmlns%3D%27http%3A%2F%2Fwww.w3.org%2F2000%2Fsvg%27%20width%3D%2716%27%20height%3D%2716%27%20viewBox%3D%270%200%2016%2016%27%3E%3Crect%20width%3D%2716%27%20height%3D%2716%27%20fill-opacity%3D%220%22%2F%3E%3C%2Fsvg%3E\" data-orig-src=\"https:\/\/portal.segeplan.gob.gt\/segeplan\/wp-content\/plugins\/page-views-count\/ajax-loader-2x.gif\" border=0 \/><\/p>\n<div class=\"pvc_clear\"><\/div>\n","protected":false},"excerpt":{"rendered":"","protected":false},"author":7,"featured_media":13561,"comment_status":"open","ping_status":"open","sticky":false,"template":"","format":"standard","meta":{"_price":"","_stock":"","_tribe_ticket_header":"","_tribe_default_ticket_provider":"","_ticket_start_date":"","_ticket_end_date":"","_tribe_ticket_show_description":"","_tribe_ticket_show_not_going":false,"_tribe_ticket_use_global_stock":"","_tribe_ticket_global_stock_level":"","_global_stock_mode":"","_global_stock_cap":"","_tribe_rsvp_for_event":"","_tribe_ticket_going_count":"","_tribe_ticket_not_going_count":"","_tribe_tickets_list":"[]","_tribe_ticket_has_attendee_info_fields":false,"footnotes":""},"categories":[31],"tags":[],"class_list":["post-13558","post","type-post","status-publish","format-standard","has-post-thumbnail","hentry","category-noticias-presidencia"],"_links":{"self":[{"href":"https:\/\/portal.segeplan.gob.gt\/segeplan\/index.php?rest_route=\/wp\/v2\/posts\/13558","targetHints":{"allow":["GET"]}}],"collection":[{"href":"https:\/\/portal.segeplan.gob.gt\/segeplan\/index.php?rest_route=\/wp\/v2\/posts"}],"about":[{"href":"https:\/\/portal.segeplan.gob.gt\/segeplan\/index.php?rest_route=\/wp\/v2\/types\/post"}],"author":[{"embeddable":true,"href":"https:\/\/portal.segeplan.gob.gt\/segeplan\/index.php?rest_route=\/wp\/v2\/users\/7"}],"replies":[{"embeddable":true,"href":"https:\/\/portal.segeplan.gob.gt\/segeplan\/index.php?rest_route=%2Fwp%2Fv2%2Fcomments&post=13558"}],"version-history":[{"count":4,"href":"https:\/\/portal.segeplan.gob.gt\/segeplan\/index.php?rest_route=\/wp\/v2\/posts\/13558\/revisions"}],"predecessor-version":[{"id":13570,"href":"https:\/\/portal.segeplan.gob.gt\/segeplan\/index.php?rest_route=\/wp\/v2\/posts\/13558\/revisions\/13570"}],"wp:featuredmedia":[{"embeddable":true,"href":"https:\/\/portal.segeplan.gob.gt\/segeplan\/index.php?rest_route=\/wp\/v2\/media\/13561"}],"wp:attachment":[{"href":"https:\/\/portal.segeplan.gob.gt\/segeplan\/index.php?rest_route=%2Fwp%2Fv2%2Fmedia&parent=13558"}],"wp:term":[{"taxonomy":"category","embeddable":true,"href":"https:\/\/portal.segeplan.gob.gt\/segeplan\/index.php?rest_route=%2Fwp%2Fv2%2Fcategories&post=13558"},{"taxonomy":"post_tag","embeddable":true,"href":"https:\/\/portal.segeplan.gob.gt\/segeplan\/index.php?rest_route=%2Fwp%2Fv2%2Ftags&post=13558"}],"curies":[{"name":"wp","href":"https:\/\/api.w.org\/{rel}","templated":true}]}}