{"id":13579,"date":"2025-07-30T15:05:06","date_gmt":"2025-07-30T21:05:06","guid":{"rendered":"https:\/\/portal.segeplan.gob.gt\/segeplan\/?p=13579"},"modified":"2025-07-30T17:04:12","modified_gmt":"2025-07-30T23:04:12","slug":"segeplan-participa-en-el-seminario-internacional-claves-para-superar-la-desigualdad-en-america-latina-y-el-caribe","status":"publish","type":"post","link":"https:\/\/portal.segeplan.gob.gt\/segeplan\/?p=13579","title":{"rendered":"SEGEPLAN participa en el Seminario Internacional \u201cClaves para superar la desigualdad en Am\u00e9rica Latina y el Caribe\u201d"},"content":{"rendered":"<div class=\"fusion-fullwidth fullwidth-box fusion-builder-row-1 fusion-flex-container nonhundred-percent-fullwidth non-hundred-percent-height-scrolling\" style=\"background-color: rgba(255,255,255,0);background-position: center center;background-repeat: no-repeat;border-width: 0px 0px 0px 0px;border-color:#e2e2e2;border-style:solid;\" ><div class=\"fusion-builder-row fusion-row fusion-flex-align-items-flex-start\" style=\"max-width:1185.6px;margin-left: calc(-4% \/ 2 );margin-right: calc(-4% \/ 2 );\"><div class=\"fusion-layout-column fusion_builder_column fusion-builder-column-0 fusion_builder_column_1_1 1_1 fusion-flex-column\"><div class=\"fusion-column-wrapper fusion-flex-justify-content-flex-start fusion-content-layout-column\" style=\"background-position:left top;background-repeat:no-repeat;-webkit-background-size:cover;-moz-background-size:cover;-o-background-size:cover;background-size:cover;padding: 0px 0px 0px 0px;\"><div class=\"fusion-text fusion-text-1\"><p><strong>Guatemala, 30 de julio de 2025. <\/strong>Para cerrar las brechas de desigualdad, hay que reconocer sus ra\u00edces hist\u00f3ricas, esta es una de las reflexiones que salieron a relucir en el panel \u201cDesigualdad geogr\u00e1fica en Guatemala: \u00bfc\u00f3mo cerrar las brechas en servicios p\u00fablicos?, el cual tuvo la participaci\u00f3n del titular de la Secretar\u00eda de Planificaci\u00f3n y Programaci\u00f3n de la Presidencia (SEGEPLAN), Carlos Mendoza.<\/p>\n<p>El panel fue parte del Seminario Internacional \u201cClaves para superar la desigualdad en Am\u00e9rica Latina y el Caribe\u201d. El evento fue realizado por el Banco Interamericano de Desarrollo (BID) y la Comisi\u00f3n Econ\u00f3mica para Am\u00e9rica Latina y el Caribe (CEPAL), con apoyo de SEGEPLAN.<\/p>\n<p>En su presentaci\u00f3n, el secretario Mendoza brind\u00f3 datos recopilados por SEGEPLAN, a trav\u00e9s del \u00cdndice de Necesidades B\u00e1sicas Insatisfechas (NBI) que evidencian el nivel de vida de la poblaci\u00f3n en los 340 municipios.<\/p>\n<p>\u201cQueremos resaltar las ra\u00edces hist\u00f3ricas de la desigualdad y c\u00f3mo la desigualdad es heredada de una generaci\u00f3n a otra. La investigaci\u00f3n del BID dice que hasta un 63 % de la desigualdad de ingresos actualmente en Guatemala se explica por factores heredados\u201d, subray\u00f3 el funcionario.<\/p>\n<div id=\"attachment_13580\" style=\"width: 1034px\" class=\"wp-caption aligncenter\"><img decoding=\"async\" aria-describedby=\"caption-attachment-13580\" class=\"lazyload size-large wp-image-13580\" src=\"https:\/\/portal.segeplan.gob.gt\/segeplan\/wp-content\/uploads\/2025\/07\/Desigualdad-9-1024x682.jpg\" data-orig-src=\"https:\/\/portal.segeplan.gob.gt\/segeplan\/wp-content\/uploads\/2025\/07\/Desigualdad-9-1024x682.jpg\" alt=\"\" width=\"1024\" height=\"682\" srcset=\"data:image\/svg+xml,%3Csvg%20xmlns%3D%27http%3A%2F%2Fwww.w3.org%2F2000%2Fsvg%27%20width%3D%271024%27%20height%3D%27682%27%20viewBox%3D%270%200%201024%20682%27%3E%3Crect%20width%3D%271024%27%20height%3D%27682%27%20fill-opacity%3D%220%22%2F%3E%3C%2Fsvg%3E\" data-srcset=\"https:\/\/portal.segeplan.gob.gt\/segeplan\/wp-content\/uploads\/2025\/07\/Desigualdad-9-200x133.jpg 200w, https:\/\/portal.segeplan.gob.gt\/segeplan\/wp-content\/uploads\/2025\/07\/Desigualdad-9-300x200.jpg 300w, https:\/\/portal.segeplan.gob.gt\/segeplan\/wp-content\/uploads\/2025\/07\/Desigualdad-9-400x267.jpg 400w, https:\/\/portal.segeplan.gob.gt\/segeplan\/wp-content\/uploads\/2025\/07\/Desigualdad-9-600x400.jpg 600w, https:\/\/portal.segeplan.gob.gt\/segeplan\/wp-content\/uploads\/2025\/07\/Desigualdad-9-768x512.jpg 768w, https:\/\/portal.segeplan.gob.gt\/segeplan\/wp-content\/uploads\/2025\/07\/Desigualdad-9-800x533.jpg 800w, https:\/\/portal.segeplan.gob.gt\/segeplan\/wp-content\/uploads\/2025\/07\/Desigualdad-9-1024x682.jpg 1024w, https:\/\/portal.segeplan.gob.gt\/segeplan\/wp-content\/uploads\/2025\/07\/Desigualdad-9-1200x800.jpg 1200w, https:\/\/portal.segeplan.gob.gt\/segeplan\/wp-content\/uploads\/2025\/07\/Desigualdad-9-1536x1024.jpg 1536w\" data-sizes=\"auto\" data-orig-sizes=\"(max-width: 1024px) 100vw, 1024px\" \/><p id=\"caption-attachment-13580\" class=\"wp-caption-text\">El secretario Carlos Mendoza expuso sobre las cuatro estrategias del gobierno del presidente Bernardo Ar\u00e9valo, que buscan combatir las brechas de desigualdad.<\/p><\/div>\n<p>Entre los datos nacionales presentados por Mendoza se encuentran la incidencia de pobreza por \u00e1rea y pertinencia \u00e9tnica; el porcentaje de hogares sin acceso a agua, extracci\u00f3n de basura, saneamiento, con piso de tierra y sin acceso a electricidad, entre otros.<\/p>\n<p>Estos datos, que son una radiograf\u00eda de la poblaci\u00f3n y su condici\u00f3n de vida, han supuesto una herramienta para el Gobierno de Guatemala, con el objetivo de impulsar estrategias y programas que beneficien a la ciudadan\u00eda dependiendo de las necesidades que presenten.<\/p>\n<p>\u201cLa visi\u00f3n del presidente Bernardo Ar\u00e9valo es construir un pa\u00eds donde se reconozca la pluralidad, que sea equitativo y democr\u00e1tico, respetuoso con la naturaleza y con los cuatro pueblos. Queremos sentar las bases para que haya una democracia con justicia social, y una justicia social con democracia\u201d, puntualiz\u00f3.<\/p>\n<p>En ese orden de ideas, el secretario present\u00f3 las cuatro iniciativas que el gobierno lidera para cerrar las brechas de desigualdad:<\/p>\n<ul>\n<li><strong>Rutas del Desarrollo<\/strong>: Busca mejorar y rehabilitar tramos estrat\u00e9gicos que conectan comunidades para promover el acceso a servicios p\u00fablicos.<\/li>\n<li><strong>Mano a Mano:<\/strong>Tiene por objetivo reducir las brochas estructurales de exclusi\u00f3n social, impulsando el acceso a educaci\u00f3n, salud, nutrici\u00f3n y trabajo digno.<\/li>\n<li><strong>Becas por Nuestro Futuro<\/strong>: Otorgamiento de becas a personas en vulnerabilidad para que puedan estudiar cursos t\u00e9cnicos no universitarios, licenciaturas o posgrados.<\/li>\n<li><strong>Remozamiento de Infraestructura Escolar:<\/strong> Prioriza la rehabilitaci\u00f3n, mantenimiento o mejora de centros educativos en zonas rurales o de alta exclusi\u00f3n.<\/li>\n<\/ul>\n<p>\u201cHay que entrar al c\u00edrculo virtuoso del desarrollo. Tenemos que basar nuestras decisiones en los datos disponibles, en la evidencia y ver el an\u00e1lisis de costo y beneficio para determinar las intervenciones m\u00e1s efectivas\u201d, mencion\u00f3.<\/p>\n<div id=\"attachment_13581\" style=\"width: 1034px\" class=\"wp-caption aligncenter\"><img decoding=\"async\" aria-describedby=\"caption-attachment-13581\" class=\"lazyload size-large wp-image-13581\" src=\"https:\/\/portal.segeplan.gob.gt\/segeplan\/wp-content\/uploads\/2025\/07\/Desigualdad-1-1024x682.jpg\" data-orig-src=\"https:\/\/portal.segeplan.gob.gt\/segeplan\/wp-content\/uploads\/2025\/07\/Desigualdad-1-1024x682.jpg\" alt=\"\" width=\"1024\" height=\"682\" srcset=\"data:image\/svg+xml,%3Csvg%20xmlns%3D%27http%3A%2F%2Fwww.w3.org%2F2000%2Fsvg%27%20width%3D%271024%27%20height%3D%27682%27%20viewBox%3D%270%200%201024%20682%27%3E%3Crect%20width%3D%271024%27%20height%3D%27682%27%20fill-opacity%3D%220%22%2F%3E%3C%2Fsvg%3E\" data-srcset=\"https:\/\/portal.segeplan.gob.gt\/segeplan\/wp-content\/uploads\/2025\/07\/Desigualdad-1-200x133.jpg 200w, https:\/\/portal.segeplan.gob.gt\/segeplan\/wp-content\/uploads\/2025\/07\/Desigualdad-1-300x200.jpg 300w, https:\/\/portal.segeplan.gob.gt\/segeplan\/wp-content\/uploads\/2025\/07\/Desigualdad-1-400x267.jpg 400w, https:\/\/portal.segeplan.gob.gt\/segeplan\/wp-content\/uploads\/2025\/07\/Desigualdad-1-600x400.jpg 600w, https:\/\/portal.segeplan.gob.gt\/segeplan\/wp-content\/uploads\/2025\/07\/Desigualdad-1-768x512.jpg 768w, https:\/\/portal.segeplan.gob.gt\/segeplan\/wp-content\/uploads\/2025\/07\/Desigualdad-1-800x533.jpg 800w, https:\/\/portal.segeplan.gob.gt\/segeplan\/wp-content\/uploads\/2025\/07\/Desigualdad-1-1024x682.jpg 1024w, https:\/\/portal.segeplan.gob.gt\/segeplan\/wp-content\/uploads\/2025\/07\/Desigualdad-1-1200x800.jpg 1200w, https:\/\/portal.segeplan.gob.gt\/segeplan\/wp-content\/uploads\/2025\/07\/Desigualdad-1-1536x1024.jpg 1536w\" data-sizes=\"auto\" data-orig-sizes=\"(max-width: 1024px) 100vw, 1024px\" \/><p id=\"caption-attachment-13581\" class=\"wp-caption-text\">El segundo d\u00eda del seminario internacional cont\u00f3 con la presencia de la vicepresidenta Karin Herrera.<\/p><\/div>\n<p><strong>Qu\u00e9 caracter\u00edsticas influyen en la permanencia de la desigualdad<\/strong><\/p>\n<p>Al di\u00e1logo sobre la desigualdad geogr\u00e1fica en Guatemala se sumaron \u00d3scar Ch\u00e1vez, gerente del Instituto Nacional de Estad\u00edstica (INE); Wilson Romero, director de Investigaciones de la Universidad Rafael Land\u00edvar, y Luis Vel\u00e1squez, especialista en producci\u00f3n y an\u00e1lisis estad\u00edstico del Fondo de Poblaci\u00f3n de las Naciones Unidas.<\/p>\n<p>Uno de los puntos destacados por Romero fue el \u201carraigado racismo que existe en Guatemala\u201d, pues consider\u00f3 que los datos demuestran que las \u00e1reas mayormente excluidas son aquellas en las que habitan poblaciones ind\u00edgenas. Ante esto, opin\u00f3 que el Gobierno debe poner \u00e9nfasis en estas \u00e1reas para comenzar a cerrar las brechas de desigualdad.<\/p>\n<p>Por su parte, Vel\u00e1squez record\u00f3 que un factor positivo del pa\u00eds es su bono demogr\u00e1fico el cual comenz\u00f3 en 2015. Seg\u00fan Vel\u00e1squez, el bono demogr\u00e1fico debe verse como una oportunidad para estimular el crecimiento econ\u00f3mico y la reducci\u00f3n en los niveles de pobreza. Por ello, el gobierno debe plantear sus pol\u00edticas p\u00fablicas considerando la poblaci\u00f3n joven y promover un abordaje territorial especializado.<\/p>\n<blockquote class=\"twitter-tweet\">\n<p dir=\"ltr\" lang=\"es\">Durante el Seminario Internacional &#8220;Claves para superar la desigualdad en Am\u00e9rica Latina y el Caribe&#8221;, el secretario, Carlos Mendoza, abord\u00f3 la desigualdad geogr\u00e1fica en <a href=\"https:\/\/twitter.com\/hashtag\/Guatemala?src=hash&amp;ref_src=twsrc%5Etfw\">#Guatemala<\/a> y destac\u00f3 c\u00f3mo, desde el Gobierno de Guatemala , impulsamos iniciativas para cerrar brechas\u2026 <a href=\"https:\/\/t.co\/CKGkaReOKV\">pic.twitter.com\/CKGkaReOKV<\/a><\/p>\n<p>\u2014 SEGEPLAN (@Segeplan) <a href=\"https:\/\/twitter.com\/Segeplan\/status\/1950621620311077142?ref_src=twsrc%5Etfw\">July 30, 2025<\/a><\/p>\n<\/blockquote>\n<p><script async src=\"https:\/\/platform.twitter.com\/widgets.js\" charset=\"utf-8\"><\/script><\/p>\n<p>Por \u00faltimo, Ch\u00e1vez record\u00f3 que el INE, a trav\u00e9s de sus diferentes instrumentos, visibiliza las desigualdades en Guatemala. El siguiente paso es que las instituciones gubernamentales hagan uso de estos datos y sean la base para implementar programas y proyectos en los territorios.<\/p>\n<\/div><\/div><style type=\"text\/css\">.fusion-body .fusion-builder-column-0{width:100% !important;margin-top : 0px;margin-bottom : 0px;}.fusion-builder-column-0 > .fusion-column-wrapper {padding-top : 0px !important;padding-right : 0px !important;margin-right : 1.92%;padding-bottom : 0px !important;padding-left : 0px !important;margin-left : 1.92%;}@media only screen and (max-width:1024px) {.fusion-body .fusion-builder-column-0{width:100% !important;}.fusion-builder-column-0 > .fusion-column-wrapper {margin-right : 1.92%;margin-left : 1.92%;}}@media only screen and (max-width:640px) {.fusion-body .fusion-builder-column-0{width:100% !important;}.fusion-builder-column-0 > .fusion-column-wrapper {margin-right : 1.92%;margin-left : 1.92%;}}<\/style><\/div><\/div><style type=\"text\/css\">.fusion-body .fusion-flex-container.fusion-builder-row-1{ padding-top : 0px;margin-top : 0px;padding-right : 0px;padding-bottom : 0px;margin-bottom : 0px;padding-left : 0px;}<\/style><\/div>\n<div class=\"pvc_clear\"><\/div>\n<p id=\"pvc_stats_13579\" class=\"pvc_stats all  \" data-element-id=\"13579\" style=\"\"><i class=\"pvc-stats-icon small\" aria-hidden=\"true\"><svg xmlns=\"http:\/\/www.w3.org\/2000\/svg\" version=\"1.0\" viewBox=\"0 0 502 315\" preserveAspectRatio=\"xMidYMid meet\"><g transform=\"translate(0,332) scale(0.1,-0.1)\" fill=\"\" stroke=\"none\"><path d=\"M2394 3279 l-29 -30 -3 -207 c-2 -182 0 -211 15 -242 39 -76 157 -76 196 0 15 31 17 60 15 243 l-3 209 -33 29 c-26 23 -41 29 -80 29 -41 0 -53 -5 -78 -31z\"\/><path d=\"M3085 3251 c-45 -19 -58 -50 -96 -229 -47 -217 -49 -260 -13 -295 52 -53 146 -42 177 20 16 31 87 366 87 410 0 70 -86 122 -155 94z\"\/><path d=\"M1751 3234 c-13 -9 -29 -31 -37 -50 -12 -29 -10 -49 21 -204 19 -94 39 -189 45 -210 14 -50 54 -80 110 -80 34 0 48 6 76 34 21 21 34 44 34 59 0 14 -18 113 -40 219 -37 178 -43 195 -70 221 -36 32 -101 37 -139 11z\"\/><path d=\"M1163 3073 c-36 -7 -73 -59 -73 -102 0 -56 133 -378 171 -413 34 -32 83 -37 129 -13 70 36 67 87 -16 290 -86 209 -89 214 -129 231 -35 14 -42 15 -82 7z\"\/><path d=\"M3689 3066 c-15 -9 -33 -30 -42 -48 -48 -103 -147 -355 -147 -375 0 -98 131 -148 192 -74 13 15 57 108 97 206 80 196 84 226 37 273 -30 30 -99 39 -137 18z\"\/><path d=\"M583 2784 c-38 -19 -67 -74 -58 -113 9 -42 211 -354 242 -373 16 -10 45 -18 66 -18 51 0 107 52 107 100 0 39 -1 41 -124 234 -80 126 -108 162 -133 173 -41 17 -61 16 -100 -3z\"\/><path d=\"M4250 2784 c-14 -9 -74 -91 -133 -183 -95 -150 -107 -173 -107 -213 0 -55 33 -94 87 -104 67 -13 90 8 211 198 130 202 137 225 78 284 -27 27 -42 34 -72 34 -22 0 -50 -8 -64 -16z\"\/><path d=\"M2275 2693 c-553 -48 -1095 -270 -1585 -649 -135 -104 -459 -423 -483 -476 -23 -49 -22 -139 2 -186 73 -142 361 -457 571 -626 285 -228 642 -407 990 -497 242 -63 336 -73 660 -74 310 0 370 5 595 52 535 111 1045 392 1455 803 122 121 250 273 275 326 19 41 19 137 0 174 -41 79 -309 363 -465 492 -447 370 -946 591 -1479 653 -113 14 -422 18 -536 8z m395 -428 c171 -34 330 -124 456 -258 112 -119 167 -219 211 -378 27 -96 24 -300 -5 -401 -72 -255 -236 -447 -474 -557 -132 -62 -201 -76 -368 -76 -167 0 -236 14 -368 76 -213 98 -373 271 -451 485 -162 444 86 934 547 1084 153 49 292 57 452 25z m909 -232 c222 -123 408 -262 593 -441 76 -74 138 -139 138 -144 0 -16 -233 -242 -330 -319 -155 -123 -309 -223 -461 -299 l-81 -41 32 46 c18 26 49 83 70 128 143 306 141 649 -6 957 -25 52 -61 116 -79 142 l-34 47 45 -20 c26 -10 76 -36 113 -56z m-2057 25 c-40 -58 -105 -190 -130 -263 -110 -324 -59 -707 132 -981 25 -35 42 -64 37 -64 -19 0 -241 119 -326 174 -188 122 -406 314 -532 468 l-58 71 108 103 c185 178 428 349 672 473 66 33 121 60 123 61 2 0 -10 -19 -26 -42z\"\/><path d=\"M2375 1950 c-198 -44 -350 -190 -395 -379 -18 -76 -8 -221 19 -290 114 -284 457 -406 731 -260 98 52 188 154 231 260 27 69 37 214 19 290 -38 163 -166 304 -326 360 -67 23 -215 33 -279 19z\"\/><\/g><\/svg><\/i> <img class=\"lazyload\" decoding=\"async\" width=\"16\" height=\"16\" alt=\"Loading\" src=\"data:image\/svg+xml,%3Csvg%20xmlns%3D%27http%3A%2F%2Fwww.w3.org%2F2000%2Fsvg%27%20width%3D%2716%27%20height%3D%2716%27%20viewBox%3D%270%200%2016%2016%27%3E%3Crect%20width%3D%2716%27%20height%3D%2716%27%20fill-opacity%3D%220%22%2F%3E%3C%2Fsvg%3E\" data-orig-src=\"https:\/\/portal.segeplan.gob.gt\/segeplan\/wp-content\/plugins\/page-views-count\/ajax-loader-2x.gif\" border=0 \/><\/p>\n<div class=\"pvc_clear\"><\/div>\n","protected":false},"excerpt":{"rendered":"","protected":false},"author":7,"featured_media":13584,"comment_status":"open","ping_status":"open","sticky":false,"template":"","format":"standard","meta":{"_price":"","_stock":"","_tribe_ticket_header":"","_tribe_default_ticket_provider":"","_ticket_start_date":"","_ticket_end_date":"","_tribe_ticket_show_description":"","_tribe_ticket_show_not_going":false,"_tribe_ticket_use_global_stock":"","_tribe_ticket_global_stock_level":"","_global_stock_mode":"","_global_stock_cap":"","_tribe_rsvp_for_event":"","_tribe_ticket_going_count":"","_tribe_ticket_not_going_count":"","_tribe_tickets_list":"[]","_tribe_ticket_has_attendee_info_fields":false,"footnotes":""},"categories":[31],"tags":[],"class_list":["post-13579","post","type-post","status-publish","format-standard","has-post-thumbnail","hentry","category-noticias-presidencia"],"_links":{"self":[{"href":"https:\/\/portal.segeplan.gob.gt\/segeplan\/index.php?rest_route=\/wp\/v2\/posts\/13579","targetHints":{"allow":["GET"]}}],"collection":[{"href":"https:\/\/portal.segeplan.gob.gt\/segeplan\/index.php?rest_route=\/wp\/v2\/posts"}],"about":[{"href":"https:\/\/portal.segeplan.gob.gt\/segeplan\/index.php?rest_route=\/wp\/v2\/types\/post"}],"author":[{"embeddable":true,"href":"https:\/\/portal.segeplan.gob.gt\/segeplan\/index.php?rest_route=\/wp\/v2\/users\/7"}],"replies":[{"embeddable":true,"href":"https:\/\/portal.segeplan.gob.gt\/segeplan\/index.php?rest_route=%2Fwp%2Fv2%2Fcomments&post=13579"}],"version-history":[{"count":2,"href":"https:\/\/portal.segeplan.gob.gt\/segeplan\/index.php?rest_route=\/wp\/v2\/posts\/13579\/revisions"}],"predecessor-version":[{"id":13587,"href":"https:\/\/portal.segeplan.gob.gt\/segeplan\/index.php?rest_route=\/wp\/v2\/posts\/13579\/revisions\/13587"}],"wp:featuredmedia":[{"embeddable":true,"href":"https:\/\/portal.segeplan.gob.gt\/segeplan\/index.php?rest_route=\/wp\/v2\/media\/13584"}],"wp:attachment":[{"href":"https:\/\/portal.segeplan.gob.gt\/segeplan\/index.php?rest_route=%2Fwp%2Fv2%2Fmedia&parent=13579"}],"wp:term":[{"taxonomy":"category","embeddable":true,"href":"https:\/\/portal.segeplan.gob.gt\/segeplan\/index.php?rest_route=%2Fwp%2Fv2%2Fcategories&post=13579"},{"taxonomy":"post_tag","embeddable":true,"href":"https:\/\/portal.segeplan.gob.gt\/segeplan\/index.php?rest_route=%2Fwp%2Fv2%2Ftags&post=13579"}],"curies":[{"name":"wp","href":"https:\/\/api.w.org\/{rel}","templated":true}]}}