{"id":13592,"date":"2025-07-31T16:34:09","date_gmt":"2025-07-31T22:34:09","guid":{"rendered":"https:\/\/portal.segeplan.gob.gt\/segeplan\/?p=13592"},"modified":"2025-07-31T16:44:49","modified_gmt":"2025-07-31T22:44:49","slug":"conversatorio-resalta-el-papel-estrategico-de-los-datos-en-la-formulacion-de-politicas-publicas-orientadas-a-aprovechar-el-bono-demografico-que-atraviesa-guatemala","status":"publish","type":"post","link":"https:\/\/portal.segeplan.gob.gt\/segeplan\/?p=13592","title":{"rendered":"Conversatorio resalta el papel estrat\u00e9gico de los datos en la formulaci\u00f3n de pol\u00edticas p\u00fablicas orientadas a aprovechar el bono demogr\u00e1fico que atraviesa Guatemala"},"content":{"rendered":"<div class=\"fusion-fullwidth fullwidth-box fusion-builder-row-1 fusion-flex-container nonhundred-percent-fullwidth non-hundred-percent-height-scrolling\" style=\"background-color: rgba(255,255,255,0);background-position: center center;background-repeat: no-repeat;border-width: 0px 0px 0px 0px;border-color:#e2e2e2;border-style:solid;\" ><div class=\"fusion-builder-row fusion-row fusion-flex-align-items-flex-start\" style=\"max-width:1185.6px;margin-left: calc(-4% \/ 2 );margin-right: calc(-4% \/ 2 );\"><div class=\"fusion-layout-column fusion_builder_column fusion-builder-column-0 fusion_builder_column_1_1 1_1 fusion-flex-column\"><div class=\"fusion-column-wrapper fusion-flex-justify-content-flex-start fusion-content-layout-column\" style=\"background-position:left top;background-repeat:no-repeat;-webkit-background-size:cover;-moz-background-size:cover;-o-background-size:cover;background-size:cover;padding: 0px 0px 0px 0px;\"><div class=\"fusion-text fusion-text-1\"><p><b>Guatemala, 31 de julio de 2025. <\/b><span style=\"font-weight: 400;\">En el marco del D\u00eda Mundial de la Poblaci\u00f3n, se llev\u00f3 a cabo este 31 de julio un conversatorio que reuni\u00f3 a actores clave del gobierno, el sector privado y la cooperaci\u00f3n internacional para reflexionar sobre la relevancia de los datos demogr\u00e1ficos en la planificaci\u00f3n del desarrollo y el aprovechamiento del bono demogr\u00e1fico en Guatemala.<\/span><\/p>\n<p><span style=\"font-weight: 400;\">El evento fue coorganizado por la Secretar\u00eda de Planificaci\u00f3n y Programaci\u00f3n de la Presidencia (SEGEPLAN) y el Fondo de Poblaci\u00f3n de las Naciones Unidas (UNFPA), como parte de los esfuerzos para promover pol\u00edticas p\u00fablicas basadas en evidencia que respondan a las necesidades reales de la poblaci\u00f3n.<\/span><\/p>\n<div id=\"attachment_13593\" style=\"width: 1034px\" class=\"wp-caption aligncenter\"><img decoding=\"async\" aria-describedby=\"caption-attachment-13593\" class=\"lazyload size-large wp-image-13593\" src=\"https:\/\/portal.segeplan.gob.gt\/segeplan\/wp-content\/uploads\/2025\/07\/FER04500-1024x683.jpg\" data-orig-src=\"https:\/\/portal.segeplan.gob.gt\/segeplan\/wp-content\/uploads\/2025\/07\/FER04500-1024x683.jpg\" alt=\"\" width=\"1024\" height=\"683\" srcset=\"data:image\/svg+xml,%3Csvg%20xmlns%3D%27http%3A%2F%2Fwww.w3.org%2F2000%2Fsvg%27%20width%3D%271024%27%20height%3D%27683%27%20viewBox%3D%270%200%201024%20683%27%3E%3Crect%20width%3D%271024%27%20height%3D%27683%27%20fill-opacity%3D%220%22%2F%3E%3C%2Fsvg%3E\" data-srcset=\"https:\/\/portal.segeplan.gob.gt\/segeplan\/wp-content\/uploads\/2025\/07\/FER04500-200x133.jpg 200w, https:\/\/portal.segeplan.gob.gt\/segeplan\/wp-content\/uploads\/2025\/07\/FER04500-300x200.jpg 300w, https:\/\/portal.segeplan.gob.gt\/segeplan\/wp-content\/uploads\/2025\/07\/FER04500-400x267.jpg 400w, https:\/\/portal.segeplan.gob.gt\/segeplan\/wp-content\/uploads\/2025\/07\/FER04500-600x400.jpg 600w, https:\/\/portal.segeplan.gob.gt\/segeplan\/wp-content\/uploads\/2025\/07\/FER04500-768x512.jpg 768w, https:\/\/portal.segeplan.gob.gt\/segeplan\/wp-content\/uploads\/2025\/07\/FER04500-800x533.jpg 800w, https:\/\/portal.segeplan.gob.gt\/segeplan\/wp-content\/uploads\/2025\/07\/FER04500-1024x683.jpg 1024w, https:\/\/portal.segeplan.gob.gt\/segeplan\/wp-content\/uploads\/2025\/07\/FER04500-1200x800.jpg 1200w, https:\/\/portal.segeplan.gob.gt\/segeplan\/wp-content\/uploads\/2025\/07\/FER04500-1536x1024.jpg 1536w\" data-sizes=\"auto\" data-orig-sizes=\"(max-width: 1024px) 100vw, 1024px\" \/><p id=\"caption-attachment-13593\" class=\"wp-caption-text\">El conversatorio cont\u00f3 con la asistencia de personal t\u00e9cnico de SEGEPLAN.<\/p><\/div>\n<p><span style=\"font-weight: 400;\">Durante el conversatorio, se compartieron las principales tendencias demogr\u00e1ficas que enfrenta el pa\u00eds en la actualidad. Se destac\u00f3 que Guatemala se encuentra en un momento clave de su transici\u00f3n demogr\u00e1fica, con una proporci\u00f3n creciente de poblaci\u00f3n en edad de trabajar entre 15 y 60 a\u00f1os. Este fen\u00f3meno conocido como bono demogr\u00e1fico representa una oportunidad \u00fanica para acelerar el crecimiento econ\u00f3mico, mejorar el bienestar social y reducir las desigualdades.<\/span><\/p>\n<p><span style=\"font-weight: 400;\">El conversatorio fue moderado por Lucy Rodr\u00edguez, polit\u00f3loga y analista en Tangente Podcast. Participaron como panelistas: Hugo Allan Garc\u00eda, Secretario en Funciones de SEGEPLAN, Claudia Maselli, Asesora del Despacho Ministerial del Ministerio de Trabajo y Previsi\u00f3n Social (MINTRAB); Luis Sosa, Economista de Pa\u00eds del Banco Interamericano de Desarrollo (BID) en Guatemala; y Yara Tobar, presidenta del Consejo Nacional de Empresarios (CNE).<\/span><\/p>\n<p><span style=\"font-weight: 400;\">Desde UNFPA, se reiter\u00f3 que aprovechar este potencial requiere inversi\u00f3n sostenida en salud, educaci\u00f3n, empleo decente y participaci\u00f3n juvenil, con especial atenci\u00f3n a mujeres y adolescentes. Asimismo, se hizo un llamado a fortalecer los sistemas de informaci\u00f3n estad\u00edstica y a garantizar que los datos est\u00e9n disponibles, sean accesibles y desagregados, de manera que orienten decisiones p\u00fablicas inclusivas y efectivas.<\/span><\/p>\n<p><span style=\"font-weight: 400;\">\u201cLa verdadera riqueza de un pa\u00eds est\u00e1 en su gente. Para no dejar a nadie atr\u00e1s, debemos mirar m\u00e1s all\u00e1 de los promedios y usar los datos para identificar brechas, cerrar desigualdades y construir pol\u00edticas que respondan a la diversidad del pa\u00eds\u201d<\/span><span style=\"font-weight: 400;\">, enfatiz\u00f3 V\u00edctor Valdivieso, Representante de UNFPA en Guatemala.<\/span><\/p>\n<p>Ante esto, el secretario Garc\u00eda expuso sobre c\u00f3mo el bono demogr\u00e1fico puede ser aprovechado por el Ejecutivo para fomentar el desarrollo econ\u00f3mico y social del pa\u00eds.<\/p>\n<p>&#8220;En algunos departamentos y municipios ya tenemos el bono demogr\u00e1fico iniciado y eso quiere decir que si no dotamos a los j\u00f3venes de una educaci\u00f3n lo suficientemente buena para acceder a un empleo digno y si no modernizamos el sistema econ\u00f3mico, lo que tendremos ser\u00e1n profesionales ejerciendo trabajos para los cuales est\u00e1n sobrecalificados&#8221;, puntualiz\u00f3.<\/p>\n<p><img decoding=\"async\" class=\"lazyload aligncenter size-large wp-image-13594\" src=\"https:\/\/portal.segeplan.gob.gt\/segeplan\/wp-content\/uploads\/2025\/07\/Bdemo-2-1024x682.jpg\" data-orig-src=\"https:\/\/portal.segeplan.gob.gt\/segeplan\/wp-content\/uploads\/2025\/07\/Bdemo-2-1024x682.jpg\" alt=\"Documento elaborado por UNFPA puede ser utilizado para la toma de decisiones basado en evidencia.\" width=\"1024\" height=\"682\" srcset=\"data:image\/svg+xml,%3Csvg%20xmlns%3D%27http%3A%2F%2Fwww.w3.org%2F2000%2Fsvg%27%20width%3D%271024%27%20height%3D%27682%27%20viewBox%3D%270%200%201024%20682%27%3E%3Crect%20width%3D%271024%27%20height%3D%27682%27%20fill-opacity%3D%220%22%2F%3E%3C%2Fsvg%3E\" data-srcset=\"https:\/\/portal.segeplan.gob.gt\/segeplan\/wp-content\/uploads\/2025\/07\/Bdemo-2-200x133.jpg 200w, https:\/\/portal.segeplan.gob.gt\/segeplan\/wp-content\/uploads\/2025\/07\/Bdemo-2-300x200.jpg 300w, https:\/\/portal.segeplan.gob.gt\/segeplan\/wp-content\/uploads\/2025\/07\/Bdemo-2-400x267.jpg 400w, https:\/\/portal.segeplan.gob.gt\/segeplan\/wp-content\/uploads\/2025\/07\/Bdemo-2-600x400.jpg 600w, https:\/\/portal.segeplan.gob.gt\/segeplan\/wp-content\/uploads\/2025\/07\/Bdemo-2-768x512.jpg 768w, https:\/\/portal.segeplan.gob.gt\/segeplan\/wp-content\/uploads\/2025\/07\/Bdemo-2-800x533.jpg 800w, https:\/\/portal.segeplan.gob.gt\/segeplan\/wp-content\/uploads\/2025\/07\/Bdemo-2-1024x682.jpg 1024w, https:\/\/portal.segeplan.gob.gt\/segeplan\/wp-content\/uploads\/2025\/07\/Bdemo-2-1200x800.jpg 1200w, https:\/\/portal.segeplan.gob.gt\/segeplan\/wp-content\/uploads\/2025\/07\/Bdemo-2-1536x1024.jpg 1536w\" data-sizes=\"auto\" data-orig-sizes=\"(max-width: 1024px) 100vw, 1024px\" \/><\/p>\n<p><span style=\"font-weight: 400;\">Como insumo para la discusi\u00f3n, UNFPA present\u00f3 un documento informativo sobre el bono demogr\u00e1fico en Guatemala, que destaca recomendaciones clave para transformar este bono en bienestar social y desarrollo sostenible. El documento subraya la necesidad de invertir prioritariamente en salud, educaci\u00f3n, salud\u00a0 sexual y reproductiva, empleo decente y protecci\u00f3n social, con enfoque en juventudes, mujeres y pueblos ind\u00edgenas. Tambi\u00e9n se\u00f1ala desaf\u00edos estructurales que deben atenderse, como la pobreza (56 % de la poblaci\u00f3n en 2023), la baja escolaridad en el nivel diversificado (24.5 %), la alta informalidad laboral (hasta 89 % en algunos sectores) y la persistencia del embarazo adolescente (67.2 nacimientos por cada 1,000 adolescentes en 2025). El documento tambi\u00e9n enfatiza que fortalecer la capacidad estad\u00edstica del pa\u00eds es clave para orientar pol\u00edticas p\u00fablicas inclusivas, con base en evidencia y sin dejar a nadie atr\u00e1s.<\/span><\/p>\n<p><span style=\"font-weight: 400;\">El evento propici\u00f3 un di\u00e1logo multisectorial en el que se compartieron perspectivas sobre c\u00f3mo ampliar las oportunidades para juventudes y mujeres en sectores estrat\u00e9gicos de la econom\u00eda, as\u00ed como las condiciones necesarias para impulsar una transformaci\u00f3n productiva que est\u00e9 alineada con las din\u00e1micas poblacionales del pa\u00eds.<\/span><\/p>\n<blockquote class=\"twitter-tweet\">\n<p dir=\"ltr\" lang=\"es\">En el marco del <a href=\"https:\/\/twitter.com\/hashtag\/D%C3%ADaMundialdelaPoblaci%C3%B3n?src=hash&amp;ref_src=twsrc%5Etfw\">#D\u00edaMundialdelaPoblaci\u00f3n<\/a> \ud83c\udf0e, <a href=\"https:\/\/twitter.com\/hashtag\/SEGEPLAN?src=hash&amp;ref_src=twsrc%5Etfw\">#SEGEPLAN<\/a> y <a href=\"https:\/\/twitter.com\/UNFPAGuatemala?ref_src=twsrc%5Etfw\">@UNFPAGuatemala<\/a> efectuaron el conversatorio \u201cTransformar datos en acci\u00f3n: Aprovechar la oportunidad demogr\u00e1fica con visi\u00f3n del pa\u00eds\u201d, en el que particip\u00f3 el secretario en funciones, Hugo Allan Garc\u00eda. <a href=\"https:\/\/t.co\/xySMj0e2hL\">pic.twitter.com\/xySMj0e2hL<\/a><\/p>\n<p>\u2014 SEGEPLAN (@Segeplan) <a href=\"https:\/\/twitter.com\/Segeplan\/status\/1951038082305687574?ref_src=twsrc%5Etfw\">July 31, 2025<\/a><\/p>\n<\/blockquote>\n<p><script async src=\"https:\/\/platform.twitter.com\/widgets.js\" charset=\"utf-8\"><\/script><\/p>\n<\/div><\/div><style type=\"text\/css\">.fusion-body .fusion-builder-column-0{width:100% !important;margin-top : 0px;margin-bottom : 0px;}.fusion-builder-column-0 > .fusion-column-wrapper {padding-top : 0px !important;padding-right : 0px !important;margin-right : 1.92%;padding-bottom : 0px !important;padding-left : 0px !important;margin-left : 1.92%;}@media only screen and (max-width:1024px) {.fusion-body .fusion-builder-column-0{width:100% !important;}.fusion-builder-column-0 > .fusion-column-wrapper {margin-right : 1.92%;margin-left : 1.92%;}}@media only screen and (max-width:640px) {.fusion-body .fusion-builder-column-0{width:100% !important;}.fusion-builder-column-0 > .fusion-column-wrapper {margin-right : 1.92%;margin-left : 1.92%;}}<\/style><\/div><\/div><style type=\"text\/css\">.fusion-body .fusion-flex-container.fusion-builder-row-1{ padding-top : 0px;margin-top : 0px;padding-right : 0px;padding-bottom : 0px;margin-bottom : 0px;padding-left : 0px;}<\/style><\/div>\n<div class=\"pvc_clear\"><\/div>\n<p id=\"pvc_stats_13592\" class=\"pvc_stats all  \" data-element-id=\"13592\" style=\"\"><i class=\"pvc-stats-icon small\" aria-hidden=\"true\"><svg xmlns=\"http:\/\/www.w3.org\/2000\/svg\" version=\"1.0\" viewBox=\"0 0 502 315\" preserveAspectRatio=\"xMidYMid meet\"><g transform=\"translate(0,332) scale(0.1,-0.1)\" fill=\"\" stroke=\"none\"><path d=\"M2394 3279 l-29 -30 -3 -207 c-2 -182 0 -211 15 -242 39 -76 157 -76 196 0 15 31 17 60 15 243 l-3 209 -33 29 c-26 23 -41 29 -80 29 -41 0 -53 -5 -78 -31z\"\/><path d=\"M3085 3251 c-45 -19 -58 -50 -96 -229 -47 -217 -49 -260 -13 -295 52 -53 146 -42 177 20 16 31 87 366 87 410 0 70 -86 122 -155 94z\"\/><path d=\"M1751 3234 c-13 -9 -29 -31 -37 -50 -12 -29 -10 -49 21 -204 19 -94 39 -189 45 -210 14 -50 54 -80 110 -80 34 0 48 6 76 34 21 21 34 44 34 59 0 14 -18 113 -40 219 -37 178 -43 195 -70 221 -36 32 -101 37 -139 11z\"\/><path d=\"M1163 3073 c-36 -7 -73 -59 -73 -102 0 -56 133 -378 171 -413 34 -32 83 -37 129 -13 70 36 67 87 -16 290 -86 209 -89 214 -129 231 -35 14 -42 15 -82 7z\"\/><path d=\"M3689 3066 c-15 -9 -33 -30 -42 -48 -48 -103 -147 -355 -147 -375 0 -98 131 -148 192 -74 13 15 57 108 97 206 80 196 84 226 37 273 -30 30 -99 39 -137 18z\"\/><path d=\"M583 2784 c-38 -19 -67 -74 -58 -113 9 -42 211 -354 242 -373 16 -10 45 -18 66 -18 51 0 107 52 107 100 0 39 -1 41 -124 234 -80 126 -108 162 -133 173 -41 17 -61 16 -100 -3z\"\/><path d=\"M4250 2784 c-14 -9 -74 -91 -133 -183 -95 -150 -107 -173 -107 -213 0 -55 33 -94 87 -104 67 -13 90 8 211 198 130 202 137 225 78 284 -27 27 -42 34 -72 34 -22 0 -50 -8 -64 -16z\"\/><path d=\"M2275 2693 c-553 -48 -1095 -270 -1585 -649 -135 -104 -459 -423 -483 -476 -23 -49 -22 -139 2 -186 73 -142 361 -457 571 -626 285 -228 642 -407 990 -497 242 -63 336 -73 660 -74 310 0 370 5 595 52 535 111 1045 392 1455 803 122 121 250 273 275 326 19 41 19 137 0 174 -41 79 -309 363 -465 492 -447 370 -946 591 -1479 653 -113 14 -422 18 -536 8z m395 -428 c171 -34 330 -124 456 -258 112 -119 167 -219 211 -378 27 -96 24 -300 -5 -401 -72 -255 -236 -447 -474 -557 -132 -62 -201 -76 -368 -76 -167 0 -236 14 -368 76 -213 98 -373 271 -451 485 -162 444 86 934 547 1084 153 49 292 57 452 25z m909 -232 c222 -123 408 -262 593 -441 76 -74 138 -139 138 -144 0 -16 -233 -242 -330 -319 -155 -123 -309 -223 -461 -299 l-81 -41 32 46 c18 26 49 83 70 128 143 306 141 649 -6 957 -25 52 -61 116 -79 142 l-34 47 45 -20 c26 -10 76 -36 113 -56z m-2057 25 c-40 -58 -105 -190 -130 -263 -110 -324 -59 -707 132 -981 25 -35 42 -64 37 -64 -19 0 -241 119 -326 174 -188 122 -406 314 -532 468 l-58 71 108 103 c185 178 428 349 672 473 66 33 121 60 123 61 2 0 -10 -19 -26 -42z\"\/><path d=\"M2375 1950 c-198 -44 -350 -190 -395 -379 -18 -76 -8 -221 19 -290 114 -284 457 -406 731 -260 98 52 188 154 231 260 27 69 37 214 19 290 -38 163 -166 304 -326 360 -67 23 -215 33 -279 19z\"\/><\/g><\/svg><\/i> <img class=\"lazyload\" decoding=\"async\" width=\"16\" height=\"16\" alt=\"Loading\" src=\"data:image\/svg+xml,%3Csvg%20xmlns%3D%27http%3A%2F%2Fwww.w3.org%2F2000%2Fsvg%27%20width%3D%2716%27%20height%3D%2716%27%20viewBox%3D%270%200%2016%2016%27%3E%3Crect%20width%3D%2716%27%20height%3D%2716%27%20fill-opacity%3D%220%22%2F%3E%3C%2Fsvg%3E\" data-orig-src=\"https:\/\/portal.segeplan.gob.gt\/segeplan\/wp-content\/plugins\/page-views-count\/ajax-loader-2x.gif\" border=0 \/><\/p>\n<div class=\"pvc_clear\"><\/div>\n","protected":false},"excerpt":{"rendered":"","protected":false},"author":7,"featured_media":13595,"comment_status":"open","ping_status":"open","sticky":false,"template":"","format":"standard","meta":{"_price":"","_stock":"","_tribe_ticket_header":"","_tribe_default_ticket_provider":"","_ticket_start_date":"","_ticket_end_date":"","_tribe_ticket_show_description":"","_tribe_ticket_show_not_going":false,"_tribe_ticket_use_global_stock":"","_tribe_ticket_global_stock_level":"","_global_stock_mode":"","_global_stock_cap":"","_tribe_rsvp_for_event":"","_tribe_ticket_going_count":"","_tribe_ticket_not_going_count":"","_tribe_tickets_list":"[]","_tribe_ticket_has_attendee_info_fields":false,"footnotes":""},"categories":[31],"tags":[],"class_list":["post-13592","post","type-post","status-publish","format-standard","has-post-thumbnail","hentry","category-noticias-presidencia"],"_links":{"self":[{"href":"https:\/\/portal.segeplan.gob.gt\/segeplan\/index.php?rest_route=\/wp\/v2\/posts\/13592","targetHints":{"allow":["GET"]}}],"collection":[{"href":"https:\/\/portal.segeplan.gob.gt\/segeplan\/index.php?rest_route=\/wp\/v2\/posts"}],"about":[{"href":"https:\/\/portal.segeplan.gob.gt\/segeplan\/index.php?rest_route=\/wp\/v2\/types\/post"}],"author":[{"embeddable":true,"href":"https:\/\/portal.segeplan.gob.gt\/segeplan\/index.php?rest_route=\/wp\/v2\/users\/7"}],"replies":[{"embeddable":true,"href":"https:\/\/portal.segeplan.gob.gt\/segeplan\/index.php?rest_route=%2Fwp%2Fv2%2Fcomments&post=13592"}],"version-history":[{"count":2,"href":"https:\/\/portal.segeplan.gob.gt\/segeplan\/index.php?rest_route=\/wp\/v2\/posts\/13592\/revisions"}],"predecessor-version":[{"id":13598,"href":"https:\/\/portal.segeplan.gob.gt\/segeplan\/index.php?rest_route=\/wp\/v2\/posts\/13592\/revisions\/13598"}],"wp:featuredmedia":[{"embeddable":true,"href":"https:\/\/portal.segeplan.gob.gt\/segeplan\/index.php?rest_route=\/wp\/v2\/media\/13595"}],"wp:attachment":[{"href":"https:\/\/portal.segeplan.gob.gt\/segeplan\/index.php?rest_route=%2Fwp%2Fv2%2Fmedia&parent=13592"}],"wp:term":[{"taxonomy":"category","embeddable":true,"href":"https:\/\/portal.segeplan.gob.gt\/segeplan\/index.php?rest_route=%2Fwp%2Fv2%2Fcategories&post=13592"},{"taxonomy":"post_tag","embeddable":true,"href":"https:\/\/portal.segeplan.gob.gt\/segeplan\/index.php?rest_route=%2Fwp%2Fv2%2Ftags&post=13592"}],"curies":[{"name":"wp","href":"https:\/\/api.w.org\/{rel}","templated":true}]}}