{"id":13882,"date":"2025-09-29T14:40:16","date_gmt":"2025-09-29T20:40:16","guid":{"rendered":"https:\/\/portal.segeplan.gob.gt\/segeplan\/?p=13882"},"modified":"2025-09-29T14:40:16","modified_gmt":"2025-09-29T20:40:16","slug":"conversan-sobre-retos-y-compromisos-para-avanzar-en-la-gestion-municipal-y-la-planificacion-territorial","status":"publish","type":"post","link":"https:\/\/portal.segeplan.gob.gt\/segeplan\/?p=13882","title":{"rendered":"Conversan sobre retos y compromisos para avanzar en la Gesti\u00f3n municipal y la planificaci\u00f3n territorial"},"content":{"rendered":"<div class=\"fusion-fullwidth fullwidth-box fusion-builder-row-1 fusion-flex-container nonhundred-percent-fullwidth non-hundred-percent-height-scrolling\" style=\"background-color: rgba(255,255,255,0);background-position: center center;background-repeat: no-repeat;border-width: 0px 0px 0px 0px;border-color:#e2e2e2;border-style:solid;\" ><div class=\"fusion-builder-row fusion-row fusion-flex-align-items-flex-start\" style=\"max-width:1185.6px;margin-left: calc(-4% \/ 2 );margin-right: calc(-4% \/ 2 );\"><div class=\"fusion-layout-column fusion_builder_column fusion-builder-column-0 fusion_builder_column_1_1 1_1 fusion-flex-column\"><div class=\"fusion-column-wrapper fusion-flex-justify-content-flex-start fusion-content-layout-column\" style=\"background-position:left top;background-repeat:no-repeat;-webkit-background-size:cover;-moz-background-size:cover;-o-background-size:cover;background-size:cover;padding: 0px 0px 0px 0px;\"><div class=\"fusion-text fusion-text-1\" style=\"text-align:justify;\"><p><strong>Guatemala, 29 de septiembre de 2025.<\/strong> Fortalecer e innovar la gesti\u00f3n fiscal y territorial en municipalidades, con el fin de mejorar la recaudaci\u00f3n del Impuesto \u00danico Sobre Inmuebles (IUSI) fue uno de los puntos a tratar en el conversatorio \u201cRetos y compromisos para avanzar en la Gesti\u00f3n Municipal de IUSI y la Planificaci\u00f3n Territorial\u201d, organizado por SEGEPLAN, OXFAM Guatemala y Geomatyca.<\/p>\n<p>Este espacio, orientado a fortalecer las capacidades municipales, permiti\u00f3 dialogar sobre la importancia de promover una planificaci\u00f3n territorial m\u00e1s eficiente y generar condiciones para el desarrollo econ\u00f3mico local.<\/p>\n<p>En el conversatorio, moderado por Enrique Naveda de Oxfam en Guatemala, participaron Carlos Mendoza, Secretario de SEGEPLAN, Sergio Mazariegos, Director de Catastro y Aval\u00fao de Bienes Inmuebles (DICABI-MINFIN) y Edgar Hern\u00e1ndez, Gerente del Instituto de Fomento Municipal (INFOM).<\/p>\n<div id=\"attachment_13883\" style=\"width: 1034px\" class=\"wp-caption aligncenter\"><img decoding=\"async\" aria-describedby=\"caption-attachment-13883\" class=\"lazyload size-large wp-image-13883\" src=\"https:\/\/portal.segeplan.gob.gt\/segeplan\/wp-content\/uploads\/2025\/09\/TERR-10-1024x682.jpg\" data-orig-src=\"https:\/\/portal.segeplan.gob.gt\/segeplan\/wp-content\/uploads\/2025\/09\/TERR-10-1024x682.jpg\" alt=\"\" width=\"1024\" height=\"682\" srcset=\"data:image\/svg+xml,%3Csvg%20xmlns%3D%27http%3A%2F%2Fwww.w3.org%2F2000%2Fsvg%27%20width%3D%271024%27%20height%3D%27682%27%20viewBox%3D%270%200%201024%20682%27%3E%3Crect%20width%3D%271024%27%20height%3D%27682%27%20fill-opacity%3D%220%22%2F%3E%3C%2Fsvg%3E\" data-srcset=\"https:\/\/portal.segeplan.gob.gt\/segeplan\/wp-content\/uploads\/2025\/09\/TERR-10-200x133.jpg 200w, https:\/\/portal.segeplan.gob.gt\/segeplan\/wp-content\/uploads\/2025\/09\/TERR-10-300x200.jpg 300w, https:\/\/portal.segeplan.gob.gt\/segeplan\/wp-content\/uploads\/2025\/09\/TERR-10-400x267.jpg 400w, https:\/\/portal.segeplan.gob.gt\/segeplan\/wp-content\/uploads\/2025\/09\/TERR-10-600x400.jpg 600w, https:\/\/portal.segeplan.gob.gt\/segeplan\/wp-content\/uploads\/2025\/09\/TERR-10-768x512.jpg 768w, https:\/\/portal.segeplan.gob.gt\/segeplan\/wp-content\/uploads\/2025\/09\/TERR-10-800x533.jpg 800w, https:\/\/portal.segeplan.gob.gt\/segeplan\/wp-content\/uploads\/2025\/09\/TERR-10-1024x682.jpg 1024w, https:\/\/portal.segeplan.gob.gt\/segeplan\/wp-content\/uploads\/2025\/09\/TERR-10-1200x800.jpg 1200w, https:\/\/portal.segeplan.gob.gt\/segeplan\/wp-content\/uploads\/2025\/09\/TERR-10-1536x1024.jpg 1536w\" data-sizes=\"auto\" data-orig-sizes=\"(max-width: 1024px) 100vw, 1024px\" \/><p id=\"caption-attachment-13883\" class=\"wp-caption-text\">El taller estaba dirigido a personal t\u00e9cnico de municipalidades para que se fortalecieran en conocimientos t\u00e9cnicos y pr\u00e1cticos.<\/p><\/div>\n<p>El Secretario Mendoza resalt\u00f3 la importancia de fortalecer a las municipalidades para que aumenten sus ingresos propios a trav\u00e9s de la recaudaci\u00f3n fiscal del IUSI, que a su vez se ver\u00eda reflejado en una mayor asignaci\u00f3n a trav\u00e9s del Situado Constitucional.<\/p>\n<p>Por su parte, el Director de DICABI se refiri\u00f3 a la importancia de fortalecer a los gobiernos locales con tecnolog\u00eda, actualizar sus bases inmobiliarias georreferenciadas y las bases catastrales para una mejor gesti\u00f3n del IUSI<\/p>\n<p>El Gerente del INFOM, mientras tanto, puso de relieve la importancia de capacitar e innovar a las unidades financieras administrativas de las municipalidades, para que lo que se recaude por los ingresos de IUSI se vean reflejados en inversi\u00f3n que retorne a las comunidades en bienes y servicios municipales eficientes.<\/p>\n<p>Asimismo, los panelistas ampliaron reflexiones sobre los retos y compromisos que enfrentan las municipalidades para avanzar en la gesti\u00f3n del IUSI y la planificaci\u00f3n territorial, resaltando la importancia de acompa\u00f1ar estos procesos con alianzas y cooperaci\u00f3n t\u00e9cnica.<\/p>\n<p>Como parte de la actividad, Jean Roch Lebeau, de Geomatyca, present\u00f3 los hallazgos de estudios sobre el potencial de recaudaci\u00f3n de IUSI en los municipios de San Luis, Pet\u00e9n; Santo Domingo, Suchitep\u00e9quez y Chisec, Alta Verapaz, los cuales evidenciaron la necesidad de fortalecer este tema.<\/p>\n<p>En el cierre del evento, Diana Osorio, Directora de Planificaci\u00f3n Territorial de SEGEPLAN, se refiri\u00f3 a la importancia de contar con datos geoespaciales actualizados para una adecuada planificaci\u00f3n territorial, subrayando la necesidad de fortalecer las capacidades t\u00e9cnicas e institucionales, especialmente a nivel municipal. Se\u00f1al\u00f3 que la \u00faltima recolecci\u00f3n a\u00e9rea de datos en el pa\u00eds fue en 2006; as\u00ed tambi\u00e9n que urge mejorar el acceso a tecnolog\u00edas modernas como im\u00e1genes satelitales y drones. Tambi\u00e9n se refiri\u00f3 a un marco legal m\u00e1s s\u00f3lido y catastros eficientes para que los impuestos se traduzcan en servicios p\u00fablicos de calidad.<\/p>\n<div id=\"attachment_13884\" style=\"width: 1034px\" class=\"wp-caption aligncenter\"><img decoding=\"async\" aria-describedby=\"caption-attachment-13884\" class=\"lazyload size-large wp-image-13884\" src=\"https:\/\/portal.segeplan.gob.gt\/segeplan\/wp-content\/uploads\/2025\/09\/TERR-3-1024x683.jpg\" data-orig-src=\"https:\/\/portal.segeplan.gob.gt\/segeplan\/wp-content\/uploads\/2025\/09\/TERR-3-1024x683.jpg\" alt=\"\" width=\"1024\" height=\"683\" srcset=\"data:image\/svg+xml,%3Csvg%20xmlns%3D%27http%3A%2F%2Fwww.w3.org%2F2000%2Fsvg%27%20width%3D%271024%27%20height%3D%27683%27%20viewBox%3D%270%200%201024%20683%27%3E%3Crect%20width%3D%271024%27%20height%3D%27683%27%20fill-opacity%3D%220%22%2F%3E%3C%2Fsvg%3E\" data-srcset=\"https:\/\/portal.segeplan.gob.gt\/segeplan\/wp-content\/uploads\/2025\/09\/TERR-3-200x133.jpg 200w, https:\/\/portal.segeplan.gob.gt\/segeplan\/wp-content\/uploads\/2025\/09\/TERR-3-300x200.jpg 300w, https:\/\/portal.segeplan.gob.gt\/segeplan\/wp-content\/uploads\/2025\/09\/TERR-3-400x267.jpg 400w, https:\/\/portal.segeplan.gob.gt\/segeplan\/wp-content\/uploads\/2025\/09\/TERR-3-600x400.jpg 600w, https:\/\/portal.segeplan.gob.gt\/segeplan\/wp-content\/uploads\/2025\/09\/TERR-3-768x512.jpg 768w, https:\/\/portal.segeplan.gob.gt\/segeplan\/wp-content\/uploads\/2025\/09\/TERR-3-800x533.jpg 800w, https:\/\/portal.segeplan.gob.gt\/segeplan\/wp-content\/uploads\/2025\/09\/TERR-3-1024x683.jpg 1024w, https:\/\/portal.segeplan.gob.gt\/segeplan\/wp-content\/uploads\/2025\/09\/TERR-3-1200x800.jpg 1200w, https:\/\/portal.segeplan.gob.gt\/segeplan\/wp-content\/uploads\/2025\/09\/TERR-3-1536x1024.jpg 1536w, https:\/\/portal.segeplan.gob.gt\/segeplan\/wp-content\/uploads\/2025\/09\/TERR-3.jpg 1900w\" data-sizes=\"auto\" data-orig-sizes=\"(max-width: 1024px) 100vw, 1024px\" \/><p id=\"caption-attachment-13884\" class=\"wp-caption-text\">Los expositores fueron especialistas de SEGEPLAN, Oxfam Guatemala y Geomatyca.<\/p><\/div>\n<p><strong>Marco conceptual<\/strong><\/p>\n<p>Este conversatorio se realiz\u00f3 en el marco del diplomado Gesti\u00f3n Municipal del Territorio, IUSI y financiamiento que imparte SEGEPLAN por medio de la Direcci\u00f3n de Fortalecimiento de Capacidades del Sistema Nacional de Planificaci\u00f3n (DFCSNP).<\/p>\n<p>El diplomado tiene el objetivo de proporcionar a autoridades y personal t\u00e9cnico de las municipalidades conocimientos te\u00f3ricos y pr\u00e1cticos en gesti\u00f3n territorial y fiscal. Tambi\u00e9n busca un enfoque integral que vincula la gesti\u00f3n fiscal municipal (IUSI), la planificaci\u00f3n territorial y el uso de tecnolog\u00edas de informaci\u00f3n geogr\u00e1fica (SIG) como pilares para el desarrollo sostenible.<\/p>\n<p>La recaudaci\u00f3n eficiente del IUSI no solo mejora la autonom\u00eda financiera de los municipios, sino que tambi\u00e9n refuerza los procesos de ordenamiento y planificaci\u00f3n, generando impactos directos en la calidad de vida de la poblaci\u00f3n.<\/p>\n<p>Con estas acciones, SEGEPLAN reafirma su compromiso de fortalecer capacidades en el marco del Sistema Nacional de Planificaci\u00f3n, para impulsar una gesti\u00f3n municipal m\u00e1s eficiente, transparente y orientada al bienestar de la poblaci\u00f3n.<\/p>\n<blockquote class=\"twitter-tweet\">\n<p dir=\"ltr\" lang=\"es\">\ud83d\udccd Fortaleciendo capacidades municipales<\/p>\n<p>SEGEPLAN imparte el diplomado \u201cGesti\u00f3n Municipal del Territorio, IUSI y Financiamiento\u201d, con el apoyo de <a href=\"https:\/\/twitter.com\/Oxfam?ref_src=twsrc%5Etfw\">@Oxfam<\/a> y Geomatyca. <a href=\"https:\/\/t.co\/uDyi1rIAVd\">pic.twitter.com\/uDyi1rIAVd<\/a><\/p>\n<p>\u2014 SEGEPLAN (@Segeplan) <a href=\"https:\/\/twitter.com\/Segeplan\/status\/1971378062689435994?ref_src=twsrc%5Etfw\">September 26, 2025<\/a><\/p>\n<\/blockquote>\n<p><script async src=\"https:\/\/platform.twitter.com\/widgets.js\" charset=\"utf-8\"><\/script><\/p>\n<\/div><\/div><style type=\"text\/css\">.fusion-body .fusion-builder-column-0{width:100% !important;margin-top : 0px;margin-bottom : 0px;}.fusion-builder-column-0 > .fusion-column-wrapper {padding-top : 0px !important;padding-right : 0px !important;margin-right : 1.92%;padding-bottom : 0px !important;padding-left : 0px !important;margin-left : 1.92%;}@media only screen and (max-width:1024px) {.fusion-body .fusion-builder-column-0{width:100% !important;}.fusion-builder-column-0 > .fusion-column-wrapper {margin-right : 1.92%;margin-left : 1.92%;}}@media only screen and (max-width:640px) {.fusion-body .fusion-builder-column-0{width:100% !important;}.fusion-builder-column-0 > .fusion-column-wrapper {margin-right : 1.92%;margin-left : 1.92%;}}<\/style><\/div><\/div><style type=\"text\/css\">.fusion-body .fusion-flex-container.fusion-builder-row-1{ padding-top : 0px;margin-top : 0px;padding-right : 0px;padding-bottom : 0px;margin-bottom : 0px;padding-left : 0px;}<\/style><\/div>\n<div class=\"pvc_clear\"><\/div>\n<p id=\"pvc_stats_13882\" class=\"pvc_stats all  \" data-element-id=\"13882\" style=\"\"><i class=\"pvc-stats-icon small\" aria-hidden=\"true\"><svg xmlns=\"http:\/\/www.w3.org\/2000\/svg\" version=\"1.0\" viewBox=\"0 0 502 315\" preserveAspectRatio=\"xMidYMid meet\"><g transform=\"translate(0,332) scale(0.1,-0.1)\" fill=\"\" stroke=\"none\"><path d=\"M2394 3279 l-29 -30 -3 -207 c-2 -182 0 -211 15 -242 39 -76 157 -76 196 0 15 31 17 60 15 243 l-3 209 -33 29 c-26 23 -41 29 -80 29 -41 0 -53 -5 -78 -31z\"\/><path d=\"M3085 3251 c-45 -19 -58 -50 -96 -229 -47 -217 -49 -260 -13 -295 52 -53 146 -42 177 20 16 31 87 366 87 410 0 70 -86 122 -155 94z\"\/><path d=\"M1751 3234 c-13 -9 -29 -31 -37 -50 -12 -29 -10 -49 21 -204 19 -94 39 -189 45 -210 14 -50 54 -80 110 -80 34 0 48 6 76 34 21 21 34 44 34 59 0 14 -18 113 -40 219 -37 178 -43 195 -70 221 -36 32 -101 37 -139 11z\"\/><path d=\"M1163 3073 c-36 -7 -73 -59 -73 -102 0 -56 133 -378 171 -413 34 -32 83 -37 129 -13 70 36 67 87 -16 290 -86 209 -89 214 -129 231 -35 14 -42 15 -82 7z\"\/><path d=\"M3689 3066 c-15 -9 -33 -30 -42 -48 -48 -103 -147 -355 -147 -375 0 -98 131 -148 192 -74 13 15 57 108 97 206 80 196 84 226 37 273 -30 30 -99 39 -137 18z\"\/><path d=\"M583 2784 c-38 -19 -67 -74 -58 -113 9 -42 211 -354 242 -373 16 -10 45 -18 66 -18 51 0 107 52 107 100 0 39 -1 41 -124 234 -80 126 -108 162 -133 173 -41 17 -61 16 -100 -3z\"\/><path d=\"M4250 2784 c-14 -9 -74 -91 -133 -183 -95 -150 -107 -173 -107 -213 0 -55 33 -94 87 -104 67 -13 90 8 211 198 130 202 137 225 78 284 -27 27 -42 34 -72 34 -22 0 -50 -8 -64 -16z\"\/><path d=\"M2275 2693 c-553 -48 -1095 -270 -1585 -649 -135 -104 -459 -423 -483 -476 -23 -49 -22 -139 2 -186 73 -142 361 -457 571 -626 285 -228 642 -407 990 -497 242 -63 336 -73 660 -74 310 0 370 5 595 52 535 111 1045 392 1455 803 122 121 250 273 275 326 19 41 19 137 0 174 -41 79 -309 363 -465 492 -447 370 -946 591 -1479 653 -113 14 -422 18 -536 8z m395 -428 c171 -34 330 -124 456 -258 112 -119 167 -219 211 -378 27 -96 24 -300 -5 -401 -72 -255 -236 -447 -474 -557 -132 -62 -201 -76 -368 -76 -167 0 -236 14 -368 76 -213 98 -373 271 -451 485 -162 444 86 934 547 1084 153 49 292 57 452 25z m909 -232 c222 -123 408 -262 593 -441 76 -74 138 -139 138 -144 0 -16 -233 -242 -330 -319 -155 -123 -309 -223 -461 -299 l-81 -41 32 46 c18 26 49 83 70 128 143 306 141 649 -6 957 -25 52 -61 116 -79 142 l-34 47 45 -20 c26 -10 76 -36 113 -56z m-2057 25 c-40 -58 -105 -190 -130 -263 -110 -324 -59 -707 132 -981 25 -35 42 -64 37 -64 -19 0 -241 119 -326 174 -188 122 -406 314 -532 468 l-58 71 108 103 c185 178 428 349 672 473 66 33 121 60 123 61 2 0 -10 -19 -26 -42z\"\/><path d=\"M2375 1950 c-198 -44 -350 -190 -395 -379 -18 -76 -8 -221 19 -290 114 -284 457 -406 731 -260 98 52 188 154 231 260 27 69 37 214 19 290 -38 163 -166 304 -326 360 -67 23 -215 33 -279 19z\"\/><\/g><\/svg><\/i> <img class=\"lazyload\" decoding=\"async\" width=\"16\" height=\"16\" alt=\"Loading\" src=\"data:image\/svg+xml,%3Csvg%20xmlns%3D%27http%3A%2F%2Fwww.w3.org%2F2000%2Fsvg%27%20width%3D%2716%27%20height%3D%2716%27%20viewBox%3D%270%200%2016%2016%27%3E%3Crect%20width%3D%2716%27%20height%3D%2716%27%20fill-opacity%3D%220%22%2F%3E%3C%2Fsvg%3E\" data-orig-src=\"https:\/\/portal.segeplan.gob.gt\/segeplan\/wp-content\/plugins\/page-views-count\/ajax-loader-2x.gif\" border=0 \/><\/p>\n<div class=\"pvc_clear\"><\/div>\n","protected":false},"excerpt":{"rendered":"","protected":false},"author":7,"featured_media":13885,"comment_status":"open","ping_status":"open","sticky":false,"template":"","format":"standard","meta":{"_price":"","_stock":"","_tribe_ticket_header":"","_tribe_default_ticket_provider":"","_ticket_start_date":"","_ticket_end_date":"","_tribe_ticket_show_description":"","_tribe_ticket_show_not_going":false,"_tribe_ticket_use_global_stock":"","_tribe_ticket_global_stock_level":"","_global_stock_mode":"","_global_stock_cap":"","_tribe_rsvp_for_event":"","_tribe_ticket_going_count":"","_tribe_ticket_not_going_count":"","_tribe_tickets_list":"[]","_tribe_ticket_has_attendee_info_fields":false,"footnotes":""},"categories":[31],"tags":[],"class_list":["post-13882","post","type-post","status-publish","format-standard","has-post-thumbnail","hentry","category-noticias-presidencia"],"_links":{"self":[{"href":"https:\/\/portal.segeplan.gob.gt\/segeplan\/index.php?rest_route=\/wp\/v2\/posts\/13882","targetHints":{"allow":["GET"]}}],"collection":[{"href":"https:\/\/portal.segeplan.gob.gt\/segeplan\/index.php?rest_route=\/wp\/v2\/posts"}],"about":[{"href":"https:\/\/portal.segeplan.gob.gt\/segeplan\/index.php?rest_route=\/wp\/v2\/types\/post"}],"author":[{"embeddable":true,"href":"https:\/\/portal.segeplan.gob.gt\/segeplan\/index.php?rest_route=\/wp\/v2\/users\/7"}],"replies":[{"embeddable":true,"href":"https:\/\/portal.segeplan.gob.gt\/segeplan\/index.php?rest_route=%2Fwp%2Fv2%2Fcomments&post=13882"}],"version-history":[{"count":1,"href":"https:\/\/portal.segeplan.gob.gt\/segeplan\/index.php?rest_route=\/wp\/v2\/posts\/13882\/revisions"}],"predecessor-version":[{"id":13886,"href":"https:\/\/portal.segeplan.gob.gt\/segeplan\/index.php?rest_route=\/wp\/v2\/posts\/13882\/revisions\/13886"}],"wp:featuredmedia":[{"embeddable":true,"href":"https:\/\/portal.segeplan.gob.gt\/segeplan\/index.php?rest_route=\/wp\/v2\/media\/13885"}],"wp:attachment":[{"href":"https:\/\/portal.segeplan.gob.gt\/segeplan\/index.php?rest_route=%2Fwp%2Fv2%2Fmedia&parent=13882"}],"wp:term":[{"taxonomy":"category","embeddable":true,"href":"https:\/\/portal.segeplan.gob.gt\/segeplan\/index.php?rest_route=%2Fwp%2Fv2%2Fcategories&post=13882"},{"taxonomy":"post_tag","embeddable":true,"href":"https:\/\/portal.segeplan.gob.gt\/segeplan\/index.php?rest_route=%2Fwp%2Fv2%2Ftags&post=13882"}],"curies":[{"name":"wp","href":"https:\/\/api.w.org\/{rel}","templated":true}]}}