{"id":13933,"date":"2025-10-03T16:48:37","date_gmt":"2025-10-03T22:48:37","guid":{"rendered":"https:\/\/portal.segeplan.gob.gt\/segeplan\/?p=13933"},"modified":"2025-10-03T16:48:37","modified_gmt":"2025-10-03T22:48:37","slug":"aprueban-agenda-regional-de-gobernanza-de-la-planificacion-y-la-gestion-publica-para-el-desarrollo-sostenible-en-america-latina-y-el-caribe","status":"publish","type":"post","link":"https:\/\/portal.segeplan.gob.gt\/segeplan\/?p=13933","title":{"rendered":"Aprueban Agenda Regional de Gobernanza de la Planificaci\u00f3n y la Gesti\u00f3n P\u00fablica para el Desarrollo Sostenible en Am\u00e9rica Latina y el Caribe"},"content":{"rendered":"<div class=\"fusion-fullwidth fullwidth-box fusion-builder-row-1 fusion-flex-container nonhundred-percent-fullwidth non-hundred-percent-height-scrolling\" style=\"background-color: rgba(255,255,255,0);background-position: center center;background-repeat: no-repeat;border-width: 0px 0px 0px 0px;border-color:#e2e2e2;border-style:solid;\" ><div class=\"fusion-builder-row fusion-row fusion-flex-align-items-flex-start\" style=\"max-width:1185.6px;margin-left: calc(-4% \/ 2 );margin-right: calc(-4% \/ 2 );\"><div class=\"fusion-layout-column fusion_builder_column fusion-builder-column-0 fusion_builder_column_1_1 1_1 fusion-flex-column\"><div class=\"fusion-column-wrapper fusion-flex-justify-content-flex-start fusion-content-layout-column\" style=\"background-position:left top;background-repeat:no-repeat;-webkit-background-size:cover;-moz-background-size:cover;-o-background-size:cover;background-size:cover;padding: 0px 0px 0px 0px;\"><div class=\"fusion-text fusion-text-1\" style=\"text-align:justify;\"><p><strong>Guatemala, 3 de octubre de 2025. <\/strong>El titular de la Secretar\u00eda de Planificaci\u00f3n y Programaci\u00f3n de la Presidencia (SEGEPLAN) Carlos Mendoza particip\u00f3 en la Vig\u00e9sima Reuni\u00f3n del Consejo Regional de Planificaci\u00f3n del Instituto Latinoamericano y del Caribe de Planificaci\u00f3n Econ\u00f3mica y Social (ILPES), en la que se aprob\u00f3 la Agenda Regional de Gobernanza de la Planificaci\u00f3n y la Gesti\u00f3n P\u00fablica para el Desarrollo Sostenible.<\/p>\n<p>En la reuni\u00f3n de alto nivel organizada por la Comisi\u00f3n Econ\u00f3mica para Am\u00e9rica Latina y el Caribe (CEPAL) y el Gobierno de Brasil, celebrada los d\u00edas 2 y 3 de octubre en Brasilia, las autoridades y expertos participantes aprobaron la Agenda, que constituye una hoja de ruta para el logro de un futuro m\u00e1s productivo, inclusivo y sostenible en la regi\u00f3n.<\/p>\n<p>Durante los dos d\u00edas, ministros(as), viceministros(as) y jefes(as) de planificaci\u00f3n de varios pa\u00edses, as\u00ed como representantes de organismos internacionales, la academia y la sociedad civil, discutieron en torno a la gesti\u00f3n de las transformaciones que la regi\u00f3n necesita para avanzar hacia un nuevo paradigma de desarrollo que le permita superar las trampas estructurales que impiden su progreso econ\u00f3mico y social.<\/p>\n<p>La Agenda incluye cuatro ejes principales: gobernanza, institucionalidad y di\u00e1logo social; dimensi\u00f3n de futuro y gobernanza anticipatoria en el paradigma del desarrollo sostenible; coordinaci\u00f3n para lograr coherencia e integralidad en las pol\u00edticas p\u00fablicas; y evaluaci\u00f3n, valor p\u00fablico y establecimiento de una cultura de aprendizaje continuo.<\/p>\n<div id=\"attachment_13934\" style=\"width: 809px\" class=\"wp-caption aligncenter\"><img decoding=\"async\" aria-describedby=\"caption-attachment-13934\" class=\"lazyload size-full wp-image-13934\" src=\"https:\/\/portal.segeplan.gob.gt\/segeplan\/wp-content\/uploads\/2025\/10\/WhatsApp-Image-2025-10-03-at-16.39.35.jpeg\" data-orig-src=\"https:\/\/portal.segeplan.gob.gt\/segeplan\/wp-content\/uploads\/2025\/10\/WhatsApp-Image-2025-10-03-at-16.39.35.jpeg\" alt=\"\" width=\"799\" height=\"533\" srcset=\"data:image\/svg+xml,%3Csvg%20xmlns%3D%27http%3A%2F%2Fwww.w3.org%2F2000%2Fsvg%27%20width%3D%27799%27%20height%3D%27533%27%20viewBox%3D%270%200%20799%20533%27%3E%3Crect%20width%3D%27799%27%20height%3D%27533%27%20fill-opacity%3D%220%22%2F%3E%3C%2Fsvg%3E\" data-srcset=\"https:\/\/portal.segeplan.gob.gt\/segeplan\/wp-content\/uploads\/2025\/10\/WhatsApp-Image-2025-10-03-at-16.39.35-200x133.jpeg 200w, https:\/\/portal.segeplan.gob.gt\/segeplan\/wp-content\/uploads\/2025\/10\/WhatsApp-Image-2025-10-03-at-16.39.35-300x200.jpeg 300w, https:\/\/portal.segeplan.gob.gt\/segeplan\/wp-content\/uploads\/2025\/10\/WhatsApp-Image-2025-10-03-at-16.39.35-400x267.jpeg 400w, https:\/\/portal.segeplan.gob.gt\/segeplan\/wp-content\/uploads\/2025\/10\/WhatsApp-Image-2025-10-03-at-16.39.35-600x400.jpeg 600w, https:\/\/portal.segeplan.gob.gt\/segeplan\/wp-content\/uploads\/2025\/10\/WhatsApp-Image-2025-10-03-at-16.39.35-768x512.jpeg 768w, https:\/\/portal.segeplan.gob.gt\/segeplan\/wp-content\/uploads\/2025\/10\/WhatsApp-Image-2025-10-03-at-16.39.35.jpeg 799w\" data-sizes=\"auto\" data-orig-sizes=\"(max-width: 799px) 100vw, 799px\" \/><p id=\"caption-attachment-13934\" class=\"wp-caption-text\">La reuni\u00f3n fue organizada por la Comisi\u00f3n Econ\u00f3mica para Am\u00e9rica Latina y el Caribe (CEPAL) y el Gobierno de Brasil.<\/p><\/div>\n<p>El Secretario Ejecutivo Adjunto interino de la CEPAL y Oficial a Cargo del ILPES, Javier Medina V\u00e1squez, expres\u00f3 que el Consejo Regional de Planificaci\u00f3n dio un paso hist\u00f3rico al presentar la Agenda Regional de Gobernanza de la Planificaci\u00f3n y la Gesti\u00f3n P\u00fablica para el Desarrollo Sostenible, construida colectivamente a partir de di\u00e1logos y consultas.<\/p>\n<p>Medina V\u00e1squez se\u00f1al\u00f3 algunos de los temas que deber\u00edan orientar la creaci\u00f3n de los grupos de trabajo para la implementaci\u00f3n de este instrumento, entre ellos, innovaci\u00f3n p\u00fablica, gobierno abierto, gobernanza y participaci\u00f3n; cooperaci\u00f3n con el Caribe, prospectiva y desarrollo territorial, e integraci\u00f3n regional, entre otros, se inform\u00f3.<\/p>\n<div id=\"attachment_13935\" style=\"width: 809px\" class=\"wp-caption aligncenter\"><img decoding=\"async\" aria-describedby=\"caption-attachment-13935\" class=\"lazyload size-full wp-image-13935\" src=\"https:\/\/portal.segeplan.gob.gt\/segeplan\/wp-content\/uploads\/2025\/10\/WhatsApp-Image-2025-10-03-at-16.40.34.jpeg\" data-orig-src=\"https:\/\/portal.segeplan.gob.gt\/segeplan\/wp-content\/uploads\/2025\/10\/WhatsApp-Image-2025-10-03-at-16.40.34.jpeg\" alt=\"\" width=\"799\" height=\"533\" srcset=\"data:image\/svg+xml,%3Csvg%20xmlns%3D%27http%3A%2F%2Fwww.w3.org%2F2000%2Fsvg%27%20width%3D%27799%27%20height%3D%27533%27%20viewBox%3D%270%200%20799%20533%27%3E%3Crect%20width%3D%27799%27%20height%3D%27533%27%20fill-opacity%3D%220%22%2F%3E%3C%2Fsvg%3E\" data-srcset=\"https:\/\/portal.segeplan.gob.gt\/segeplan\/wp-content\/uploads\/2025\/10\/WhatsApp-Image-2025-10-03-at-16.40.34-200x133.jpeg 200w, https:\/\/portal.segeplan.gob.gt\/segeplan\/wp-content\/uploads\/2025\/10\/WhatsApp-Image-2025-10-03-at-16.40.34-300x200.jpeg 300w, https:\/\/portal.segeplan.gob.gt\/segeplan\/wp-content\/uploads\/2025\/10\/WhatsApp-Image-2025-10-03-at-16.40.34-400x267.jpeg 400w, https:\/\/portal.segeplan.gob.gt\/segeplan\/wp-content\/uploads\/2025\/10\/WhatsApp-Image-2025-10-03-at-16.40.34-600x400.jpeg 600w, https:\/\/portal.segeplan.gob.gt\/segeplan\/wp-content\/uploads\/2025\/10\/WhatsApp-Image-2025-10-03-at-16.40.34-768x512.jpeg 768w, https:\/\/portal.segeplan.gob.gt\/segeplan\/wp-content\/uploads\/2025\/10\/WhatsApp-Image-2025-10-03-at-16.40.34.jpeg 799w\" data-sizes=\"auto\" data-orig-sizes=\"(max-width: 799px) 100vw, 799px\" \/><p id=\"caption-attachment-13935\" class=\"wp-caption-text\">En la asamblea se abord\u00f3 temas como innovaci\u00f3n p\u00fablica, gobierno abierto y gobernanza.<\/p><\/div>\n<p><strong>Avances en Guatemala<\/strong><\/p>\n<p>En una de sus intervenciones, el Secretario de Planificaci\u00f3n, Carlos Mendoza, hizo un balance de los dos a\u00f1os del gobierno de Guatemala, destacando que ha avanzado en varios frentes en la planificaci\u00f3n del desarrollo.<\/p>\n<p>Se refiri\u00f3, entre otros aspectos, a la importancia de una planificaci\u00f3n multiactor y multinivel. Al respecto inform\u00f3 de la incorporaci\u00f3n de los pueblos ind\u00edgenas, ya que las autoridades actuales reconocen el rol clave de las autoridades ancestrales en la defensa de la democracia y se han establecido di\u00e1logos de alto nivel con ellas.<\/p>\n<p>Tambi\u00e9n dio cuenta de que se han firmado agendas de desarrollo territorial, elaboradas por los propios pueblos ind\u00edgenas, no por el gobierno. Asimismo, destac\u00f3 la importancia de la inclusi\u00f3n de m\u00e1s actores sociales en la planificaci\u00f3n del desarrollo, y que tambi\u00e9n se han hecho compromisos con organizaciones campesinas.<\/p>\n<p>A la vez anunci\u00f3 que pr\u00f3ximamente, se iniciar\u00e1 un di\u00e1logo que incluir\u00e1 al sector privado, sindicatos, ind\u00edgenas y campesinos para debatir un nuevo modelo de desarrollo econ\u00f3mico.<\/p>\n<p>En cuanto a la planificaci\u00f3n con horizonte de largo plazo, dio a conocer que se est\u00e1 trabajando en una actualizaci\u00f3n del Plan Nacional de Desarrollo K\u2019atun al a\u00f1o 2052, y que para ello se cuenta con apoyo de agencias de la ONU como CEPAL y el PNUD.<\/p>\n<p>Igualmente inform\u00f3 que se trabaja en la descentralizaci\u00f3n y gobiernos departamentales, a los cuales se busca fortalecer, dot\u00e1ndolos de capacidades t\u00e9cnicas, operativas y pol\u00edticas.<\/p>\n<p>Refiri\u00f3 que actualmente, estas instituciones son d\u00e9biles, con poco personal y recursos.<\/p>\n<p><strong>Resaltan seminario de SNIP\u00a0 <\/strong><\/p>\n<p>En el Informe de actividades de ILPES en el periodo 2024-2025, presentado hoy, entre los eventos que se resaltaron est\u00e1 el XIII Seminario de la Red de Sistemas Nacionales de Inversi\u00f3n P\u00fablica de Am\u00e9rica Latina y el Caribe (Red SNIP) que se efectu\u00f3 en La Antigua Guatemala, en el mes de julio de este a\u00f1o, mediante un video.<\/p>\n<p>El Secretario Mendoza record\u00f3 que en La Antigua se realizaron tambi\u00e9n la Reuni\u00f3n Regional de los Sistemas Nacionales de Seguimiento y Evaluaci\u00f3n, con apoyo de OVE-BID y CLEAR LAC y un evento sobre temas territoriales.<\/p>\n<p>Respaldado por esta experiencia, nuestro pa\u00eds invit\u00f3 a que se realice aqu\u00ed otro evento, como los encuentros sobre innovaci\u00f3n p\u00fablica, gobernanza anticipatoria o gobernanza colaborativa.<\/p>\n<blockquote class=\"twitter-tweet\">\n<p dir=\"ltr\" lang=\"es\">El Secretario Carlos Mendoza participa en la XX Reuni\u00f3n del Consejo Regional de Planificaci\u00f3n de ILPES-CEPAL, que se celebra en Brasilia, <a href=\"https:\/\/twitter.com\/hashtag\/Brasil?src=hash&amp;ref_src=twsrc%5Etfw\">#Brasil<\/a>. \ud83d\uddfa\ufe0f <a href=\"https:\/\/t.co\/AoXr3RN91Y\">pic.twitter.com\/AoXr3RN91Y<\/a><\/p>\n<p>\u2014 SEGEPLAN (@Segeplan) <a href=\"https:\/\/twitter.com\/Segeplan\/status\/1973909560089072097?ref_src=twsrc%5Etfw\">October 3, 2025<\/a><\/p>\n<\/blockquote>\n<p><script async src=\"https:\/\/platform.twitter.com\/widgets.js\" charset=\"utf-8\"><\/script><\/p>\n<\/div><\/div><style type=\"text\/css\">.fusion-body .fusion-builder-column-0{width:100% !important;margin-top : 0px;margin-bottom : 0px;}.fusion-builder-column-0 > .fusion-column-wrapper {padding-top : 0px !important;padding-right : 0px !important;margin-right : 1.92%;padding-bottom : 0px !important;padding-left : 0px !important;margin-left : 1.92%;}@media only screen and (max-width:1024px) {.fusion-body .fusion-builder-column-0{width:100% !important;}.fusion-builder-column-0 > .fusion-column-wrapper {margin-right : 1.92%;margin-left : 1.92%;}}@media only screen and (max-width:640px) {.fusion-body .fusion-builder-column-0{width:100% !important;}.fusion-builder-column-0 > .fusion-column-wrapper {margin-right : 1.92%;margin-left : 1.92%;}}<\/style><\/div><\/div><style type=\"text\/css\">.fusion-body .fusion-flex-container.fusion-builder-row-1{ padding-top : 0px;margin-top : 0px;padding-right : 0px;padding-bottom : 0px;margin-bottom : 0px;padding-left : 0px;}<\/style><\/div>\n<div class=\"pvc_clear\"><\/div>\n<p id=\"pvc_stats_13933\" class=\"pvc_stats all  \" data-element-id=\"13933\" style=\"\"><i class=\"pvc-stats-icon small\" aria-hidden=\"true\"><svg xmlns=\"http:\/\/www.w3.org\/2000\/svg\" version=\"1.0\" viewBox=\"0 0 502 315\" preserveAspectRatio=\"xMidYMid meet\"><g transform=\"translate(0,332) scale(0.1,-0.1)\" fill=\"\" stroke=\"none\"><path d=\"M2394 3279 l-29 -30 -3 -207 c-2 -182 0 -211 15 -242 39 -76 157 -76 196 0 15 31 17 60 15 243 l-3 209 -33 29 c-26 23 -41 29 -80 29 -41 0 -53 -5 -78 -31z\"\/><path d=\"M3085 3251 c-45 -19 -58 -50 -96 -229 -47 -217 -49 -260 -13 -295 52 -53 146 -42 177 20 16 31 87 366 87 410 0 70 -86 122 -155 94z\"\/><path d=\"M1751 3234 c-13 -9 -29 -31 -37 -50 -12 -29 -10 -49 21 -204 19 -94 39 -189 45 -210 14 -50 54 -80 110 -80 34 0 48 6 76 34 21 21 34 44 34 59 0 14 -18 113 -40 219 -37 178 -43 195 -70 221 -36 32 -101 37 -139 11z\"\/><path d=\"M1163 3073 c-36 -7 -73 -59 -73 -102 0 -56 133 -378 171 -413 34 -32 83 -37 129 -13 70 36 67 87 -16 290 -86 209 -89 214 -129 231 -35 14 -42 15 -82 7z\"\/><path d=\"M3689 3066 c-15 -9 -33 -30 -42 -48 -48 -103 -147 -355 -147 -375 0 -98 131 -148 192 -74 13 15 57 108 97 206 80 196 84 226 37 273 -30 30 -99 39 -137 18z\"\/><path d=\"M583 2784 c-38 -19 -67 -74 -58 -113 9 -42 211 -354 242 -373 16 -10 45 -18 66 -18 51 0 107 52 107 100 0 39 -1 41 -124 234 -80 126 -108 162 -133 173 -41 17 -61 16 -100 -3z\"\/><path d=\"M4250 2784 c-14 -9 -74 -91 -133 -183 -95 -150 -107 -173 -107 -213 0 -55 33 -94 87 -104 67 -13 90 8 211 198 130 202 137 225 78 284 -27 27 -42 34 -72 34 -22 0 -50 -8 -64 -16z\"\/><path d=\"M2275 2693 c-553 -48 -1095 -270 -1585 -649 -135 -104 -459 -423 -483 -476 -23 -49 -22 -139 2 -186 73 -142 361 -457 571 -626 285 -228 642 -407 990 -497 242 -63 336 -73 660 -74 310 0 370 5 595 52 535 111 1045 392 1455 803 122 121 250 273 275 326 19 41 19 137 0 174 -41 79 -309 363 -465 492 -447 370 -946 591 -1479 653 -113 14 -422 18 -536 8z m395 -428 c171 -34 330 -124 456 -258 112 -119 167 -219 211 -378 27 -96 24 -300 -5 -401 -72 -255 -236 -447 -474 -557 -132 -62 -201 -76 -368 -76 -167 0 -236 14 -368 76 -213 98 -373 271 -451 485 -162 444 86 934 547 1084 153 49 292 57 452 25z m909 -232 c222 -123 408 -262 593 -441 76 -74 138 -139 138 -144 0 -16 -233 -242 -330 -319 -155 -123 -309 -223 -461 -299 l-81 -41 32 46 c18 26 49 83 70 128 143 306 141 649 -6 957 -25 52 -61 116 -79 142 l-34 47 45 -20 c26 -10 76 -36 113 -56z m-2057 25 c-40 -58 -105 -190 -130 -263 -110 -324 -59 -707 132 -981 25 -35 42 -64 37 -64 -19 0 -241 119 -326 174 -188 122 -406 314 -532 468 l-58 71 108 103 c185 178 428 349 672 473 66 33 121 60 123 61 2 0 -10 -19 -26 -42z\"\/><path d=\"M2375 1950 c-198 -44 -350 -190 -395 -379 -18 -76 -8 -221 19 -290 114 -284 457 -406 731 -260 98 52 188 154 231 260 27 69 37 214 19 290 -38 163 -166 304 -326 360 -67 23 -215 33 -279 19z\"\/><\/g><\/svg><\/i> <img class=\"lazyload\" decoding=\"async\" width=\"16\" height=\"16\" alt=\"Loading\" src=\"data:image\/svg+xml,%3Csvg%20xmlns%3D%27http%3A%2F%2Fwww.w3.org%2F2000%2Fsvg%27%20width%3D%2716%27%20height%3D%2716%27%20viewBox%3D%270%200%2016%2016%27%3E%3Crect%20width%3D%2716%27%20height%3D%2716%27%20fill-opacity%3D%220%22%2F%3E%3C%2Fsvg%3E\" data-orig-src=\"https:\/\/portal.segeplan.gob.gt\/segeplan\/wp-content\/plugins\/page-views-count\/ajax-loader-2x.gif\" border=0 \/><\/p>\n<div class=\"pvc_clear\"><\/div>\n","protected":false},"excerpt":{"rendered":"","protected":false},"author":7,"featured_media":13936,"comment_status":"open","ping_status":"open","sticky":false,"template":"","format":"standard","meta":{"_price":"","_stock":"","_tribe_ticket_header":"","_tribe_default_ticket_provider":"","_ticket_start_date":"","_ticket_end_date":"","_tribe_ticket_show_description":"","_tribe_ticket_show_not_going":false,"_tribe_ticket_use_global_stock":"","_tribe_ticket_global_stock_level":"","_global_stock_mode":"","_global_stock_cap":"","_tribe_rsvp_for_event":"","_tribe_ticket_going_count":"","_tribe_ticket_not_going_count":"","_tribe_tickets_list":"[]","_tribe_ticket_has_attendee_info_fields":false,"footnotes":""},"categories":[31],"tags":[],"class_list":["post-13933","post","type-post","status-publish","format-standard","has-post-thumbnail","hentry","category-noticias-presidencia"],"_links":{"self":[{"href":"https:\/\/portal.segeplan.gob.gt\/segeplan\/index.php?rest_route=\/wp\/v2\/posts\/13933","targetHints":{"allow":["GET"]}}],"collection":[{"href":"https:\/\/portal.segeplan.gob.gt\/segeplan\/index.php?rest_route=\/wp\/v2\/posts"}],"about":[{"href":"https:\/\/portal.segeplan.gob.gt\/segeplan\/index.php?rest_route=\/wp\/v2\/types\/post"}],"author":[{"embeddable":true,"href":"https:\/\/portal.segeplan.gob.gt\/segeplan\/index.php?rest_route=\/wp\/v2\/users\/7"}],"replies":[{"embeddable":true,"href":"https:\/\/portal.segeplan.gob.gt\/segeplan\/index.php?rest_route=%2Fwp%2Fv2%2Fcomments&post=13933"}],"version-history":[{"count":1,"href":"https:\/\/portal.segeplan.gob.gt\/segeplan\/index.php?rest_route=\/wp\/v2\/posts\/13933\/revisions"}],"predecessor-version":[{"id":13937,"href":"https:\/\/portal.segeplan.gob.gt\/segeplan\/index.php?rest_route=\/wp\/v2\/posts\/13933\/revisions\/13937"}],"wp:featuredmedia":[{"embeddable":true,"href":"https:\/\/portal.segeplan.gob.gt\/segeplan\/index.php?rest_route=\/wp\/v2\/media\/13936"}],"wp:attachment":[{"href":"https:\/\/portal.segeplan.gob.gt\/segeplan\/index.php?rest_route=%2Fwp%2Fv2%2Fmedia&parent=13933"}],"wp:term":[{"taxonomy":"category","embeddable":true,"href":"https:\/\/portal.segeplan.gob.gt\/segeplan\/index.php?rest_route=%2Fwp%2Fv2%2Fcategories&post=13933"},{"taxonomy":"post_tag","embeddable":true,"href":"https:\/\/portal.segeplan.gob.gt\/segeplan\/index.php?rest_route=%2Fwp%2Fv2%2Ftags&post=13933"}],"curies":[{"name":"wp","href":"https:\/\/api.w.org\/{rel}","templated":true}]}}