{"id":13942,"date":"2025-10-08T12:59:43","date_gmt":"2025-10-08T18:59:43","guid":{"rendered":"https:\/\/portal.segeplan.gob.gt\/segeplan\/?p=13942"},"modified":"2025-10-08T12:59:43","modified_gmt":"2025-10-08T18:59:43","slug":"academia-resalta-estrategias-de-innovacion-que-se-incentivan-en-guatemala","status":"publish","type":"post","link":"https:\/\/portal.segeplan.gob.gt\/segeplan\/?p=13942","title":{"rendered":"Academia resalta estrategias de innovaci\u00f3n que se incentivan en Guatemala"},"content":{"rendered":"<div class=\"fusion-fullwidth fullwidth-box fusion-builder-row-1 fusion-flex-container nonhundred-percent-fullwidth non-hundred-percent-height-scrolling\" style=\"background-color: rgba(255,255,255,0);background-position: center center;background-repeat: no-repeat;border-width: 0px 0px 0px 0px;border-color:#e2e2e2;border-style:solid;\" ><div class=\"fusion-builder-row fusion-row fusion-flex-align-items-flex-start\" style=\"max-width:1185.6px;margin-left: calc(-4% \/ 2 );margin-right: calc(-4% \/ 2 );\"><div class=\"fusion-layout-column fusion_builder_column fusion-builder-column-0 fusion_builder_column_1_1 1_1 fusion-flex-column\"><div class=\"fusion-column-wrapper fusion-flex-justify-content-flex-start fusion-content-layout-column\" style=\"background-position:left top;background-repeat:no-repeat;-webkit-background-size:cover;-moz-background-size:cover;-o-background-size:cover;background-size:cover;padding: 0px 0px 0px 0px;\"><div class=\"fusion-text fusion-text-1\" style=\"text-align:justify;\"><p><strong>Guatemala, 8 de octubre de 2025. <\/strong>Tres representantes de universidades guatemaltecas expusieron sobre las estrategias que promueve la academia para incentivar la innovaci\u00f3n en el pa\u00eds. Las exposiciones se desarrollaron en Expo Innova 2025, un espacio de di\u00e1logo sobre innovaci\u00f3n liderado por la Secretar\u00eda de Planificaci\u00f3n y Programaci\u00f3n de la Presidencia (SEGEPLAN).<\/p>\n<p>Las charlas brindadas por los especialistas permitieron conocer los laboratorios de innovaci\u00f3n con los que cuenta la academia y c\u00f3mo estos se han convertido en herramientas que contribuyen al desarrollo nacional.<\/p>\n<p>Plubio Monterroso, director del Centro de Emprendimiento de la Universidad Rafael Land\u00edvar (URL), explic\u00f3 que el objetivo de dicho centro es generar ideas y fomentar la innovaci\u00f3n en los negocios.<\/p>\n<div id=\"attachment_13943\" style=\"width: 1003px\" class=\"wp-caption aligncenter\"><img decoding=\"async\" aria-describedby=\"caption-attachment-13943\" class=\"lazyload size-large wp-image-13943\" src=\"https:\/\/portal.segeplan.gob.gt\/segeplan\/wp-content\/uploads\/2025\/10\/E-INN-8-993x1024.jpeg\" data-orig-src=\"https:\/\/portal.segeplan.gob.gt\/segeplan\/wp-content\/uploads\/2025\/10\/E-INN-8-993x1024.jpeg\" alt=\"\" width=\"993\" height=\"1024\" srcset=\"data:image\/svg+xml,%3Csvg%20xmlns%3D%27http%3A%2F%2Fwww.w3.org%2F2000%2Fsvg%27%20width%3D%27993%27%20height%3D%271024%27%20viewBox%3D%270%200%20993%201024%27%3E%3Crect%20width%3D%27993%27%20height%3D%271024%27%20fill-opacity%3D%220%22%2F%3E%3C%2Fsvg%3E\" data-srcset=\"https:\/\/portal.segeplan.gob.gt\/segeplan\/wp-content\/uploads\/2025\/10\/E-INN-8-200x206.jpeg 200w, https:\/\/portal.segeplan.gob.gt\/segeplan\/wp-content\/uploads\/2025\/10\/E-INN-8-291x300.jpeg 291w, https:\/\/portal.segeplan.gob.gt\/segeplan\/wp-content\/uploads\/2025\/10\/E-INN-8-400x413.jpeg 400w, https:\/\/portal.segeplan.gob.gt\/segeplan\/wp-content\/uploads\/2025\/10\/E-INN-8-600x619.jpeg 600w, https:\/\/portal.segeplan.gob.gt\/segeplan\/wp-content\/uploads\/2025\/10\/E-INN-8-768x792.jpeg 768w, https:\/\/portal.segeplan.gob.gt\/segeplan\/wp-content\/uploads\/2025\/10\/E-INN-8-800x825.jpeg 800w, https:\/\/portal.segeplan.gob.gt\/segeplan\/wp-content\/uploads\/2025\/10\/E-INN-8-993x1024.jpeg 993w, https:\/\/portal.segeplan.gob.gt\/segeplan\/wp-content\/uploads\/2025\/10\/E-INN-8.jpeg 1170w\" data-sizes=\"auto\" data-orig-sizes=\"(max-width: 993px) 100vw, 993px\" \/><p id=\"caption-attachment-13943\" class=\"wp-caption-text\">Plubio Monterroso explic\u00f3 a los asistentes el trabajo que se realiza desde el Centro de Emprendimiento de la URL.<\/p><\/div>\n<p>El primer reto del centro ha sido instar a los alumnos a generar ideas nuevas de negocios, puesto que el sistema educativo los ha condicionado a un aprendizaje diferente.<\/p>\n<p>Adem\u00e1s, resalt\u00f3 que uno de los puntos que se ha fortalecido en los \u00faltimos a\u00f1os y forma parte del \u00e1rea de innovaci\u00f3n es la colaboraci\u00f3n entre diferentes universidades, lo que ha permitido la creaci\u00f3n de estrategias con puntos de vista no convencionales.<\/p>\n<p>Por su parte, Adri\u00e1n Catal\u00e1n, director del Innovation Lab de Universidad Galileo, indic\u00f3 que este espacio opera bajo dos ejes principales que son el uso de plataformas de aprendizaje y el networking.<\/p>\n<p>Este laboratorio tambi\u00e9n insta a que los universitarios aprendan haciendo, experimentando y \u00a0sin miedo a la tecnolog\u00eda. De igual manera, representa un espacio de conexi\u00f3n entre los asistentes para que juntos creen algo nuevo y diferente.<\/p>\n<p>Sin embargo, Catal\u00e1n afirm\u00f3 que las ideas tambi\u00e9n pueden provenir de proyectos o iniciativas ejecutadas por otros pa\u00edses, aunque es necesario considerar factores espec\u00edficos nacionales para su puesta en marcha.<\/p>\n<p>\u201cAdaptar es algo relevante y que nos provee mucho para tener contacto con nuestra realidad, con lo que tenemos, y empezar a transformar sin esperar que venga alguien m\u00e1s a darnos lo ideal como fondos infinitos y herramientas infinitas\u201d, recalc\u00f3.<\/p>\n<div id=\"attachment_13944\" style=\"width: 1034px\" class=\"wp-caption aligncenter\"><img decoding=\"async\" aria-describedby=\"caption-attachment-13944\" class=\"lazyload size-large wp-image-13944\" src=\"https:\/\/portal.segeplan.gob.gt\/segeplan\/wp-content\/uploads\/2025\/10\/E-INN-4-1024x682.jpg\" data-orig-src=\"https:\/\/portal.segeplan.gob.gt\/segeplan\/wp-content\/uploads\/2025\/10\/E-INN-4-1024x682.jpg\" alt=\"\" width=\"1024\" height=\"682\" srcset=\"data:image\/svg+xml,%3Csvg%20xmlns%3D%27http%3A%2F%2Fwww.w3.org%2F2000%2Fsvg%27%20width%3D%271024%27%20height%3D%27682%27%20viewBox%3D%270%200%201024%20682%27%3E%3Crect%20width%3D%271024%27%20height%3D%27682%27%20fill-opacity%3D%220%22%2F%3E%3C%2Fsvg%3E\" data-srcset=\"https:\/\/portal.segeplan.gob.gt\/segeplan\/wp-content\/uploads\/2025\/10\/E-INN-4-200x133.jpg 200w, https:\/\/portal.segeplan.gob.gt\/segeplan\/wp-content\/uploads\/2025\/10\/E-INN-4-300x200.jpg 300w, https:\/\/portal.segeplan.gob.gt\/segeplan\/wp-content\/uploads\/2025\/10\/E-INN-4-400x267.jpg 400w, https:\/\/portal.segeplan.gob.gt\/segeplan\/wp-content\/uploads\/2025\/10\/E-INN-4-600x400.jpg 600w, https:\/\/portal.segeplan.gob.gt\/segeplan\/wp-content\/uploads\/2025\/10\/E-INN-4-768x512.jpg 768w, https:\/\/portal.segeplan.gob.gt\/segeplan\/wp-content\/uploads\/2025\/10\/E-INN-4-800x533.jpg 800w, https:\/\/portal.segeplan.gob.gt\/segeplan\/wp-content\/uploads\/2025\/10\/E-INN-4-1024x682.jpg 1024w, https:\/\/portal.segeplan.gob.gt\/segeplan\/wp-content\/uploads\/2025\/10\/E-INN-4-1200x800.jpg 1200w, https:\/\/portal.segeplan.gob.gt\/segeplan\/wp-content\/uploads\/2025\/10\/E-INN-4-1536x1024.jpg 1536w\" data-sizes=\"auto\" data-orig-sizes=\"(max-width: 1024px) 100vw, 1024px\" \/><p id=\"caption-attachment-13944\" class=\"wp-caption-text\">Expo Innova reuni\u00f3 a empleados p\u00fablicos y fue un espacio para compartir ideas innovadoras para resolver problemas actuales.<\/p><\/div>\n<p>Por \u00faltimo, la coordinadora del Programa Universitario de Investigaci\u00f3n en Desarrollo Industrial de la Universidad de San Carlos de Guatemala (USAC), Liuba Cabrera, record\u00f3 que la innovaci\u00f3n no se aplica \u00fanicamente al campo cient\u00edfico tecnol\u00f3gico; tambi\u00e9n puede aplicarse a los campos social human\u00edstico y de salud, entre otros.<\/p>\n<p>De esa cuenta, indic\u00f3 que el Fabrication Laboratory (FabLab) de USAC cuenta con equipo tecnol\u00f3gico para la producci\u00f3n de objetos f\u00edsicos o l\u00f3gicos a escala personal o local.<\/p>\n<p>\u201cEs un pilar importante en la fabricaci\u00f3n digital. Hay equipo para que la comunidad lo utilice de forma gratuita. Se pueden elaborar herramientas o dispositivos que se requieran en los procesos de investigaci\u00f3n y de la informaci\u00f3n, como piezas para tuber\u00edas de producci\u00f3n o piezas dentales\u201d, a\u00f1adi\u00f3.<\/p>\n<p>Los tres acad\u00e9micos mencionaron que los laboratorios de innovaci\u00f3n est\u00e1n abiertos a todo tipo de usuarios, ya sea estudiantes de las casas de estudios o investigadores y docentes de otras instituciones, as\u00ed como a empleados p\u00fablicos.<\/p>\n<blockquote class=\"twitter-tweet\">\n<p dir=\"ltr\" lang=\"es\">En el segundo d\u00eda de <a href=\"https:\/\/twitter.com\/hashtag\/ExpoInnova2025?src=hash&amp;ref_src=twsrc%5Etfw\">#ExpoInnova2025<\/a> \ud83d\udca1, conocimos c\u00f3mo las organizaciones privadas y de sociedad civil contribuyen a impulsar la innovaci\u00f3n en la gesti\u00f3n p\u00fablica \ud83d\ude80<\/p>\n<p>Escuchamos la experiencia de Julio Herrera de <a href=\"https:\/\/twitter.com\/RedxGuate?ref_src=twsrc%5Etfw\">@RedxGuate<\/a>, Walter L\u00f3pez de <a href=\"https:\/\/twitter.com\/DialogosGuate?ref_src=twsrc%5Etfw\">@DialogosGuate<\/a> y Javier Brolo de\u2026 <a href=\"https:\/\/t.co\/yEwUpfjaOc\">pic.twitter.com\/yEwUpfjaOc<\/a><\/p>\n<p>\u2014 SEGEPLAN (@Segeplan) <a href=\"https:\/\/twitter.com\/Segeplan\/status\/1975690392948330930?ref_src=twsrc%5Etfw\">October 7, 2025<\/a><\/p>\n<\/blockquote>\n<p><script async src=\"https:\/\/platform.twitter.com\/widgets.js\" charset=\"utf-8\"><\/script><\/p>\n<\/div><\/div><style type=\"text\/css\">.fusion-body .fusion-builder-column-0{width:100% !important;margin-top : 0px;margin-bottom : 0px;}.fusion-builder-column-0 > .fusion-column-wrapper {padding-top : 0px !important;padding-right : 0px !important;margin-right : 1.92%;padding-bottom : 0px !important;padding-left : 0px !important;margin-left : 1.92%;}@media only screen and (max-width:1024px) {.fusion-body .fusion-builder-column-0{width:100% !important;}.fusion-builder-column-0 > .fusion-column-wrapper {margin-right : 1.92%;margin-left : 1.92%;}}@media only screen and (max-width:640px) {.fusion-body .fusion-builder-column-0{width:100% !important;}.fusion-builder-column-0 > .fusion-column-wrapper {margin-right : 1.92%;margin-left : 1.92%;}}<\/style><\/div><\/div><style type=\"text\/css\">.fusion-body .fusion-flex-container.fusion-builder-row-1{ padding-top : 0px;margin-top : 0px;padding-right : 0px;padding-bottom : 0px;margin-bottom : 0px;padding-left : 0px;}<\/style><\/div>\n<div class=\"pvc_clear\"><\/div>\n<p id=\"pvc_stats_13942\" class=\"pvc_stats all  \" data-element-id=\"13942\" style=\"\"><i class=\"pvc-stats-icon small\" aria-hidden=\"true\"><svg xmlns=\"http:\/\/www.w3.org\/2000\/svg\" version=\"1.0\" viewBox=\"0 0 502 315\" preserveAspectRatio=\"xMidYMid meet\"><g transform=\"translate(0,332) scale(0.1,-0.1)\" fill=\"\" stroke=\"none\"><path d=\"M2394 3279 l-29 -30 -3 -207 c-2 -182 0 -211 15 -242 39 -76 157 -76 196 0 15 31 17 60 15 243 l-3 209 -33 29 c-26 23 -41 29 -80 29 -41 0 -53 -5 -78 -31z\"\/><path d=\"M3085 3251 c-45 -19 -58 -50 -96 -229 -47 -217 -49 -260 -13 -295 52 -53 146 -42 177 20 16 31 87 366 87 410 0 70 -86 122 -155 94z\"\/><path d=\"M1751 3234 c-13 -9 -29 -31 -37 -50 -12 -29 -10 -49 21 -204 19 -94 39 -189 45 -210 14 -50 54 -80 110 -80 34 0 48 6 76 34 21 21 34 44 34 59 0 14 -18 113 -40 219 -37 178 -43 195 -70 221 -36 32 -101 37 -139 11z\"\/><path d=\"M1163 3073 c-36 -7 -73 -59 -73 -102 0 -56 133 -378 171 -413 34 -32 83 -37 129 -13 70 36 67 87 -16 290 -86 209 -89 214 -129 231 -35 14 -42 15 -82 7z\"\/><path d=\"M3689 3066 c-15 -9 -33 -30 -42 -48 -48 -103 -147 -355 -147 -375 0 -98 131 -148 192 -74 13 15 57 108 97 206 80 196 84 226 37 273 -30 30 -99 39 -137 18z\"\/><path d=\"M583 2784 c-38 -19 -67 -74 -58 -113 9 -42 211 -354 242 -373 16 -10 45 -18 66 -18 51 0 107 52 107 100 0 39 -1 41 -124 234 -80 126 -108 162 -133 173 -41 17 -61 16 -100 -3z\"\/><path d=\"M4250 2784 c-14 -9 -74 -91 -133 -183 -95 -150 -107 -173 -107 -213 0 -55 33 -94 87 -104 67 -13 90 8 211 198 130 202 137 225 78 284 -27 27 -42 34 -72 34 -22 0 -50 -8 -64 -16z\"\/><path d=\"M2275 2693 c-553 -48 -1095 -270 -1585 -649 -135 -104 -459 -423 -483 -476 -23 -49 -22 -139 2 -186 73 -142 361 -457 571 -626 285 -228 642 -407 990 -497 242 -63 336 -73 660 -74 310 0 370 5 595 52 535 111 1045 392 1455 803 122 121 250 273 275 326 19 41 19 137 0 174 -41 79 -309 363 -465 492 -447 370 -946 591 -1479 653 -113 14 -422 18 -536 8z m395 -428 c171 -34 330 -124 456 -258 112 -119 167 -219 211 -378 27 -96 24 -300 -5 -401 -72 -255 -236 -447 -474 -557 -132 -62 -201 -76 -368 -76 -167 0 -236 14 -368 76 -213 98 -373 271 -451 485 -162 444 86 934 547 1084 153 49 292 57 452 25z m909 -232 c222 -123 408 -262 593 -441 76 -74 138 -139 138 -144 0 -16 -233 -242 -330 -319 -155 -123 -309 -223 -461 -299 l-81 -41 32 46 c18 26 49 83 70 128 143 306 141 649 -6 957 -25 52 -61 116 -79 142 l-34 47 45 -20 c26 -10 76 -36 113 -56z m-2057 25 c-40 -58 -105 -190 -130 -263 -110 -324 -59 -707 132 -981 25 -35 42 -64 37 -64 -19 0 -241 119 -326 174 -188 122 -406 314 -532 468 l-58 71 108 103 c185 178 428 349 672 473 66 33 121 60 123 61 2 0 -10 -19 -26 -42z\"\/><path d=\"M2375 1950 c-198 -44 -350 -190 -395 -379 -18 -76 -8 -221 19 -290 114 -284 457 -406 731 -260 98 52 188 154 231 260 27 69 37 214 19 290 -38 163 -166 304 -326 360 -67 23 -215 33 -279 19z\"\/><\/g><\/svg><\/i> <img class=\"lazyload\" decoding=\"async\" width=\"16\" height=\"16\" alt=\"Loading\" src=\"data:image\/svg+xml,%3Csvg%20xmlns%3D%27http%3A%2F%2Fwww.w3.org%2F2000%2Fsvg%27%20width%3D%2716%27%20height%3D%2716%27%20viewBox%3D%270%200%2016%2016%27%3E%3Crect%20width%3D%2716%27%20height%3D%2716%27%20fill-opacity%3D%220%22%2F%3E%3C%2Fsvg%3E\" data-orig-src=\"https:\/\/portal.segeplan.gob.gt\/segeplan\/wp-content\/plugins\/page-views-count\/ajax-loader-2x.gif\" border=0 \/><\/p>\n<div class=\"pvc_clear\"><\/div>\n","protected":false},"excerpt":{"rendered":"","protected":false},"author":7,"featured_media":13945,"comment_status":"open","ping_status":"open","sticky":false,"template":"","format":"standard","meta":{"_price":"","_stock":"","_tribe_ticket_header":"","_tribe_default_ticket_provider":"","_ticket_start_date":"","_ticket_end_date":"","_tribe_ticket_show_description":"","_tribe_ticket_show_not_going":false,"_tribe_ticket_use_global_stock":"","_tribe_ticket_global_stock_level":"","_global_stock_mode":"","_global_stock_cap":"","_tribe_rsvp_for_event":"","_tribe_ticket_going_count":"","_tribe_ticket_not_going_count":"","_tribe_tickets_list":"[]","_tribe_ticket_has_attendee_info_fields":false,"footnotes":""},"categories":[31],"tags":[],"class_list":["post-13942","post","type-post","status-publish","format-standard","has-post-thumbnail","hentry","category-noticias-presidencia"],"_links":{"self":[{"href":"https:\/\/portal.segeplan.gob.gt\/segeplan\/index.php?rest_route=\/wp\/v2\/posts\/13942","targetHints":{"allow":["GET"]}}],"collection":[{"href":"https:\/\/portal.segeplan.gob.gt\/segeplan\/index.php?rest_route=\/wp\/v2\/posts"}],"about":[{"href":"https:\/\/portal.segeplan.gob.gt\/segeplan\/index.php?rest_route=\/wp\/v2\/types\/post"}],"author":[{"embeddable":true,"href":"https:\/\/portal.segeplan.gob.gt\/segeplan\/index.php?rest_route=\/wp\/v2\/users\/7"}],"replies":[{"embeddable":true,"href":"https:\/\/portal.segeplan.gob.gt\/segeplan\/index.php?rest_route=%2Fwp%2Fv2%2Fcomments&post=13942"}],"version-history":[{"count":1,"href":"https:\/\/portal.segeplan.gob.gt\/segeplan\/index.php?rest_route=\/wp\/v2\/posts\/13942\/revisions"}],"predecessor-version":[{"id":13946,"href":"https:\/\/portal.segeplan.gob.gt\/segeplan\/index.php?rest_route=\/wp\/v2\/posts\/13942\/revisions\/13946"}],"wp:featuredmedia":[{"embeddable":true,"href":"https:\/\/portal.segeplan.gob.gt\/segeplan\/index.php?rest_route=\/wp\/v2\/media\/13945"}],"wp:attachment":[{"href":"https:\/\/portal.segeplan.gob.gt\/segeplan\/index.php?rest_route=%2Fwp%2Fv2%2Fmedia&parent=13942"}],"wp:term":[{"taxonomy":"category","embeddable":true,"href":"https:\/\/portal.segeplan.gob.gt\/segeplan\/index.php?rest_route=%2Fwp%2Fv2%2Fcategories&post=13942"},{"taxonomy":"post_tag","embeddable":true,"href":"https:\/\/portal.segeplan.gob.gt\/segeplan\/index.php?rest_route=%2Fwp%2Fv2%2Ftags&post=13942"}],"curies":[{"name":"wp","href":"https:\/\/api.w.org\/{rel}","templated":true}]}}