{"id":14040,"date":"2025-10-23T10:51:08","date_gmt":"2025-10-23T16:51:08","guid":{"rendered":"https:\/\/portal.segeplan.gob.gt\/segeplan\/?p=14040"},"modified":"2025-10-23T10:51:08","modified_gmt":"2025-10-23T16:51:08","slug":"jovenes-y-autoridades-locales-de-huehuetenango-analizan-avances-y-retos-en-el-cumplimiento-de-los-ods","status":"publish","type":"post","link":"https:\/\/portal.segeplan.gob.gt\/segeplan\/?p=14040","title":{"rendered":"J\u00f3venes y autoridades locales de Huehuetenango analizan avances y retos en el cumplimiento de los ODS"},"content":{"rendered":"<div class=\"fusion-fullwidth fullwidth-box fusion-builder-row-1 fusion-flex-container nonhundred-percent-fullwidth non-hundred-percent-height-scrolling\" style=\"background-color: rgba(255,255,255,0);background-position: center center;background-repeat: no-repeat;border-width: 0px 0px 0px 0px;border-color:#e2e2e2;border-style:solid;\" ><div class=\"fusion-builder-row fusion-row fusion-flex-align-items-flex-start\" style=\"max-width:1185.6px;margin-left: calc(-4% \/ 2 );margin-right: calc(-4% \/ 2 );\"><div class=\"fusion-layout-column fusion_builder_column fusion-builder-column-0 fusion_builder_column_1_1 1_1 fusion-flex-column\"><div class=\"fusion-column-wrapper fusion-flex-justify-content-flex-start fusion-content-layout-column\" style=\"background-position:left top;background-repeat:no-repeat;-webkit-background-size:cover;-moz-background-size:cover;-o-background-size:cover;background-size:cover;padding: 0px 0px 0px 0px;\"><div class=\"fusion-text fusion-text-1\" style=\"text-align:justify;\"><p><strong>Guatemala, 21 de octubre de 2025.<\/strong> J\u00f3venes de los municipios de San Pedro Necta y Cuilco, Huehuetenango, expusieron su visi\u00f3n de qu\u00e9 se debe hacer como sociedad para avanzar en el cumplimiento de los Objetivos de Desarrollo Sostenible (ODS), durante un conversatorio en que se analizaron los resultados de la Segunda Revisi\u00f3n Subnacional Voluntaria, que se realiz\u00f3 en ese territorio.<\/p>\n<p>El conversatorio \u201cTerritorios que transforman: juventud y ODS en Huehuetenango\u201d fue organizado por la Secretar\u00eda de Planificaci\u00f3n y Programaci\u00f3n de la Presidencia (SEGEPLAN), con el objetivo de facilitar un di\u00e1logo multiactor entre Estado, sociedad civil, cooperaci\u00f3n internacional, gobiernos locales y juventud para analizar avances, retos y oportunidades en la implementaci\u00f3n de los ODS en Cuilco y San Pedro Necta, como parte de la Segunda Revisi\u00f3n Subnacional Voluntaria 2025.<\/p>\n<div id=\"attachment_14041\" style=\"width: 1034px\" class=\"wp-caption aligncenter\"><img decoding=\"async\" aria-describedby=\"caption-attachment-14041\" class=\"lazyload size-large wp-image-14041\" src=\"https:\/\/portal.segeplan.gob.gt\/segeplan\/wp-content\/uploads\/2025\/10\/WhatsApp-Image-2025-10-23-at-08.41.27-1024x682.jpeg\" data-orig-src=\"https:\/\/portal.segeplan.gob.gt\/segeplan\/wp-content\/uploads\/2025\/10\/WhatsApp-Image-2025-10-23-at-08.41.27-1024x682.jpeg\" alt=\"\" width=\"1024\" height=\"682\" srcset=\"data:image\/svg+xml,%3Csvg%20xmlns%3D%27http%3A%2F%2Fwww.w3.org%2F2000%2Fsvg%27%20width%3D%271024%27%20height%3D%27682%27%20viewBox%3D%270%200%201024%20682%27%3E%3Crect%20width%3D%271024%27%20height%3D%27682%27%20fill-opacity%3D%220%22%2F%3E%3C%2Fsvg%3E\" data-srcset=\"https:\/\/portal.segeplan.gob.gt\/segeplan\/wp-content\/uploads\/2025\/10\/WhatsApp-Image-2025-10-23-at-08.41.27-200x133.jpeg 200w, https:\/\/portal.segeplan.gob.gt\/segeplan\/wp-content\/uploads\/2025\/10\/WhatsApp-Image-2025-10-23-at-08.41.27-300x200.jpeg 300w, https:\/\/portal.segeplan.gob.gt\/segeplan\/wp-content\/uploads\/2025\/10\/WhatsApp-Image-2025-10-23-at-08.41.27-400x267.jpeg 400w, https:\/\/portal.segeplan.gob.gt\/segeplan\/wp-content\/uploads\/2025\/10\/WhatsApp-Image-2025-10-23-at-08.41.27-600x400.jpeg 600w, https:\/\/portal.segeplan.gob.gt\/segeplan\/wp-content\/uploads\/2025\/10\/WhatsApp-Image-2025-10-23-at-08.41.27-768x512.jpeg 768w, https:\/\/portal.segeplan.gob.gt\/segeplan\/wp-content\/uploads\/2025\/10\/WhatsApp-Image-2025-10-23-at-08.41.27-800x533.jpeg 800w, https:\/\/portal.segeplan.gob.gt\/segeplan\/wp-content\/uploads\/2025\/10\/WhatsApp-Image-2025-10-23-at-08.41.27-1024x682.jpeg 1024w, https:\/\/portal.segeplan.gob.gt\/segeplan\/wp-content\/uploads\/2025\/10\/WhatsApp-Image-2025-10-23-at-08.41.27-1200x800.jpeg 1200w, https:\/\/portal.segeplan.gob.gt\/segeplan\/wp-content\/uploads\/2025\/10\/WhatsApp-Image-2025-10-23-at-08.41.27-1536x1023.jpeg 1536w, https:\/\/portal.segeplan.gob.gt\/segeplan\/wp-content\/uploads\/2025\/10\/WhatsApp-Image-2025-10-23-at-08.41.27.jpeg 1600w\" data-sizes=\"auto\" data-orig-sizes=\"(max-width: 1024px) 100vw, 1024px\" \/><p id=\"caption-attachment-14041\" class=\"wp-caption-text\">El conversatorio estuvo liderado por el subsecretario Hugo Allan Garc\u00eda y se cont\u00f3 con participaci\u00f3n de actores locales del departamento.<\/p><\/div>\n<p>Durante el evento realizado en Huehuetenango adem\u00e1s de los j\u00f3venes, participaron autoridades locales y departamentales, instituciones p\u00fablicas con presencia en el departamento, l\u00edderes comunitarios y religiosos, academia, organizaciones de juventud y mujeres.<\/p>\n<p>Los Ex\u00e1menes Nacionales Voluntarios (ENV) son procedimientos a trav\u00e9s de los cuales los pa\u00edses eval\u00faan y presentan los progresos y retrocesos en la implementaci\u00f3n de los objetivos y metas de los ODS en el seno de la Organizaci\u00f3n de las Naciones Unidas, bajo la premisa que nadie se quede atr\u00e1s.<\/p>\n<p>La juventud representa casi una cuarta parte de la poblaci\u00f3n mundial y est\u00e1 directamente afectada por los desaf\u00edos contempor\u00e1neos, como la crisis ambiental, la desigualdad y el acceso a oportunidades. Por ello, su implicaci\u00f3n activa es clave para impulsar soluciones innovadoras y liderar transformaciones sociales, econ\u00f3micas y ambientales.<\/p>\n<p>Es de resaltar que, en Guatemala, los j\u00f3venes comprendidos entre las edades de 13 a 30 a\u00f1os representan el 35.6 por ciento de la poblaci\u00f3n, de ellos, el 44.2 por ciento se autoidentifica como parte de alguno de los pueblos ind\u00edgenas, y en el departamento de Huehuetenango, representan el 7.7 por ciento de la poblaci\u00f3n.<\/p>\n<p>Bajo ese contexto, SEGEPLAN coordin\u00f3 la elaboraci\u00f3n de la Segunda Revisi\u00f3n Subnacional Voluntaria 2025, en los municipios de Cuilco y San Pedro Necta, con el apoyo y colaboraci\u00f3n del Fondo de Poblaci\u00f3n de las Naciones Unidas (UNFPA), a trav\u00e9s de la ejecuci\u00f3n del proyecto NAB\u00b4IL \u201cJuventudes mayas y mestizas organizadas contribuyendo a la construcci\u00f3n de sociedades inclusivas y la coexistencia pac\u00edfica en Huehuetenango\u201d.<\/p>\n<p>En este informe se recogieron los hallazgos del an\u00e1lisis cualitativo y cuantitativo de los cinco ODS evaluados por el Foro Pol\u00edtico de Alto Nivel sobre el Desarrollo Sostenible (FPAN) en 2025: ODS 3, Salud y bienestar; ODS 5, Igualdad de g\u00e9nero; ODS 8, Trabajo decente y crecimiento econ\u00f3mico; ODS 14, Vida submarina y ODS 17, Alianzas para lograr los objetivos.<\/p>\n<p>El informe fue elaborado con la participaci\u00f3n de gobiernos locales, sociedad civil, l\u00edderes comunitarios, adolescentes y j\u00f3venes del Proyecto NAB\u2019IL. La metodolog\u00eda integr\u00f3 un proceso de revisi\u00f3n documental para la recopilaci\u00f3n de datos cuantitativos y cualitativos de fuentes oficiales y se desarrollaron ocho talleres con metodolog\u00edas participativas y l\u00fadicas para que los participantes pudieran expresarse libremente y dar sus aportes desde sus propias experiencias y realidades.\u200b<\/p>\n<div id=\"attachment_14042\" style=\"width: 1034px\" class=\"wp-caption aligncenter\"><img decoding=\"async\" aria-describedby=\"caption-attachment-14042\" class=\"lazyload size-large wp-image-14042\" src=\"https:\/\/portal.segeplan.gob.gt\/segeplan\/wp-content\/uploads\/2025\/10\/WhatsApp-Image-2025-10-23-at-08.42.19-1024x568.jpeg\" data-orig-src=\"https:\/\/portal.segeplan.gob.gt\/segeplan\/wp-content\/uploads\/2025\/10\/WhatsApp-Image-2025-10-23-at-08.42.19-1024x568.jpeg\" alt=\"\" width=\"1024\" height=\"568\" srcset=\"data:image\/svg+xml,%3Csvg%20xmlns%3D%27http%3A%2F%2Fwww.w3.org%2F2000%2Fsvg%27%20width%3D%271024%27%20height%3D%27568%27%20viewBox%3D%270%200%201024%20568%27%3E%3Crect%20width%3D%271024%27%20height%3D%27568%27%20fill-opacity%3D%220%22%2F%3E%3C%2Fsvg%3E\" data-srcset=\"https:\/\/portal.segeplan.gob.gt\/segeplan\/wp-content\/uploads\/2025\/10\/WhatsApp-Image-2025-10-23-at-08.42.19-200x111.jpeg 200w, https:\/\/portal.segeplan.gob.gt\/segeplan\/wp-content\/uploads\/2025\/10\/WhatsApp-Image-2025-10-23-at-08.42.19-300x167.jpeg 300w, https:\/\/portal.segeplan.gob.gt\/segeplan\/wp-content\/uploads\/2025\/10\/WhatsApp-Image-2025-10-23-at-08.42.19-400x222.jpeg 400w, https:\/\/portal.segeplan.gob.gt\/segeplan\/wp-content\/uploads\/2025\/10\/WhatsApp-Image-2025-10-23-at-08.42.19-600x333.jpeg 600w, https:\/\/portal.segeplan.gob.gt\/segeplan\/wp-content\/uploads\/2025\/10\/WhatsApp-Image-2025-10-23-at-08.42.19-768x426.jpeg 768w, https:\/\/portal.segeplan.gob.gt\/segeplan\/wp-content\/uploads\/2025\/10\/WhatsApp-Image-2025-10-23-at-08.42.19-800x444.jpeg 800w, https:\/\/portal.segeplan.gob.gt\/segeplan\/wp-content\/uploads\/2025\/10\/WhatsApp-Image-2025-10-23-at-08.42.19-1024x568.jpeg 1024w, https:\/\/portal.segeplan.gob.gt\/segeplan\/wp-content\/uploads\/2025\/10\/WhatsApp-Image-2025-10-23-at-08.42.19-1200x666.jpeg 1200w, https:\/\/portal.segeplan.gob.gt\/segeplan\/wp-content\/uploads\/2025\/10\/WhatsApp-Image-2025-10-23-at-08.42.19-1536x852.jpeg 1536w, https:\/\/portal.segeplan.gob.gt\/segeplan\/wp-content\/uploads\/2025\/10\/WhatsApp-Image-2025-10-23-at-08.42.19.jpeg 1600w\" data-sizes=\"auto\" data-orig-sizes=\"(max-width: 1024px) 100vw, 1024px\" \/><p id=\"caption-attachment-14042\" class=\"wp-caption-text\">La actividad represent\u00f3 un espacio para escuchar la opini\u00f3n de los j\u00f3venes en cuanto a desarrollo sostenible.<\/p><\/div>\n<p><strong>Amplia participaci\u00f3n<\/strong><\/p>\n<p>Seg\u00fan inform\u00f3 Hugo Allan Garc\u00eda, Subsecretario de An\u00e1lisis Estrat\u00e9gico del Desarrollo, los j\u00f3venes que participaron en el conversatorio, se\u00f1alaron que ven la educaci\u00f3n como un factor importante, pero tambi\u00e9n la participaci\u00f3n en espacios pol\u00edticos, y que esa participaci\u00f3n debe estar apoyada fuertemente por una formaci\u00f3n s\u00f3lida.<\/p>\n<p>Garc\u00eda expres\u00f3 su satisfacci\u00f3n porque en el conversatorio participaron el alcalde de Cuilco, Audilio Roblero y Marco Maldonado en representaci\u00f3n de la municipalidad de San Pedro Necta, quienes escucharon de viva voz de los j\u00f3venes los aspectos que ellos consideran fundamentales para el desarrollo de sus municipios, a su vez que, compartieron las buenas pr\u00e1cticas que se est\u00e1n impulsando para mejorar la participaci\u00f3n de la juventud en el Consejo Comunitario de Desarrollo (COCODE) y el Consejo Municipal de Desarrollo (COMUDE).<\/p>\n<p>\u201cVamos a seguir trabajando en impulsar la agenda para cumplir con el desarrollo sostenible, asegurando que nadie se queda atr\u00e1s\u201d, coment\u00f3 el Subsecretario Garc\u00eda.<\/p>\n<p>La Gobernadora Departamental de Huehuetenango, Elsa Hern\u00e1ndez, coment\u00f3 que fue sumamente interesante escuchar a los diferentes actores y sectores de esos dos municipios y a la juventud. Asimismo, indic\u00f3 que compartieron los retos y los avances que han tenido en gobernaci\u00f3n, en el impulso del desarrollo en ese territorio.<\/p>\n<p>Por su parte, Kendrick M\u00e9ndez y Cinthya Ram\u00edrez, j\u00f3venes de Cuilco y San Pedro Necta, concluyeron sobre la importancia de recibir formaci\u00f3n y capacitaci\u00f3n para una participaci\u00f3n efectiva en espacios de decisi\u00f3n. Manifestaron tambi\u00e9n la necesidad de recibir apoyo para impulsar el emprendimiento, as\u00ed como el acceso a educaci\u00f3n de calidad para que todos los j\u00f3venes en su municipio puedan aspirar a mejores oportunidades.<\/p>\n<blockquote class=\"twitter-tweet\">\n<p dir=\"ltr\" lang=\"es\">Autoridades y especialistas de <a href=\"https:\/\/twitter.com\/hashtag\/SEGEPLAN?src=hash&amp;ref_src=twsrc%5Etfw\">#SEGEPLAN<\/a> conversaron con distintos actores sociales sobre \u201cTerritorios que transforman: juventud y ODS en Huehuetenango\u201d, analizando avances, retos y oportunidades en la implementaci\u00f3n de los <a href=\"https:\/\/twitter.com\/hashtag\/ODS?src=hash&amp;ref_src=twsrc%5Etfw\">#ODS<\/a> en los municipios de Cuilco y San Pedro Necta. \ud83c\udf0e\ud83e\udd1d <a href=\"https:\/\/t.co\/AqHG36tVJx\">pic.twitter.com\/AqHG36tVJx<\/a><\/p>\n<p>\u2014 SEGEPLAN (@Segeplan) <a href=\"https:\/\/twitter.com\/Segeplan\/status\/1978629744905085142?ref_src=twsrc%5Etfw\">October 16, 2025<\/a><\/p>\n<\/blockquote>\n<p><script async src=\"https:\/\/platform.twitter.com\/widgets.js\" charset=\"utf-8\"><\/script><\/p>\n<\/div><\/div><style type=\"text\/css\">.fusion-body .fusion-builder-column-0{width:100% !important;margin-top : 0px;margin-bottom : 0px;}.fusion-builder-column-0 > .fusion-column-wrapper {padding-top : 0px !important;padding-right : 0px !important;margin-right : 1.92%;padding-bottom : 0px !important;padding-left : 0px !important;margin-left : 1.92%;}@media only screen and (max-width:1024px) {.fusion-body .fusion-builder-column-0{width:100% !important;}.fusion-builder-column-0 > .fusion-column-wrapper {margin-right : 1.92%;margin-left : 1.92%;}}@media only screen and (max-width:640px) {.fusion-body .fusion-builder-column-0{width:100% !important;}.fusion-builder-column-0 > .fusion-column-wrapper {margin-right : 1.92%;margin-left : 1.92%;}}<\/style><\/div><\/div><style type=\"text\/css\">.fusion-body .fusion-flex-container.fusion-builder-row-1{ padding-top : 0px;margin-top : 0px;padding-right : 0px;padding-bottom : 0px;margin-bottom : 0px;padding-left : 0px;}<\/style><\/div>\n<div class=\"pvc_clear\"><\/div>\n<p id=\"pvc_stats_14040\" class=\"pvc_stats all  \" data-element-id=\"14040\" style=\"\"><i class=\"pvc-stats-icon small\" aria-hidden=\"true\"><svg xmlns=\"http:\/\/www.w3.org\/2000\/svg\" version=\"1.0\" viewBox=\"0 0 502 315\" preserveAspectRatio=\"xMidYMid meet\"><g transform=\"translate(0,332) scale(0.1,-0.1)\" fill=\"\" stroke=\"none\"><path d=\"M2394 3279 l-29 -30 -3 -207 c-2 -182 0 -211 15 -242 39 -76 157 -76 196 0 15 31 17 60 15 243 l-3 209 -33 29 c-26 23 -41 29 -80 29 -41 0 -53 -5 -78 -31z\"\/><path d=\"M3085 3251 c-45 -19 -58 -50 -96 -229 -47 -217 -49 -260 -13 -295 52 -53 146 -42 177 20 16 31 87 366 87 410 0 70 -86 122 -155 94z\"\/><path d=\"M1751 3234 c-13 -9 -29 -31 -37 -50 -12 -29 -10 -49 21 -204 19 -94 39 -189 45 -210 14 -50 54 -80 110 -80 34 0 48 6 76 34 21 21 34 44 34 59 0 14 -18 113 -40 219 -37 178 -43 195 -70 221 -36 32 -101 37 -139 11z\"\/><path d=\"M1163 3073 c-36 -7 -73 -59 -73 -102 0 -56 133 -378 171 -413 34 -32 83 -37 129 -13 70 36 67 87 -16 290 -86 209 -89 214 -129 231 -35 14 -42 15 -82 7z\"\/><path d=\"M3689 3066 c-15 -9 -33 -30 -42 -48 -48 -103 -147 -355 -147 -375 0 -98 131 -148 192 -74 13 15 57 108 97 206 80 196 84 226 37 273 -30 30 -99 39 -137 18z\"\/><path d=\"M583 2784 c-38 -19 -67 -74 -58 -113 9 -42 211 -354 242 -373 16 -10 45 -18 66 -18 51 0 107 52 107 100 0 39 -1 41 -124 234 -80 126 -108 162 -133 173 -41 17 -61 16 -100 -3z\"\/><path d=\"M4250 2784 c-14 -9 -74 -91 -133 -183 -95 -150 -107 -173 -107 -213 0 -55 33 -94 87 -104 67 -13 90 8 211 198 130 202 137 225 78 284 -27 27 -42 34 -72 34 -22 0 -50 -8 -64 -16z\"\/><path d=\"M2275 2693 c-553 -48 -1095 -270 -1585 -649 -135 -104 -459 -423 -483 -476 -23 -49 -22 -139 2 -186 73 -142 361 -457 571 -626 285 -228 642 -407 990 -497 242 -63 336 -73 660 -74 310 0 370 5 595 52 535 111 1045 392 1455 803 122 121 250 273 275 326 19 41 19 137 0 174 -41 79 -309 363 -465 492 -447 370 -946 591 -1479 653 -113 14 -422 18 -536 8z m395 -428 c171 -34 330 -124 456 -258 112 -119 167 -219 211 -378 27 -96 24 -300 -5 -401 -72 -255 -236 -447 -474 -557 -132 -62 -201 -76 -368 -76 -167 0 -236 14 -368 76 -213 98 -373 271 -451 485 -162 444 86 934 547 1084 153 49 292 57 452 25z m909 -232 c222 -123 408 -262 593 -441 76 -74 138 -139 138 -144 0 -16 -233 -242 -330 -319 -155 -123 -309 -223 -461 -299 l-81 -41 32 46 c18 26 49 83 70 128 143 306 141 649 -6 957 -25 52 -61 116 -79 142 l-34 47 45 -20 c26 -10 76 -36 113 -56z m-2057 25 c-40 -58 -105 -190 -130 -263 -110 -324 -59 -707 132 -981 25 -35 42 -64 37 -64 -19 0 -241 119 -326 174 -188 122 -406 314 -532 468 l-58 71 108 103 c185 178 428 349 672 473 66 33 121 60 123 61 2 0 -10 -19 -26 -42z\"\/><path d=\"M2375 1950 c-198 -44 -350 -190 -395 -379 -18 -76 -8 -221 19 -290 114 -284 457 -406 731 -260 98 52 188 154 231 260 27 69 37 214 19 290 -38 163 -166 304 -326 360 -67 23 -215 33 -279 19z\"\/><\/g><\/svg><\/i> <img class=\"lazyload\" decoding=\"async\" width=\"16\" height=\"16\" alt=\"Loading\" src=\"data:image\/svg+xml,%3Csvg%20xmlns%3D%27http%3A%2F%2Fwww.w3.org%2F2000%2Fsvg%27%20width%3D%2716%27%20height%3D%2716%27%20viewBox%3D%270%200%2016%2016%27%3E%3Crect%20width%3D%2716%27%20height%3D%2716%27%20fill-opacity%3D%220%22%2F%3E%3C%2Fsvg%3E\" data-orig-src=\"https:\/\/portal.segeplan.gob.gt\/segeplan\/wp-content\/plugins\/page-views-count\/ajax-loader-2x.gif\" border=0 \/><\/p>\n<div class=\"pvc_clear\"><\/div>\n","protected":false},"excerpt":{"rendered":"","protected":false},"author":7,"featured_media":14043,"comment_status":"open","ping_status":"open","sticky":false,"template":"","format":"standard","meta":{"_price":"","_stock":"","_tribe_ticket_header":"","_tribe_default_ticket_provider":"","_ticket_start_date":"","_ticket_end_date":"","_tribe_ticket_show_description":"","_tribe_ticket_show_not_going":false,"_tribe_ticket_use_global_stock":"","_tribe_ticket_global_stock_level":"","_global_stock_mode":"","_global_stock_cap":"","_tribe_rsvp_for_event":"","_tribe_ticket_going_count":"","_tribe_ticket_not_going_count":"","_tribe_tickets_list":"[]","_tribe_ticket_has_attendee_info_fields":false,"footnotes":""},"categories":[31],"tags":[],"class_list":["post-14040","post","type-post","status-publish","format-standard","has-post-thumbnail","hentry","category-noticias-presidencia"],"_links":{"self":[{"href":"https:\/\/portal.segeplan.gob.gt\/segeplan\/index.php?rest_route=\/wp\/v2\/posts\/14040","targetHints":{"allow":["GET"]}}],"collection":[{"href":"https:\/\/portal.segeplan.gob.gt\/segeplan\/index.php?rest_route=\/wp\/v2\/posts"}],"about":[{"href":"https:\/\/portal.segeplan.gob.gt\/segeplan\/index.php?rest_route=\/wp\/v2\/types\/post"}],"author":[{"embeddable":true,"href":"https:\/\/portal.segeplan.gob.gt\/segeplan\/index.php?rest_route=\/wp\/v2\/users\/7"}],"replies":[{"embeddable":true,"href":"https:\/\/portal.segeplan.gob.gt\/segeplan\/index.php?rest_route=%2Fwp%2Fv2%2Fcomments&post=14040"}],"version-history":[{"count":1,"href":"https:\/\/portal.segeplan.gob.gt\/segeplan\/index.php?rest_route=\/wp\/v2\/posts\/14040\/revisions"}],"predecessor-version":[{"id":14044,"href":"https:\/\/portal.segeplan.gob.gt\/segeplan\/index.php?rest_route=\/wp\/v2\/posts\/14040\/revisions\/14044"}],"wp:featuredmedia":[{"embeddable":true,"href":"https:\/\/portal.segeplan.gob.gt\/segeplan\/index.php?rest_route=\/wp\/v2\/media\/14043"}],"wp:attachment":[{"href":"https:\/\/portal.segeplan.gob.gt\/segeplan\/index.php?rest_route=%2Fwp%2Fv2%2Fmedia&parent=14040"}],"wp:term":[{"taxonomy":"category","embeddable":true,"href":"https:\/\/portal.segeplan.gob.gt\/segeplan\/index.php?rest_route=%2Fwp%2Fv2%2Fcategories&post=14040"},{"taxonomy":"post_tag","embeddable":true,"href":"https:\/\/portal.segeplan.gob.gt\/segeplan\/index.php?rest_route=%2Fwp%2Fv2%2Ftags&post=14040"}],"curies":[{"name":"wp","href":"https:\/\/api.w.org\/{rel}","templated":true}]}}