{"id":14057,"date":"2025-10-28T14:56:58","date_gmt":"2025-10-28T20:56:58","guid":{"rendered":"https:\/\/portal.segeplan.gob.gt\/segeplan\/?p=14057"},"modified":"2025-10-28T14:56:58","modified_gmt":"2025-10-28T20:56:58","slug":"lanzan-diplomado-en-cooperacion-para-el-desarrollo","status":"publish","type":"post","link":"https:\/\/portal.segeplan.gob.gt\/segeplan\/?p=14057","title":{"rendered":"Lanzan Diplomado en Cooperaci\u00f3n para el Desarrollo"},"content":{"rendered":"<div class=\"fusion-fullwidth fullwidth-box fusion-builder-row-1 fusion-flex-container nonhundred-percent-fullwidth non-hundred-percent-height-scrolling\" style=\"background-color: rgba(255,255,255,0);background-position: center center;background-repeat: no-repeat;border-width: 0px 0px 0px 0px;border-color:#e2e2e2;border-style:solid;\" ><div class=\"fusion-builder-row fusion-row fusion-flex-align-items-flex-start\" style=\"max-width:1185.6px;margin-left: calc(-4% \/ 2 );margin-right: calc(-4% \/ 2 );\"><div class=\"fusion-layout-column fusion_builder_column fusion-builder-column-0 fusion_builder_column_1_1 1_1 fusion-flex-column\"><div class=\"fusion-column-wrapper fusion-flex-justify-content-flex-start fusion-content-layout-column\" style=\"background-position:left top;background-repeat:no-repeat;-webkit-background-size:cover;-moz-background-size:cover;-o-background-size:cover;background-size:cover;padding: 0px 0px 0px 0px;\"><div class=\"fusion-text fusion-text-1\" style=\"text-align:justify;\"><p><strong>Guatemala, 28 de octubre de 2025. <\/strong>La Secretar\u00eda de Planificaci\u00f3n y Programaci\u00f3n de la Presidencia (SEGEPLAN) y el Instituto Nacional de Administraci\u00f3n P\u00fablica (INAP) unieron esfuerzos y lanzaron el Diplomado en Cooperaci\u00f3n para el Desarrollo, dirigido a integrantes de la Red de Directores de Cooperaci\u00f3n.<\/p>\n<p>\u201cQueremos proveer herramientas, fortalecer el liderazgo de t\u00e9cnico de nuestra institucionalidad. Sabemos que detr\u00e1s de cada proyecto, de cada programa y de cada negociaci\u00f3n sobre cooperaci\u00f3n, hay personas comprometidas que ponen su conocimiento, su profesionalismo al servicio del desarrollo de Guatemala\u201d, se\u00f1al\u00f3 Iliana Pe\u00f1a, subsecretaria de Cooperaci\u00f3n y Alianzas para el Desarrollo de SEGEPLAN.<\/p>\n<div id=\"attachment_14058\" style=\"width: 1034px\" class=\"wp-caption aligncenter\"><img decoding=\"async\" aria-describedby=\"caption-attachment-14058\" class=\"lazyload size-large wp-image-14058\" src=\"https:\/\/portal.segeplan.gob.gt\/segeplan\/wp-content\/uploads\/2025\/10\/RED-C1-1024x682.jpg\" data-orig-src=\"https:\/\/portal.segeplan.gob.gt\/segeplan\/wp-content\/uploads\/2025\/10\/RED-C1-1024x682.jpg\" alt=\"\" width=\"1024\" height=\"682\" srcset=\"data:image\/svg+xml,%3Csvg%20xmlns%3D%27http%3A%2F%2Fwww.w3.org%2F2000%2Fsvg%27%20width%3D%271024%27%20height%3D%27682%27%20viewBox%3D%270%200%201024%20682%27%3E%3Crect%20width%3D%271024%27%20height%3D%27682%27%20fill-opacity%3D%220%22%2F%3E%3C%2Fsvg%3E\" data-srcset=\"https:\/\/portal.segeplan.gob.gt\/segeplan\/wp-content\/uploads\/2025\/10\/RED-C1-200x133.jpg 200w, https:\/\/portal.segeplan.gob.gt\/segeplan\/wp-content\/uploads\/2025\/10\/RED-C1-300x200.jpg 300w, https:\/\/portal.segeplan.gob.gt\/segeplan\/wp-content\/uploads\/2025\/10\/RED-C1-400x267.jpg 400w, https:\/\/portal.segeplan.gob.gt\/segeplan\/wp-content\/uploads\/2025\/10\/RED-C1-600x400.jpg 600w, https:\/\/portal.segeplan.gob.gt\/segeplan\/wp-content\/uploads\/2025\/10\/RED-C1-768x512.jpg 768w, https:\/\/portal.segeplan.gob.gt\/segeplan\/wp-content\/uploads\/2025\/10\/RED-C1-800x533.jpg 800w, https:\/\/portal.segeplan.gob.gt\/segeplan\/wp-content\/uploads\/2025\/10\/RED-C1-1024x682.jpg 1024w, https:\/\/portal.segeplan.gob.gt\/segeplan\/wp-content\/uploads\/2025\/10\/RED-C1-1200x800.jpg 1200w, https:\/\/portal.segeplan.gob.gt\/segeplan\/wp-content\/uploads\/2025\/10\/RED-C1-1536x1024.jpg 1536w\" data-sizes=\"auto\" data-orig-sizes=\"(max-width: 1024px) 100vw, 1024px\" \/><p id=\"caption-attachment-14058\" class=\"wp-caption-text\">La subsecretaria de Cooperaci\u00f3n y Alianzas para el Desarrollo, Iliana Pe\u00f1a, dio la bienvenida al diplomado que permitir\u00e1 fortalecer la gesti\u00f3n de la cooperaci\u00f3n.<\/p><\/div>\n<p>La funcionaria agreg\u00f3 que el diplomado lanzado fue creado para reconocer y potenciar la inversi\u00f3n en capital humano.<\/p>\n<p>El Diplomado en Cooperaci\u00f3n para el Desarrollo est\u00e1 dirigido a 50 personas y los temas a desarrollar incluir\u00e1n:<\/p>\n<ul>\n<li>Tendencias de cooperaci\u00f3n<\/li>\n<li>Modalidades y enfoques de cooperaci\u00f3n internacional<\/li>\n<li>Alianzas multiactor<\/li>\n<li>Cooperaci\u00f3n Sur-Sur y Cooperaci\u00f3n Triangular<\/li>\n<li>Vinculaci\u00f3n con agendas nacionales e internacionales<\/li>\n<li>Gesti\u00f3n orientada a resultadas<\/li>\n<li>Informaci\u00f3n para la toma de decisiones y medios de verificaci\u00f3n<\/li>\n<\/ul>\n<p>\u201cEl objetivo es claro: fortalecer la capacidad instalada para coordinar y apropiar la cooperaci\u00f3n con un componente estrat\u00e9gico complementario desde el Estado de Guatemala y que la cooperaci\u00f3n contribuya de forma tangible a las prioridades nacionales en el territorio\u201d, a\u00f1adi\u00f3 Pe\u00f1a.<\/p>\n<p>Por otro lado, Yan Yan\u00edn L\u00f3pez, director de Fortalecimiento de la Gesti\u00f3n Institucional de INAP, remarc\u00f3 que el diplomado representa una oportunidad para fortalecer las capacidades del Estado guatemalteco, en materia de gesti\u00f3n, articulaci\u00f3n y aprovechamiento estrat\u00e9gico de la cooperaci\u00f3n.<\/p>\n<p>\u201cCuanto m\u00e1s s\u00f3lidas son las instituciones nacionales, mayor es la capacidad de orientar esas agendas externas hacia las prioridades del pa\u00eds\u201d, opin\u00f3.<\/p>\n<p><strong>Expertos dialogan sobre cooperaci\u00f3n<\/strong><\/p>\n<p>En el marco del lanzamiento del diplomado, SEGEPLAN realiz\u00f3 el conversatorio \u201cLa importancia de los sistemas nacionales de cooperaci\u00f3n en Am\u00e9rica Latina y el Caribe\u201d que recogi\u00f3 las opiniones de expertos en cooperaci\u00f3n; entre ellos, la subsecretaria Iliana Pe\u00f1a; la viceministra de Relaciones Exteriores, Mar\u00eda Luisa Ram\u00edrez; la jefa de oficina del coordinador residente del Sistema de las Naciones Unidas en Guatemala, Victoria Cruz, y la coordinadora general de la Agencia Espa\u00f1ola de Cooperaci\u00f3n Internacional para el Desarrollo (AECID), Cristina Aldama.<\/p>\n<p>Los expertos expusieron sobre la importancia de que Guatemala cuenta con un Sistema Nacional de Cooperaci\u00f3n para el Desarrollo.<\/p>\n<div id=\"attachment_14059\" style=\"width: 1034px\" class=\"wp-caption aligncenter\"><img decoding=\"async\" aria-describedby=\"caption-attachment-14059\" class=\"lazyload size-large wp-image-14059\" src=\"https:\/\/portal.segeplan.gob.gt\/segeplan\/wp-content\/uploads\/2025\/10\/RED-C8-1024x683.jpg\" data-orig-src=\"https:\/\/portal.segeplan.gob.gt\/segeplan\/wp-content\/uploads\/2025\/10\/RED-C8-1024x683.jpg\" alt=\"\" width=\"1024\" height=\"683\" srcset=\"data:image\/svg+xml,%3Csvg%20xmlns%3D%27http%3A%2F%2Fwww.w3.org%2F2000%2Fsvg%27%20width%3D%271024%27%20height%3D%27683%27%20viewBox%3D%270%200%201024%20683%27%3E%3Crect%20width%3D%271024%27%20height%3D%27683%27%20fill-opacity%3D%220%22%2F%3E%3C%2Fsvg%3E\" data-srcset=\"https:\/\/portal.segeplan.gob.gt\/segeplan\/wp-content\/uploads\/2025\/10\/RED-C8-200x133.jpg 200w, https:\/\/portal.segeplan.gob.gt\/segeplan\/wp-content\/uploads\/2025\/10\/RED-C8-300x200.jpg 300w, https:\/\/portal.segeplan.gob.gt\/segeplan\/wp-content\/uploads\/2025\/10\/RED-C8-400x267.jpg 400w, https:\/\/portal.segeplan.gob.gt\/segeplan\/wp-content\/uploads\/2025\/10\/RED-C8-600x400.jpg 600w, https:\/\/portal.segeplan.gob.gt\/segeplan\/wp-content\/uploads\/2025\/10\/RED-C8-768x512.jpg 768w, https:\/\/portal.segeplan.gob.gt\/segeplan\/wp-content\/uploads\/2025\/10\/RED-C8-800x533.jpg 800w, https:\/\/portal.segeplan.gob.gt\/segeplan\/wp-content\/uploads\/2025\/10\/RED-C8-1024x683.jpg 1024w, https:\/\/portal.segeplan.gob.gt\/segeplan\/wp-content\/uploads\/2025\/10\/RED-C8-1200x800.jpg 1200w, https:\/\/portal.segeplan.gob.gt\/segeplan\/wp-content\/uploads\/2025\/10\/RED-C8-1536x1024.jpg 1536w, https:\/\/portal.segeplan.gob.gt\/segeplan\/wp-content\/uploads\/2025\/10\/RED-C8.jpg 1825w\" data-sizes=\"auto\" data-orig-sizes=\"(max-width: 1024px) 100vw, 1024px\" \/><p id=\"caption-attachment-14059\" class=\"wp-caption-text\">El di\u00e1logo cont\u00f3 con participaci\u00f3n de actores nacionales e internacionales con experiencia en cooperaci\u00f3n.<\/p><\/div>\n<p>Ante esto, la subsecretaria Pe\u00f1a mencion\u00f3 que en el pa\u00eds este sistema se define como el conjunto organizado de instituciones p\u00fablicas, privadas, acad\u00e9micas y sociales que participan en la gesti\u00f3n de la cooperaci\u00f3n bajo la rector\u00eda del Estado. Por lo que instalarlo requiere de un esfuerzo en conjunto y una hoja de ruta clara.<\/p>\n<p>La viceministra Ram\u00edrez record\u00f3 que para el funcionamiento del sistema, se debe mantener una relaci\u00f3n estrecha y constante con los diversos actores que lo conforman para que sea el \u201cveh\u00edculo id\u00f3neo\u201d de la narrativa del desarrollo.<\/p>\n<p>Adem\u00e1s, la coordinadora Cruz, record\u00f3 que para el funcionamiento del Sistema de Cooperaci\u00f3n en Guatemala es necesario que todos los actores conozcan cu\u00e1les son las Prioridades Nacionales de Desarrollo del pa\u00eds, para que se alinee la cooperaci\u00f3n internacional con estos instrumentos. Tambi\u00e9n remarc\u00f3 que el marco de la cooperaci\u00f3n debe abarcar cuatro ejes: liderazgo y gobernanza, coherencia program\u00e1tica, gesti\u00f3n basada en resultados y transparencia y financiamiento eficaz.<\/p>\n<p>Por \u00faltimo, coordinadora de AECID, expuso que el fortalecimiento de las capacidades de los actores vinculados en cooperaci\u00f3n es un paso importante en el establecimiento del sistema. Agreg\u00f3 que nutrirse de experiencias en la implementaci\u00f3n de los Sistemas de Cooperaci\u00f3n en otros pa\u00edses permite que Guatemala destines sus recursos a estrategias eficaces y eficientes.<\/p>\n<\/div><\/div><style type=\"text\/css\">.fusion-body .fusion-builder-column-0{width:100% !important;margin-top : 0px;margin-bottom : 0px;}.fusion-builder-column-0 > .fusion-column-wrapper {padding-top : 0px !important;padding-right : 0px !important;margin-right : 1.92%;padding-bottom : 0px !important;padding-left : 0px !important;margin-left : 1.92%;}@media only screen and (max-width:1024px) {.fusion-body .fusion-builder-column-0{width:100% !important;}.fusion-builder-column-0 > .fusion-column-wrapper {margin-right : 1.92%;margin-left : 1.92%;}}@media only screen and (max-width:640px) {.fusion-body .fusion-builder-column-0{width:100% !important;}.fusion-builder-column-0 > .fusion-column-wrapper {margin-right : 1.92%;margin-left : 1.92%;}}<\/style><\/div><\/div><style type=\"text\/css\">.fusion-body .fusion-flex-container.fusion-builder-row-1{ padding-top : 0px;margin-top : 0px;padding-right : 0px;padding-bottom : 0px;margin-bottom : 0px;padding-left : 0px;}<\/style><\/div>\n<div class=\"pvc_clear\"><\/div>\n<p id=\"pvc_stats_14057\" class=\"pvc_stats all  \" data-element-id=\"14057\" style=\"\"><i class=\"pvc-stats-icon small\" aria-hidden=\"true\"><svg xmlns=\"http:\/\/www.w3.org\/2000\/svg\" version=\"1.0\" viewBox=\"0 0 502 315\" preserveAspectRatio=\"xMidYMid meet\"><g transform=\"translate(0,332) scale(0.1,-0.1)\" fill=\"\" stroke=\"none\"><path d=\"M2394 3279 l-29 -30 -3 -207 c-2 -182 0 -211 15 -242 39 -76 157 -76 196 0 15 31 17 60 15 243 l-3 209 -33 29 c-26 23 -41 29 -80 29 -41 0 -53 -5 -78 -31z\"\/><path d=\"M3085 3251 c-45 -19 -58 -50 -96 -229 -47 -217 -49 -260 -13 -295 52 -53 146 -42 177 20 16 31 87 366 87 410 0 70 -86 122 -155 94z\"\/><path d=\"M1751 3234 c-13 -9 -29 -31 -37 -50 -12 -29 -10 -49 21 -204 19 -94 39 -189 45 -210 14 -50 54 -80 110 -80 34 0 48 6 76 34 21 21 34 44 34 59 0 14 -18 113 -40 219 -37 178 -43 195 -70 221 -36 32 -101 37 -139 11z\"\/><path d=\"M1163 3073 c-36 -7 -73 -59 -73 -102 0 -56 133 -378 171 -413 34 -32 83 -37 129 -13 70 36 67 87 -16 290 -86 209 -89 214 -129 231 -35 14 -42 15 -82 7z\"\/><path d=\"M3689 3066 c-15 -9 -33 -30 -42 -48 -48 -103 -147 -355 -147 -375 0 -98 131 -148 192 -74 13 15 57 108 97 206 80 196 84 226 37 273 -30 30 -99 39 -137 18z\"\/><path d=\"M583 2784 c-38 -19 -67 -74 -58 -113 9 -42 211 -354 242 -373 16 -10 45 -18 66 -18 51 0 107 52 107 100 0 39 -1 41 -124 234 -80 126 -108 162 -133 173 -41 17 -61 16 -100 -3z\"\/><path d=\"M4250 2784 c-14 -9 -74 -91 -133 -183 -95 -150 -107 -173 -107 -213 0 -55 33 -94 87 -104 67 -13 90 8 211 198 130 202 137 225 78 284 -27 27 -42 34 -72 34 -22 0 -50 -8 -64 -16z\"\/><path d=\"M2275 2693 c-553 -48 -1095 -270 -1585 -649 -135 -104 -459 -423 -483 -476 -23 -49 -22 -139 2 -186 73 -142 361 -457 571 -626 285 -228 642 -407 990 -497 242 -63 336 -73 660 -74 310 0 370 5 595 52 535 111 1045 392 1455 803 122 121 250 273 275 326 19 41 19 137 0 174 -41 79 -309 363 -465 492 -447 370 -946 591 -1479 653 -113 14 -422 18 -536 8z m395 -428 c171 -34 330 -124 456 -258 112 -119 167 -219 211 -378 27 -96 24 -300 -5 -401 -72 -255 -236 -447 -474 -557 -132 -62 -201 -76 -368 -76 -167 0 -236 14 -368 76 -213 98 -373 271 -451 485 -162 444 86 934 547 1084 153 49 292 57 452 25z m909 -232 c222 -123 408 -262 593 -441 76 -74 138 -139 138 -144 0 -16 -233 -242 -330 -319 -155 -123 -309 -223 -461 -299 l-81 -41 32 46 c18 26 49 83 70 128 143 306 141 649 -6 957 -25 52 -61 116 -79 142 l-34 47 45 -20 c26 -10 76 -36 113 -56z m-2057 25 c-40 -58 -105 -190 -130 -263 -110 -324 -59 -707 132 -981 25 -35 42 -64 37 -64 -19 0 -241 119 -326 174 -188 122 -406 314 -532 468 l-58 71 108 103 c185 178 428 349 672 473 66 33 121 60 123 61 2 0 -10 -19 -26 -42z\"\/><path d=\"M2375 1950 c-198 -44 -350 -190 -395 -379 -18 -76 -8 -221 19 -290 114 -284 457 -406 731 -260 98 52 188 154 231 260 27 69 37 214 19 290 -38 163 -166 304 -326 360 -67 23 -215 33 -279 19z\"\/><\/g><\/svg><\/i> <img class=\"lazyload\" decoding=\"async\" width=\"16\" height=\"16\" alt=\"Loading\" src=\"data:image\/svg+xml,%3Csvg%20xmlns%3D%27http%3A%2F%2Fwww.w3.org%2F2000%2Fsvg%27%20width%3D%2716%27%20height%3D%2716%27%20viewBox%3D%270%200%2016%2016%27%3E%3Crect%20width%3D%2716%27%20height%3D%2716%27%20fill-opacity%3D%220%22%2F%3E%3C%2Fsvg%3E\" data-orig-src=\"https:\/\/portal.segeplan.gob.gt\/segeplan\/wp-content\/plugins\/page-views-count\/ajax-loader-2x.gif\" border=0 \/><\/p>\n<div class=\"pvc_clear\"><\/div>\n","protected":false},"excerpt":{"rendered":"","protected":false},"author":7,"featured_media":14060,"comment_status":"open","ping_status":"open","sticky":false,"template":"","format":"standard","meta":{"_price":"","_stock":"","_tribe_ticket_header":"","_tribe_default_ticket_provider":"","_ticket_start_date":"","_ticket_end_date":"","_tribe_ticket_show_description":"","_tribe_ticket_show_not_going":false,"_tribe_ticket_use_global_stock":"","_tribe_ticket_global_stock_level":"","_global_stock_mode":"","_global_stock_cap":"","_tribe_rsvp_for_event":"","_tribe_ticket_going_count":"","_tribe_ticket_not_going_count":"","_tribe_tickets_list":"[]","_tribe_ticket_has_attendee_info_fields":false,"footnotes":""},"categories":[31],"tags":[],"class_list":["post-14057","post","type-post","status-publish","format-standard","has-post-thumbnail","hentry","category-noticias-presidencia"],"_links":{"self":[{"href":"https:\/\/portal.segeplan.gob.gt\/segeplan\/index.php?rest_route=\/wp\/v2\/posts\/14057","targetHints":{"allow":["GET"]}}],"collection":[{"href":"https:\/\/portal.segeplan.gob.gt\/segeplan\/index.php?rest_route=\/wp\/v2\/posts"}],"about":[{"href":"https:\/\/portal.segeplan.gob.gt\/segeplan\/index.php?rest_route=\/wp\/v2\/types\/post"}],"author":[{"embeddable":true,"href":"https:\/\/portal.segeplan.gob.gt\/segeplan\/index.php?rest_route=\/wp\/v2\/users\/7"}],"replies":[{"embeddable":true,"href":"https:\/\/portal.segeplan.gob.gt\/segeplan\/index.php?rest_route=%2Fwp%2Fv2%2Fcomments&post=14057"}],"version-history":[{"count":1,"href":"https:\/\/portal.segeplan.gob.gt\/segeplan\/index.php?rest_route=\/wp\/v2\/posts\/14057\/revisions"}],"predecessor-version":[{"id":14061,"href":"https:\/\/portal.segeplan.gob.gt\/segeplan\/index.php?rest_route=\/wp\/v2\/posts\/14057\/revisions\/14061"}],"wp:featuredmedia":[{"embeddable":true,"href":"https:\/\/portal.segeplan.gob.gt\/segeplan\/index.php?rest_route=\/wp\/v2\/media\/14060"}],"wp:attachment":[{"href":"https:\/\/portal.segeplan.gob.gt\/segeplan\/index.php?rest_route=%2Fwp%2Fv2%2Fmedia&parent=14057"}],"wp:term":[{"taxonomy":"category","embeddable":true,"href":"https:\/\/portal.segeplan.gob.gt\/segeplan\/index.php?rest_route=%2Fwp%2Fv2%2Fcategories&post=14057"},{"taxonomy":"post_tag","embeddable":true,"href":"https:\/\/portal.segeplan.gob.gt\/segeplan\/index.php?rest_route=%2Fwp%2Fv2%2Ftags&post=14057"}],"curies":[{"name":"wp","href":"https:\/\/api.w.org\/{rel}","templated":true}]}}