{"id":14203,"date":"2025-11-24T09:41:45","date_gmt":"2025-11-24T15:41:45","guid":{"rendered":"https:\/\/portal.segeplan.gob.gt\/segeplan\/?p=14203"},"modified":"2025-11-24T09:41:45","modified_gmt":"2025-11-24T15:41:45","slug":"comite-ejecutivo-del-pbf-identifica-logros-y-oportunidades-de-proyectos-en-territorio","status":"publish","type":"post","link":"https:\/\/portal.segeplan.gob.gt\/segeplan\/?p=14203","title":{"rendered":"Comit\u00e9 Ejecutivo del PBF identifica logros y oportunidades de proyectos en territorio"},"content":{"rendered":"<div class=\"fusion-fullwidth fullwidth-box fusion-builder-row-1 fusion-flex-container nonhundred-percent-fullwidth non-hundred-percent-height-scrolling\" style=\"background-color: rgba(255,255,255,0);background-position: center center;background-repeat: no-repeat;border-width: 0px 0px 0px 0px;border-color:#e2e2e2;border-style:solid;\" ><div class=\"fusion-builder-row fusion-row fusion-flex-align-items-flex-start\" style=\"max-width:1185.6px;margin-left: calc(-4% \/ 2 );margin-right: calc(-4% \/ 2 );\"><div class=\"fusion-layout-column fusion_builder_column fusion-builder-column-0 fusion_builder_column_1_1 1_1 fusion-flex-column\"><div class=\"fusion-column-wrapper fusion-flex-justify-content-flex-start fusion-content-layout-column\" style=\"background-position:left top;background-repeat:no-repeat;-webkit-background-size:cover;-moz-background-size:cover;-o-background-size:cover;background-size:cover;padding: 0px 0px 0px 0px;\"><div class=\"fusion-text fusion-text-1\" style=\"text-align:justify;\"><p><strong>Guatemala, noviembre de 2025. <\/strong>Los integrantes del Comit\u00e9 Ejecutivo del Fondo para la Consolidaci\u00f3n de la Paz (PBF, por sus siglas en ingl\u00e9s) se reunieron este lunes para conocer los logros y retos principales en la cartera de proyectos impulsados durante 2025 y determinar qu\u00e9 proyectos planean ejecutarse el pr\u00f3ximo a\u00f1o.<\/p>\n<p>La sesi\u00f3n de trabajo la lider\u00f3 el secretario de Planificaci\u00f3n, Carlos Mendoza, y el coordinador residente de la Organizaci\u00f3n de las Naciones Unidas (ONU) en Guatemala, Miguel Barreto, como copresidentes del comit\u00e9.<\/p>\n<div id=\"attachment_14204\" style=\"width: 1034px\" class=\"wp-caption aligncenter\"><img decoding=\"async\" aria-describedby=\"caption-attachment-14204\" class=\"lazyload size-large wp-image-14204\" src=\"https:\/\/portal.segeplan.gob.gt\/segeplan\/wp-content\/uploads\/2025\/11\/U-PBF-4-1024x682.jpg\" data-orig-src=\"https:\/\/portal.segeplan.gob.gt\/segeplan\/wp-content\/uploads\/2025\/11\/U-PBF-4-1024x682.jpg\" alt=\"\" width=\"1024\" height=\"682\" srcset=\"data:image\/svg+xml,%3Csvg%20xmlns%3D%27http%3A%2F%2Fwww.w3.org%2F2000%2Fsvg%27%20width%3D%271024%27%20height%3D%27682%27%20viewBox%3D%270%200%201024%20682%27%3E%3Crect%20width%3D%271024%27%20height%3D%27682%27%20fill-opacity%3D%220%22%2F%3E%3C%2Fsvg%3E\" data-srcset=\"https:\/\/portal.segeplan.gob.gt\/segeplan\/wp-content\/uploads\/2025\/11\/U-PBF-4-200x133.jpg 200w, https:\/\/portal.segeplan.gob.gt\/segeplan\/wp-content\/uploads\/2025\/11\/U-PBF-4-300x200.jpg 300w, https:\/\/portal.segeplan.gob.gt\/segeplan\/wp-content\/uploads\/2025\/11\/U-PBF-4-400x267.jpg 400w, https:\/\/portal.segeplan.gob.gt\/segeplan\/wp-content\/uploads\/2025\/11\/U-PBF-4-600x400.jpg 600w, https:\/\/portal.segeplan.gob.gt\/segeplan\/wp-content\/uploads\/2025\/11\/U-PBF-4-768x512.jpg 768w, https:\/\/portal.segeplan.gob.gt\/segeplan\/wp-content\/uploads\/2025\/11\/U-PBF-4-800x533.jpg 800w, https:\/\/portal.segeplan.gob.gt\/segeplan\/wp-content\/uploads\/2025\/11\/U-PBF-4-1024x682.jpg 1024w, https:\/\/portal.segeplan.gob.gt\/segeplan\/wp-content\/uploads\/2025\/11\/U-PBF-4-1200x800.jpg 1200w, https:\/\/portal.segeplan.gob.gt\/segeplan\/wp-content\/uploads\/2025\/11\/U-PBF-4-1536x1024.jpg 1536w\" data-sizes=\"auto\" data-orig-sizes=\"(max-width: 1024px) 100vw, 1024px\" \/><p id=\"caption-attachment-14204\" class=\"wp-caption-text\">En la sesi\u00f3n de trabajo participaron representantes de agencias e instituciones gubernamentales que son actores involucrados en los proyectos que se ejecutan.<\/p><\/div>\n<p>Los proyectos incluidos en la cartera 2025 se relacionaban con Estado de derecho y el\u00a0\u00a0 abordaje de la conflictividad territorial. Adem\u00e1s, su ejecuci\u00f3n cuenta con el apoyo t\u00e9cnico de entidades gubernamentales y agencias del Sistema de Naciones Unidas (SNU). Como resultado de este trabajo en conjunto, en el a\u00f1o se logr\u00f3 finalizar cuatro proyectos:<\/p>\n<ul>\n<li>Abordando la conflictividad electoral desde una perspectiva integral<\/li>\n<li>NAB\u2019IL Juventudes mayas y mestizas organizadas contribuyendo a la construcci\u00f3n de sociedades inclusivas y la coexistencia pac\u00edfica en Huehuetenango<\/li>\n<li>Aportes para la paz: Oportunidades para j\u00f3venes en zonas rurales de Guatemala<\/li>\n<li>Respuesta trinacional para una movilidad humana digna, pac\u00edfica e inclusiva en el norte de Centroam\u00e9rica<\/li>\n<\/ul>\n<p>Asimismo, se se\u00f1al\u00f3 que los actores involucrados siguen trabajando colectivamente en al menos otros siete proyectos.<\/p>\n<p>En cuanto a las iniciativas para el a\u00f1o 2026, el PBF anunci\u00f3 que se trabajan en seis nuevos proyectos:<\/p>\n<ul>\n<li>Protecci\u00f3n de defensores de derechos humanos, que se trabajar\u00e1 con la Comisi\u00f3n Presidencial por la Paz y los Derechos Humanos (COPADEH)<\/li>\n<li>Di\u00e1logo con pueblos ind\u00edgenas, a trabajarse con la Secretar\u00eda Privada de la Presidencia (SPP)<\/li>\n<li>Participaci\u00f3n c\u00edvica y pol\u00edtica de juventudes, a trabajarse con el Consejo Nacional de la Juventud (Conjuve)<\/li>\n<li>Prevenci\u00f3n de la conflictividad electoral, con el Tribunal Supremo Electoral (TSE)<\/li>\n<li>Prevenci\u00f3n de la conflictividad sobre recursos h\u00eddricos en el Trifinio, junto al Ministerio de Ambiente y Recursos Naturales (MARN)<\/li>\n<li>Prevenci\u00f3n, atenci\u00f3n integral para mujeres y ni\u00f1as v\u00edctimas de la violencia sexual, junto a la Defensor\u00eda de la Mujer Ind\u00edgena (DEMI)<\/li>\n<\/ul>\n<div id=\"attachment_14205\" style=\"width: 1034px\" class=\"wp-caption aligncenter\"><img decoding=\"async\" aria-describedby=\"caption-attachment-14205\" class=\"lazyload size-large wp-image-14205\" src=\"https:\/\/portal.segeplan.gob.gt\/segeplan\/wp-content\/uploads\/2025\/11\/U-PBF-1-1024x682.jpg\" data-orig-src=\"https:\/\/portal.segeplan.gob.gt\/segeplan\/wp-content\/uploads\/2025\/11\/U-PBF-1-1024x682.jpg\" alt=\"\" width=\"1024\" height=\"682\" srcset=\"data:image\/svg+xml,%3Csvg%20xmlns%3D%27http%3A%2F%2Fwww.w3.org%2F2000%2Fsvg%27%20width%3D%271024%27%20height%3D%27682%27%20viewBox%3D%270%200%201024%20682%27%3E%3Crect%20width%3D%271024%27%20height%3D%27682%27%20fill-opacity%3D%220%22%2F%3E%3C%2Fsvg%3E\" data-srcset=\"https:\/\/portal.segeplan.gob.gt\/segeplan\/wp-content\/uploads\/2025\/11\/U-PBF-1-200x133.jpg 200w, https:\/\/portal.segeplan.gob.gt\/segeplan\/wp-content\/uploads\/2025\/11\/U-PBF-1-300x200.jpg 300w, https:\/\/portal.segeplan.gob.gt\/segeplan\/wp-content\/uploads\/2025\/11\/U-PBF-1-400x267.jpg 400w, https:\/\/portal.segeplan.gob.gt\/segeplan\/wp-content\/uploads\/2025\/11\/U-PBF-1-600x400.jpg 600w, https:\/\/portal.segeplan.gob.gt\/segeplan\/wp-content\/uploads\/2025\/11\/U-PBF-1-768x512.jpg 768w, https:\/\/portal.segeplan.gob.gt\/segeplan\/wp-content\/uploads\/2025\/11\/U-PBF-1-800x533.jpg 800w, https:\/\/portal.segeplan.gob.gt\/segeplan\/wp-content\/uploads\/2025\/11\/U-PBF-1-1024x682.jpg 1024w, https:\/\/portal.segeplan.gob.gt\/segeplan\/wp-content\/uploads\/2025\/11\/U-PBF-1-1200x800.jpg 1200w, https:\/\/portal.segeplan.gob.gt\/segeplan\/wp-content\/uploads\/2025\/11\/U-PBF-1-1536x1024.jpg 1536w\" data-sizes=\"auto\" data-orig-sizes=\"(max-width: 1024px) 100vw, 1024px\" \/><p id=\"caption-attachment-14205\" class=\"wp-caption-text\">Lucy Turner, coordinadora del Secretario del PBF, brind\u00f3 detalles sobre cada proyecto que se apoya en Guatemala.<\/p><\/div>\n<p>Durante el encuentro, el secretario Mendoza valor\u00f3 el trabajo de las instituciones y agencias involucradas en los proyectos y record\u00f3 que el pr\u00f3ximo a\u00f1o, Guatemala atravesar\u00e1 un per\u00edodo de elecciones de segundo grado, como la de magistrados del Tribunal Supremo Electoral, de magistrados de la Corte de Constitucionalidad y el fiscal general y jefe del Ministerio P\u00fablico.<\/p>\n<p>\u201cLuego de que salgamos de estas elecciones, que nos ayudar\u00e1n a fortalecer el Estado de derecho y minimizar la conflictividad, vamos a pasar a una nueva etapa sobre c\u00f3mo conceptualizamos la democracia en un contexto como este para que la democracia perdure en el tiempo. Guatemala podr\u00eda ser un caso exitoso, en donde logramos, con una visi\u00f3n compartida entre pueblos ind\u00edgenas y el Estado tradicional, una visi\u00f3n m\u00e1s amplia de democracia\u201d, opin\u00f3.<\/p>\n<blockquote class=\"twitter-tweet\">\n<p dir=\"ltr\" lang=\"es\">El comit\u00e9 ejecutivo del Fondo para la Consolidaci\u00f3n de la Paz <a href=\"https:\/\/twitter.com\/hashtag\/PBF?src=hash&amp;ref_src=twsrc%5Etfw\">#PBF<\/a> \ud83d\udd4a\ufe0f se reuni\u00f3 este lunes para conocer los logros y retos en la implementaci\u00f3n de proyectos durante 2025 \ud83d\udcc6<\/p>\n<p>Las iniciativas fomentadas desde el <a href=\"https:\/\/twitter.com\/hashtag\/PBF?src=hash&amp;ref_src=twsrc%5Etfw\">#PBF<\/a> se vinculan con Estado de derecho y conflictividad en territorio. <a href=\"https:\/\/t.co\/a0ljJ07j2l\">pic.twitter.com\/a0ljJ07j2l<\/a><\/p>\n<p>\u2014 SEGEPLAN (@Segeplan) <a href=\"https:\/\/twitter.com\/Segeplan\/status\/1990517757293572263?ref_src=twsrc%5Etfw\">November 17, 2025<\/a><\/p>\n<\/blockquote>\n<p><script async src=\"https:\/\/platform.twitter.com\/widgets.js\" charset=\"utf-8\"><\/script><\/p>\n<\/div><\/div><style type=\"text\/css\">.fusion-body .fusion-builder-column-0{width:100% !important;margin-top : 0px;margin-bottom : 0px;}.fusion-builder-column-0 > .fusion-column-wrapper {padding-top : 0px !important;padding-right : 0px !important;margin-right : 1.92%;padding-bottom : 0px !important;padding-left : 0px !important;margin-left : 1.92%;}@media only screen and (max-width:1024px) {.fusion-body .fusion-builder-column-0{width:100% !important;}.fusion-builder-column-0 > .fusion-column-wrapper {margin-right : 1.92%;margin-left : 1.92%;}}@media only screen and (max-width:640px) {.fusion-body .fusion-builder-column-0{width:100% !important;}.fusion-builder-column-0 > .fusion-column-wrapper {margin-right : 1.92%;margin-left : 1.92%;}}<\/style><\/div><\/div><style type=\"text\/css\">.fusion-body .fusion-flex-container.fusion-builder-row-1{ padding-top : 0px;margin-top : 0px;padding-right : 0px;padding-bottom : 0px;margin-bottom : 0px;padding-left : 0px;}<\/style><\/div>\n<div class=\"pvc_clear\"><\/div>\n<p id=\"pvc_stats_14203\" class=\"pvc_stats all  \" data-element-id=\"14203\" style=\"\"><i class=\"pvc-stats-icon small\" aria-hidden=\"true\"><svg xmlns=\"http:\/\/www.w3.org\/2000\/svg\" version=\"1.0\" viewBox=\"0 0 502 315\" preserveAspectRatio=\"xMidYMid meet\"><g transform=\"translate(0,332) scale(0.1,-0.1)\" fill=\"\" stroke=\"none\"><path d=\"M2394 3279 l-29 -30 -3 -207 c-2 -182 0 -211 15 -242 39 -76 157 -76 196 0 15 31 17 60 15 243 l-3 209 -33 29 c-26 23 -41 29 -80 29 -41 0 -53 -5 -78 -31z\"\/><path d=\"M3085 3251 c-45 -19 -58 -50 -96 -229 -47 -217 -49 -260 -13 -295 52 -53 146 -42 177 20 16 31 87 366 87 410 0 70 -86 122 -155 94z\"\/><path d=\"M1751 3234 c-13 -9 -29 -31 -37 -50 -12 -29 -10 -49 21 -204 19 -94 39 -189 45 -210 14 -50 54 -80 110 -80 34 0 48 6 76 34 21 21 34 44 34 59 0 14 -18 113 -40 219 -37 178 -43 195 -70 221 -36 32 -101 37 -139 11z\"\/><path d=\"M1163 3073 c-36 -7 -73 -59 -73 -102 0 -56 133 -378 171 -413 34 -32 83 -37 129 -13 70 36 67 87 -16 290 -86 209 -89 214 -129 231 -35 14 -42 15 -82 7z\"\/><path d=\"M3689 3066 c-15 -9 -33 -30 -42 -48 -48 -103 -147 -355 -147 -375 0 -98 131 -148 192 -74 13 15 57 108 97 206 80 196 84 226 37 273 -30 30 -99 39 -137 18z\"\/><path d=\"M583 2784 c-38 -19 -67 -74 -58 -113 9 -42 211 -354 242 -373 16 -10 45 -18 66 -18 51 0 107 52 107 100 0 39 -1 41 -124 234 -80 126 -108 162 -133 173 -41 17 -61 16 -100 -3z\"\/><path d=\"M4250 2784 c-14 -9 -74 -91 -133 -183 -95 -150 -107 -173 -107 -213 0 -55 33 -94 87 -104 67 -13 90 8 211 198 130 202 137 225 78 284 -27 27 -42 34 -72 34 -22 0 -50 -8 -64 -16z\"\/><path d=\"M2275 2693 c-553 -48 -1095 -270 -1585 -649 -135 -104 -459 -423 -483 -476 -23 -49 -22 -139 2 -186 73 -142 361 -457 571 -626 285 -228 642 -407 990 -497 242 -63 336 -73 660 -74 310 0 370 5 595 52 535 111 1045 392 1455 803 122 121 250 273 275 326 19 41 19 137 0 174 -41 79 -309 363 -465 492 -447 370 -946 591 -1479 653 -113 14 -422 18 -536 8z m395 -428 c171 -34 330 -124 456 -258 112 -119 167 -219 211 -378 27 -96 24 -300 -5 -401 -72 -255 -236 -447 -474 -557 -132 -62 -201 -76 -368 -76 -167 0 -236 14 -368 76 -213 98 -373 271 -451 485 -162 444 86 934 547 1084 153 49 292 57 452 25z m909 -232 c222 -123 408 -262 593 -441 76 -74 138 -139 138 -144 0 -16 -233 -242 -330 -319 -155 -123 -309 -223 -461 -299 l-81 -41 32 46 c18 26 49 83 70 128 143 306 141 649 -6 957 -25 52 -61 116 -79 142 l-34 47 45 -20 c26 -10 76 -36 113 -56z m-2057 25 c-40 -58 -105 -190 -130 -263 -110 -324 -59 -707 132 -981 25 -35 42 -64 37 -64 -19 0 -241 119 -326 174 -188 122 -406 314 -532 468 l-58 71 108 103 c185 178 428 349 672 473 66 33 121 60 123 61 2 0 -10 -19 -26 -42z\"\/><path d=\"M2375 1950 c-198 -44 -350 -190 -395 -379 -18 -76 -8 -221 19 -290 114 -284 457 -406 731 -260 98 52 188 154 231 260 27 69 37 214 19 290 -38 163 -166 304 -326 360 -67 23 -215 33 -279 19z\"\/><\/g><\/svg><\/i> <img class=\"lazyload\" decoding=\"async\" width=\"16\" height=\"16\" alt=\"Loading\" src=\"data:image\/svg+xml,%3Csvg%20xmlns%3D%27http%3A%2F%2Fwww.w3.org%2F2000%2Fsvg%27%20width%3D%2716%27%20height%3D%2716%27%20viewBox%3D%270%200%2016%2016%27%3E%3Crect%20width%3D%2716%27%20height%3D%2716%27%20fill-opacity%3D%220%22%2F%3E%3C%2Fsvg%3E\" data-orig-src=\"https:\/\/portal.segeplan.gob.gt\/segeplan\/wp-content\/plugins\/page-views-count\/ajax-loader-2x.gif\" border=0 \/><\/p>\n<div class=\"pvc_clear\"><\/div>\n","protected":false},"excerpt":{"rendered":"","protected":false},"author":7,"featured_media":14206,"comment_status":"open","ping_status":"open","sticky":false,"template":"","format":"standard","meta":{"_price":"","_stock":"","_tribe_ticket_header":"","_tribe_default_ticket_provider":"","_ticket_start_date":"","_ticket_end_date":"","_tribe_ticket_show_description":"","_tribe_ticket_show_not_going":false,"_tribe_ticket_use_global_stock":"","_tribe_ticket_global_stock_level":"","_global_stock_mode":"","_global_stock_cap":"","_tribe_rsvp_for_event":"","_tribe_ticket_going_count":"","_tribe_ticket_not_going_count":"","_tribe_tickets_list":"[]","_tribe_ticket_has_attendee_info_fields":false,"footnotes":""},"categories":[31],"tags":[],"class_list":["post-14203","post","type-post","status-publish","format-standard","has-post-thumbnail","hentry","category-noticias-presidencia"],"_links":{"self":[{"href":"https:\/\/portal.segeplan.gob.gt\/segeplan\/index.php?rest_route=\/wp\/v2\/posts\/14203","targetHints":{"allow":["GET"]}}],"collection":[{"href":"https:\/\/portal.segeplan.gob.gt\/segeplan\/index.php?rest_route=\/wp\/v2\/posts"}],"about":[{"href":"https:\/\/portal.segeplan.gob.gt\/segeplan\/index.php?rest_route=\/wp\/v2\/types\/post"}],"author":[{"embeddable":true,"href":"https:\/\/portal.segeplan.gob.gt\/segeplan\/index.php?rest_route=\/wp\/v2\/users\/7"}],"replies":[{"embeddable":true,"href":"https:\/\/portal.segeplan.gob.gt\/segeplan\/index.php?rest_route=%2Fwp%2Fv2%2Fcomments&post=14203"}],"version-history":[{"count":1,"href":"https:\/\/portal.segeplan.gob.gt\/segeplan\/index.php?rest_route=\/wp\/v2\/posts\/14203\/revisions"}],"predecessor-version":[{"id":14207,"href":"https:\/\/portal.segeplan.gob.gt\/segeplan\/index.php?rest_route=\/wp\/v2\/posts\/14203\/revisions\/14207"}],"wp:featuredmedia":[{"embeddable":true,"href":"https:\/\/portal.segeplan.gob.gt\/segeplan\/index.php?rest_route=\/wp\/v2\/media\/14206"}],"wp:attachment":[{"href":"https:\/\/portal.segeplan.gob.gt\/segeplan\/index.php?rest_route=%2Fwp%2Fv2%2Fmedia&parent=14203"}],"wp:term":[{"taxonomy":"category","embeddable":true,"href":"https:\/\/portal.segeplan.gob.gt\/segeplan\/index.php?rest_route=%2Fwp%2Fv2%2Fcategories&post=14203"},{"taxonomy":"post_tag","embeddable":true,"href":"https:\/\/portal.segeplan.gob.gt\/segeplan\/index.php?rest_route=%2Fwp%2Fv2%2Ftags&post=14203"}],"curies":[{"name":"wp","href":"https:\/\/api.w.org\/{rel}","templated":true}]}}