{"id":14209,"date":"2025-11-27T10:02:26","date_gmt":"2025-11-27T16:02:26","guid":{"rendered":"https:\/\/portal.segeplan.gob.gt\/segeplan\/?p=14209"},"modified":"2025-11-27T10:02:26","modified_gmt":"2025-11-27T16:02:26","slug":"presidente-bernardo-arevalo-dialoga-con-primera-generacion-de-becarios","status":"publish","type":"post","link":"https:\/\/portal.segeplan.gob.gt\/segeplan\/?p=14209","title":{"rendered":"Presidente Bernardo Ar\u00e9valo dialoga con primera generaci\u00f3n de becarios"},"content":{"rendered":"<div class=\"fusion-fullwidth fullwidth-box fusion-builder-row-1 fusion-flex-container nonhundred-percent-fullwidth non-hundred-percent-height-scrolling\" style=\"background-color: rgba(255,255,255,0);background-position: center center;background-repeat: no-repeat;border-width: 0px 0px 0px 0px;border-color:#e2e2e2;border-style:solid;\" ><div class=\"fusion-builder-row fusion-row fusion-flex-align-items-flex-start\" style=\"max-width:1185.6px;margin-left: calc(-4% \/ 2 );margin-right: calc(-4% \/ 2 );\"><div class=\"fusion-layout-column fusion_builder_column fusion-builder-column-0 fusion_builder_column_1_1 1_1 fusion-flex-column\"><div class=\"fusion-column-wrapper fusion-flex-justify-content-flex-start fusion-content-layout-column\" style=\"background-position:left top;background-repeat:no-repeat;-webkit-background-size:cover;-moz-background-size:cover;-o-background-size:cover;background-size:cover;padding: 0px 0px 0px 0px;\"><div class=\"fusion-text fusion-text-1\" style=\"text-align:justify;\"><p><strong>Guatemala, 26 de noviembre de 2025. <\/strong>A ocho meses de haberse lanzado el programa Becas por Nuestro Futuro se contabiliza a 122 beneficiarios, quienes iniciar\u00e1n, continuar\u00e1n o podr\u00e1n culminar sus estudios t\u00e9cnicos vocacionales, de pregrado y maestr\u00eda.<\/p>\n<p>Y para conmemorar este logro, la Secretar\u00eda de Planificaci\u00f3n de la Presidencia (SEGEPLAN) impuls\u00f3 un encuentro con la primera generaci\u00f3n de becarios que son originarios de la Regi\u00f3n Central, el cual cont\u00f3 con la participaci\u00f3n del presidente Bernardo Ar\u00e9valo y el secretario de la instituci\u00f3n, Carlos Mendoza.<\/p>\n<p>\u201cHab\u00eda una deuda del Estado de Guatemala con la sociedad y con los sectores m\u00e1s olvidados, m\u00e1s marginados y que hac\u00eda que talentos como los de hoy, se perdieran porque nadie les daba una m\u00ednima oportunidad\u201d, dijo el Presidente.<\/p>\n<div id=\"attachment_14210\" style=\"width: 1034px\" class=\"wp-caption aligncenter\"><img decoding=\"async\" aria-describedby=\"caption-attachment-14210\" class=\"lazyload size-large wp-image-14210\" src=\"https:\/\/portal.segeplan.gob.gt\/segeplan\/wp-content\/uploads\/2025\/11\/BNF-RC-11-1024x682.jpg\" data-orig-src=\"https:\/\/portal.segeplan.gob.gt\/segeplan\/wp-content\/uploads\/2025\/11\/BNF-RC-11-1024x682.jpg\" alt=\"\" width=\"1024\" height=\"682\" srcset=\"data:image\/svg+xml,%3Csvg%20xmlns%3D%27http%3A%2F%2Fwww.w3.org%2F2000%2Fsvg%27%20width%3D%271024%27%20height%3D%27682%27%20viewBox%3D%270%200%201024%20682%27%3E%3Crect%20width%3D%271024%27%20height%3D%27682%27%20fill-opacity%3D%220%22%2F%3E%3C%2Fsvg%3E\" data-srcset=\"https:\/\/portal.segeplan.gob.gt\/segeplan\/wp-content\/uploads\/2025\/11\/BNF-RC-11-200x133.jpg 200w, https:\/\/portal.segeplan.gob.gt\/segeplan\/wp-content\/uploads\/2025\/11\/BNF-RC-11-300x200.jpg 300w, https:\/\/portal.segeplan.gob.gt\/segeplan\/wp-content\/uploads\/2025\/11\/BNF-RC-11-400x267.jpg 400w, https:\/\/portal.segeplan.gob.gt\/segeplan\/wp-content\/uploads\/2025\/11\/BNF-RC-11-600x400.jpg 600w, https:\/\/portal.segeplan.gob.gt\/segeplan\/wp-content\/uploads\/2025\/11\/BNF-RC-11-768x512.jpg 768w, https:\/\/portal.segeplan.gob.gt\/segeplan\/wp-content\/uploads\/2025\/11\/BNF-RC-11-800x533.jpg 800w, https:\/\/portal.segeplan.gob.gt\/segeplan\/wp-content\/uploads\/2025\/11\/BNF-RC-11-1024x682.jpg 1024w, https:\/\/portal.segeplan.gob.gt\/segeplan\/wp-content\/uploads\/2025\/11\/BNF-RC-11-1200x800.jpg 1200w, https:\/\/portal.segeplan.gob.gt\/segeplan\/wp-content\/uploads\/2025\/11\/BNF-RC-11-1536x1024.jpg 1536w\" data-sizes=\"auto\" data-orig-sizes=\"(max-width: 1024px) 100vw, 1024px\" \/><p id=\"caption-attachment-14210\" class=\"wp-caption-text\">El presidente Ar\u00e9valo y el secretario Mendoza escucharon las experiencias de los becarios y sus familiares.<\/p><\/div>\n<p>El evento sirvi\u00f3 como una plataforma para que becarios y sus familiares compartieran c\u00f3mo se hab\u00edan enterado del programa, qu\u00e9 opinaban sobre el proceso de aplicaci\u00f3n, presentaran sus casos y c\u00f3mo la beca otorgada contribuir\u00e1 a mejorar sus calidades de vida.<\/p>\n<p>En ese sentido, el secretario Mendoza valor\u00f3 el esfuerzo y determinaci\u00f3n demostrado por cada becario, no solo en el proceso de aplicaci\u00f3n para la beca, sino en el \u00e1mbito profesional.<\/p>\n<p>\u201cSu presencia hoy aqu\u00ed es la prueba que, aunque el camino no siempre es sencillo, ustedes han decidido continuar y persistir caminando. Sabemos que han enfrentado dificultades econ\u00f3micas, largas jornadas, dudas, muchas veces prejuicios y a\u00fan as\u00ed aqu\u00ed est\u00e1n ustedes con un sue\u00f1o que los gu\u00eda\u201d, reconoci\u00f3 el funcionario.<\/p>\n<p>De igual manera, afirm\u00f3 que a cada becario del programa se le ha asignado una gran responsabilidad: cambiar no solo su futuro, sino el de Guatemala.<\/p>\n<p>\u201cEstudiar es una apuesta por una vida mejor, no solo para ustedes como individuos, sino para todo el pa\u00eds y esa apuesta vale la pena. Guatemala necesita de j\u00f3venes como ustedes: que piensan, que cuestionan, que aportan y construyen un mejor pa\u00eds\u201d, a\u00f1adi\u00f3.<\/p>\n<div id=\"attachment_14211\" style=\"width: 1034px\" class=\"wp-caption aligncenter\"><img decoding=\"async\" aria-describedby=\"caption-attachment-14211\" class=\"lazyload size-large wp-image-14211\" src=\"https:\/\/portal.segeplan.gob.gt\/segeplan\/wp-content\/uploads\/2025\/11\/BNF-RC-3-1024x683.jpg\" data-orig-src=\"https:\/\/portal.segeplan.gob.gt\/segeplan\/wp-content\/uploads\/2025\/11\/BNF-RC-3-1024x683.jpg\" alt=\"\" width=\"1024\" height=\"683\" srcset=\"data:image\/svg+xml,%3Csvg%20xmlns%3D%27http%3A%2F%2Fwww.w3.org%2F2000%2Fsvg%27%20width%3D%271024%27%20height%3D%27683%27%20viewBox%3D%270%200%201024%20683%27%3E%3Crect%20width%3D%271024%27%20height%3D%27683%27%20fill-opacity%3D%220%22%2F%3E%3C%2Fsvg%3E\" data-srcset=\"https:\/\/portal.segeplan.gob.gt\/segeplan\/wp-content\/uploads\/2025\/11\/BNF-RC-3-200x133.jpg 200w, https:\/\/portal.segeplan.gob.gt\/segeplan\/wp-content\/uploads\/2025\/11\/BNF-RC-3-300x200.jpg 300w, https:\/\/portal.segeplan.gob.gt\/segeplan\/wp-content\/uploads\/2025\/11\/BNF-RC-3-400x267.jpg 400w, https:\/\/portal.segeplan.gob.gt\/segeplan\/wp-content\/uploads\/2025\/11\/BNF-RC-3-600x400.jpg 600w, https:\/\/portal.segeplan.gob.gt\/segeplan\/wp-content\/uploads\/2025\/11\/BNF-RC-3-768x512.jpg 768w, https:\/\/portal.segeplan.gob.gt\/segeplan\/wp-content\/uploads\/2025\/11\/BNF-RC-3-800x533.jpg 800w, https:\/\/portal.segeplan.gob.gt\/segeplan\/wp-content\/uploads\/2025\/11\/BNF-RC-3-1024x683.jpg 1024w, https:\/\/portal.segeplan.gob.gt\/segeplan\/wp-content\/uploads\/2025\/11\/BNF-RC-3-1200x800.jpg 1200w, https:\/\/portal.segeplan.gob.gt\/segeplan\/wp-content\/uploads\/2025\/11\/BNF-RC-3-1536x1024.jpg 1536w, https:\/\/portal.segeplan.gob.gt\/segeplan\/wp-content\/uploads\/2025\/11\/BNF-RC-3.jpg 1750w\" data-sizes=\"auto\" data-orig-sizes=\"(max-width: 1024px) 100vw, 1024px\" \/><p id=\"caption-attachment-14211\" class=\"wp-caption-text\">El encuentro permiti\u00f3 reunir a 22 becarios de la Regi\u00f3n Central del pa\u00eds, que forman parte del grupo de 122 becarios totales.<\/p><\/div>\n<p>El encuentro de becarios permiti\u00f3 conocer historias como la de Abner M\u00e9ndez, futuro licenciado en matem\u00e1tica aplicada, quien manifest\u00f3 su entusiasmo por ser becario.<\/p>\n<p>\u201cFinalmente puedo dar un respiro en lo econ\u00f3mico y poder concentrarme en lo acad\u00e9mico. Estoy muy entusiasmado porque le dedico muchas horas a la matem\u00e1tica. De ahora en adelante quiero trabajar en proyectos de an\u00e1lisis num\u00e9ricos, algoritmos y estad\u00edsticas. Tengo la esperanza de que mi vida mejore de ahora en adelante\u201d, expres\u00f3.<\/p>\n<p>Asimismo, Daniela Argueta, comparti\u00f3 lo que significa ser acreedora de una beca: hacer realidad su sue\u00f1o de ser licenciada en ciencias jur\u00eddicas y sociales.<\/p>\n<p>\u201cSignifica tener una oportunidad de crecimiento para m\u00ed, para mi familia y mi comunidad. Verme ac\u00e1, llegar a este punto, me da satisfacci\u00f3n porque es una oportunidad de ayuda para quienes nos rodean. Decid\u00ed estudiar derecho para ayudar a madres que sufren de abusos y de misoginia. Ese es mi enfoque principal\u201d, se\u00f1al\u00f3.<\/p>\n<p>Becas por Nuestro Futuro contin\u00faa difundi\u00e9ndose en el territorio nacional, para que m\u00e1s personas como Daniela y Abner sepan que existe un programa que los puede apoyar en cumplir sus sue\u00f1os. El proceso de aplicaci\u00f3n debe realizarse en el sitio becasnuestrofuturo.gob.gt.<\/p>\n<blockquote class=\"twitter-tweet\">\n<p dir=\"ltr\" lang=\"es\">\u00a1<a href=\"https:\/\/twitter.com\/hashtag\/BecasPorNuestro?src=hash&amp;ref_src=twsrc%5Etfw\">#BecasPorNuestro<\/a> Futuro est\u00e1 cambiando vidas y abriendo nuevos horizontes para Guatemala! \u2728<\/p>\n<p>Un programa que sigue creciendo y llevando oportunidades que impulsan los sue\u00f1os de la juventud, fortalecen a sus comunidades y les permiten imaginar un ma\u00f1ana con esperanza. \ud83d\udcda <a href=\"https:\/\/t.co\/CXX46EvS0X\">pic.twitter.com\/CXX46EvS0X<\/a><\/p>\n<p>\u2014 Gobierno de Guatemala \ud83c\uddec\ud83c\uddf9 (@GuatemalaGob) <a href=\"https:\/\/twitter.com\/GuatemalaGob\/status\/1993794618476122366?ref_src=twsrc%5Etfw\">November 26, 2025<\/a><\/p>\n<\/blockquote>\n<p><script async src=\"https:\/\/platform.twitter.com\/widgets.js\" charset=\"utf-8\"><\/script><\/p>\n<\/div><\/div><style type=\"text\/css\">.fusion-body .fusion-builder-column-0{width:100% !important;margin-top : 0px;margin-bottom : 0px;}.fusion-builder-column-0 > .fusion-column-wrapper {padding-top : 0px !important;padding-right : 0px !important;margin-right : 1.92%;padding-bottom : 0px !important;padding-left : 0px !important;margin-left : 1.92%;}@media only screen and (max-width:1024px) {.fusion-body .fusion-builder-column-0{width:100% !important;}.fusion-builder-column-0 > .fusion-column-wrapper {margin-right : 1.92%;margin-left : 1.92%;}}@media only screen and (max-width:640px) {.fusion-body .fusion-builder-column-0{width:100% !important;}.fusion-builder-column-0 > .fusion-column-wrapper {margin-right : 1.92%;margin-left : 1.92%;}}<\/style><\/div><\/div><style type=\"text\/css\">.fusion-body .fusion-flex-container.fusion-builder-row-1{ padding-top : 0px;margin-top : 0px;padding-right : 0px;padding-bottom : 0px;margin-bottom : 0px;padding-left : 0px;}<\/style><\/div>\n<div class=\"pvc_clear\"><\/div>\n<p id=\"pvc_stats_14209\" class=\"pvc_stats all  \" data-element-id=\"14209\" style=\"\"><i class=\"pvc-stats-icon small\" aria-hidden=\"true\"><svg xmlns=\"http:\/\/www.w3.org\/2000\/svg\" version=\"1.0\" viewBox=\"0 0 502 315\" preserveAspectRatio=\"xMidYMid meet\"><g transform=\"translate(0,332) scale(0.1,-0.1)\" fill=\"\" stroke=\"none\"><path d=\"M2394 3279 l-29 -30 -3 -207 c-2 -182 0 -211 15 -242 39 -76 157 -76 196 0 15 31 17 60 15 243 l-3 209 -33 29 c-26 23 -41 29 -80 29 -41 0 -53 -5 -78 -31z\"\/><path d=\"M3085 3251 c-45 -19 -58 -50 -96 -229 -47 -217 -49 -260 -13 -295 52 -53 146 -42 177 20 16 31 87 366 87 410 0 70 -86 122 -155 94z\"\/><path d=\"M1751 3234 c-13 -9 -29 -31 -37 -50 -12 -29 -10 -49 21 -204 19 -94 39 -189 45 -210 14 -50 54 -80 110 -80 34 0 48 6 76 34 21 21 34 44 34 59 0 14 -18 113 -40 219 -37 178 -43 195 -70 221 -36 32 -101 37 -139 11z\"\/><path d=\"M1163 3073 c-36 -7 -73 -59 -73 -102 0 -56 133 -378 171 -413 34 -32 83 -37 129 -13 70 36 67 87 -16 290 -86 209 -89 214 -129 231 -35 14 -42 15 -82 7z\"\/><path d=\"M3689 3066 c-15 -9 -33 -30 -42 -48 -48 -103 -147 -355 -147 -375 0 -98 131 -148 192 -74 13 15 57 108 97 206 80 196 84 226 37 273 -30 30 -99 39 -137 18z\"\/><path d=\"M583 2784 c-38 -19 -67 -74 -58 -113 9 -42 211 -354 242 -373 16 -10 45 -18 66 -18 51 0 107 52 107 100 0 39 -1 41 -124 234 -80 126 -108 162 -133 173 -41 17 -61 16 -100 -3z\"\/><path d=\"M4250 2784 c-14 -9 -74 -91 -133 -183 -95 -150 -107 -173 -107 -213 0 -55 33 -94 87 -104 67 -13 90 8 211 198 130 202 137 225 78 284 -27 27 -42 34 -72 34 -22 0 -50 -8 -64 -16z\"\/><path d=\"M2275 2693 c-553 -48 -1095 -270 -1585 -649 -135 -104 -459 -423 -483 -476 -23 -49 -22 -139 2 -186 73 -142 361 -457 571 -626 285 -228 642 -407 990 -497 242 -63 336 -73 660 -74 310 0 370 5 595 52 535 111 1045 392 1455 803 122 121 250 273 275 326 19 41 19 137 0 174 -41 79 -309 363 -465 492 -447 370 -946 591 -1479 653 -113 14 -422 18 -536 8z m395 -428 c171 -34 330 -124 456 -258 112 -119 167 -219 211 -378 27 -96 24 -300 -5 -401 -72 -255 -236 -447 -474 -557 -132 -62 -201 -76 -368 -76 -167 0 -236 14 -368 76 -213 98 -373 271 -451 485 -162 444 86 934 547 1084 153 49 292 57 452 25z m909 -232 c222 -123 408 -262 593 -441 76 -74 138 -139 138 -144 0 -16 -233 -242 -330 -319 -155 -123 -309 -223 -461 -299 l-81 -41 32 46 c18 26 49 83 70 128 143 306 141 649 -6 957 -25 52 -61 116 -79 142 l-34 47 45 -20 c26 -10 76 -36 113 -56z m-2057 25 c-40 -58 -105 -190 -130 -263 -110 -324 -59 -707 132 -981 25 -35 42 -64 37 -64 -19 0 -241 119 -326 174 -188 122 -406 314 -532 468 l-58 71 108 103 c185 178 428 349 672 473 66 33 121 60 123 61 2 0 -10 -19 -26 -42z\"\/><path d=\"M2375 1950 c-198 -44 -350 -190 -395 -379 -18 -76 -8 -221 19 -290 114 -284 457 -406 731 -260 98 52 188 154 231 260 27 69 37 214 19 290 -38 163 -166 304 -326 360 -67 23 -215 33 -279 19z\"\/><\/g><\/svg><\/i> <img class=\"lazyload\" decoding=\"async\" width=\"16\" height=\"16\" alt=\"Loading\" src=\"data:image\/svg+xml,%3Csvg%20xmlns%3D%27http%3A%2F%2Fwww.w3.org%2F2000%2Fsvg%27%20width%3D%2716%27%20height%3D%2716%27%20viewBox%3D%270%200%2016%2016%27%3E%3Crect%20width%3D%2716%27%20height%3D%2716%27%20fill-opacity%3D%220%22%2F%3E%3C%2Fsvg%3E\" data-orig-src=\"https:\/\/portal.segeplan.gob.gt\/segeplan\/wp-content\/plugins\/page-views-count\/ajax-loader-2x.gif\" border=0 \/><\/p>\n<div class=\"pvc_clear\"><\/div>\n","protected":false},"excerpt":{"rendered":"","protected":false},"author":7,"featured_media":14212,"comment_status":"open","ping_status":"open","sticky":false,"template":"","format":"standard","meta":{"_price":"","_stock":"","_tribe_ticket_header":"","_tribe_default_ticket_provider":"","_ticket_start_date":"","_ticket_end_date":"","_tribe_ticket_show_description":"","_tribe_ticket_show_not_going":false,"_tribe_ticket_use_global_stock":"","_tribe_ticket_global_stock_level":"","_global_stock_mode":"","_global_stock_cap":"","_tribe_rsvp_for_event":"","_tribe_ticket_going_count":"","_tribe_ticket_not_going_count":"","_tribe_tickets_list":"[]","_tribe_ticket_has_attendee_info_fields":false,"footnotes":""},"categories":[31],"tags":[],"class_list":["post-14209","post","type-post","status-publish","format-standard","has-post-thumbnail","hentry","category-noticias-presidencia"],"_links":{"self":[{"href":"https:\/\/portal.segeplan.gob.gt\/segeplan\/index.php?rest_route=\/wp\/v2\/posts\/14209","targetHints":{"allow":["GET"]}}],"collection":[{"href":"https:\/\/portal.segeplan.gob.gt\/segeplan\/index.php?rest_route=\/wp\/v2\/posts"}],"about":[{"href":"https:\/\/portal.segeplan.gob.gt\/segeplan\/index.php?rest_route=\/wp\/v2\/types\/post"}],"author":[{"embeddable":true,"href":"https:\/\/portal.segeplan.gob.gt\/segeplan\/index.php?rest_route=\/wp\/v2\/users\/7"}],"replies":[{"embeddable":true,"href":"https:\/\/portal.segeplan.gob.gt\/segeplan\/index.php?rest_route=%2Fwp%2Fv2%2Fcomments&post=14209"}],"version-history":[{"count":1,"href":"https:\/\/portal.segeplan.gob.gt\/segeplan\/index.php?rest_route=\/wp\/v2\/posts\/14209\/revisions"}],"predecessor-version":[{"id":14213,"href":"https:\/\/portal.segeplan.gob.gt\/segeplan\/index.php?rest_route=\/wp\/v2\/posts\/14209\/revisions\/14213"}],"wp:featuredmedia":[{"embeddable":true,"href":"https:\/\/portal.segeplan.gob.gt\/segeplan\/index.php?rest_route=\/wp\/v2\/media\/14212"}],"wp:attachment":[{"href":"https:\/\/portal.segeplan.gob.gt\/segeplan\/index.php?rest_route=%2Fwp%2Fv2%2Fmedia&parent=14209"}],"wp:term":[{"taxonomy":"category","embeddable":true,"href":"https:\/\/portal.segeplan.gob.gt\/segeplan\/index.php?rest_route=%2Fwp%2Fv2%2Fcategories&post=14209"},{"taxonomy":"post_tag","embeddable":true,"href":"https:\/\/portal.segeplan.gob.gt\/segeplan\/index.php?rest_route=%2Fwp%2Fv2%2Ftags&post=14209"}],"curies":[{"name":"wp","href":"https:\/\/api.w.org\/{rel}","templated":true}]}}