{"id":14316,"date":"2025-12-15T10:24:42","date_gmt":"2025-12-15T16:24:42","guid":{"rendered":"https:\/\/portal.segeplan.gob.gt\/segeplan\/?p=14316"},"modified":"2025-12-15T10:40:36","modified_gmt":"2025-12-15T16:40:36","slug":"guatemala-fortalece-su-liderazgo-regional-en-cooperacion-sur-sur-y-triangular","status":"publish","type":"post","link":"https:\/\/portal.segeplan.gob.gt\/segeplan\/?p=14316","title":{"rendered":"Guatemala fortalece su liderazgo regional en Cooperaci\u00f3n Sur-Sur y Triangular"},"content":{"rendered":"<div class=\"fusion-fullwidth fullwidth-box fusion-builder-row-1 fusion-flex-container nonhundred-percent-fullwidth non-hundred-percent-height-scrolling\" style=\"background-color: rgba(255,255,255,0);background-position: center center;background-repeat: no-repeat;border-width: 0px 0px 0px 0px;border-color:#e2e2e2;border-style:solid;\" ><div class=\"fusion-builder-row fusion-row fusion-flex-align-items-flex-start\" style=\"max-width:1185.6px;margin-left: calc(-4% \/ 2 );margin-right: calc(-4% \/ 2 );\"><div class=\"fusion-layout-column fusion_builder_column fusion-builder-column-0 fusion_builder_column_1_1 1_1 fusion-flex-column\"><div class=\"fusion-column-wrapper fusion-flex-justify-content-flex-start fusion-content-layout-column\" style=\"background-position:left top;background-repeat:no-repeat;-webkit-background-size:cover;-moz-background-size:cover;-o-background-size:cover;background-size:cover;padding: 0px 0px 0px 0px;\"><div class=\"fusion-text fusion-text-1\" style=\"text-align:justify;\"><p><strong>Uruguay, diciembre de 2025. <\/strong>Pa\u00edses de la regi\u00f3n iberoamericana reconocieron el liderazgo de Guatemala en procesos de Cooperaci\u00f3n Sur-Sur (CSS) y Triangular, espec\u00edficamente en la implementaci\u00f3n de sistemas de medici\u00f3n y automatizaci\u00f3n de la informaci\u00f3n sobre cooperaci\u00f3n.<\/p>\n<p>Este reconocimiento se realiz\u00f3 durante el II Consejo Intergubernamental del Programa Iberoamericano para el Fortalecimiento de la Cooperaci\u00f3n Sur-Sur (PIFCSS), celebrado en Montevideo, Uruguay, en la primera semana de diciembre.<\/p>\n<p>Como representantes de Guatemala estuvieron Iliana Pe\u00f1a, subsecretaria de Cooperaci\u00f3n y Alianzas para el Desarrollo, y Astrid Miranda, directora de Alianzas para el Desarrollo.<\/p>\n<div id=\"attachment_14318\" style=\"width: 1034px\" class=\"wp-caption aligncenter\"><img decoding=\"async\" aria-describedby=\"caption-attachment-14318\" class=\"lazyload wp-image-14318 size-large\" src=\"https:\/\/portal.segeplan.gob.gt\/segeplan\/wp-content\/uploads\/2025\/12\/FORO-IBE-2-1024x682.jpg\" data-orig-src=\"https:\/\/portal.segeplan.gob.gt\/segeplan\/wp-content\/uploads\/2025\/12\/FORO-IBE-2-1024x682.jpg\" alt=\"\" width=\"1024\" height=\"682\" srcset=\"data:image\/svg+xml,%3Csvg%20xmlns%3D%27http%3A%2F%2Fwww.w3.org%2F2000%2Fsvg%27%20width%3D%271024%27%20height%3D%27682%27%20viewBox%3D%270%200%201024%20682%27%3E%3Crect%20width%3D%271024%27%20height%3D%27682%27%20fill-opacity%3D%220%22%2F%3E%3C%2Fsvg%3E\" data-srcset=\"https:\/\/portal.segeplan.gob.gt\/segeplan\/wp-content\/uploads\/2025\/12\/FORO-IBE-2-200x133.jpg 200w, https:\/\/portal.segeplan.gob.gt\/segeplan\/wp-content\/uploads\/2025\/12\/FORO-IBE-2-300x200.jpg 300w, https:\/\/portal.segeplan.gob.gt\/segeplan\/wp-content\/uploads\/2025\/12\/FORO-IBE-2-400x266.jpg 400w, https:\/\/portal.segeplan.gob.gt\/segeplan\/wp-content\/uploads\/2025\/12\/FORO-IBE-2-600x400.jpg 600w, https:\/\/portal.segeplan.gob.gt\/segeplan\/wp-content\/uploads\/2025\/12\/FORO-IBE-2-768x512.jpg 768w, https:\/\/portal.segeplan.gob.gt\/segeplan\/wp-content\/uploads\/2025\/12\/FORO-IBE-2-800x533.jpg 800w, https:\/\/portal.segeplan.gob.gt\/segeplan\/wp-content\/uploads\/2025\/12\/FORO-IBE-2-1024x682.jpg 1024w, https:\/\/portal.segeplan.gob.gt\/segeplan\/wp-content\/uploads\/2025\/12\/FORO-IBE-2-1200x799.jpg 1200w, https:\/\/portal.segeplan.gob.gt\/segeplan\/wp-content\/uploads\/2025\/12\/FORO-IBE-2.jpg 1450w\" data-sizes=\"auto\" data-orig-sizes=\"(max-width: 1024px) 100vw, 1024px\" \/><p id=\"caption-attachment-14318\" class=\"wp-caption-text\">El evento celebrado en Uruguay represent\u00f3 un espacio para el di\u00e1logo entre los pa\u00edses de Iberoam\u00e9rica.<\/p><\/div>\n<p>En el encuentro, la subsecretaria Pe\u00f1a subray\u00f3 la importancia de la innovaci\u00f3n y el fortalecimiento institucional como motores del PIFCSS, as\u00ed como el rol de RizomaSur como ecosistema de conocimiento al servicio de la regi\u00f3n.<\/p>\n<p>Asimismo, Guatemala reafirm\u00f3 su compromiso con la hoja de ruta de sostenibilidad financiera del Programa, resaltando que la planificaci\u00f3n debe guiar la presupuestaci\u00f3n y no a la inversa, e insisti\u00f3 en la necesidad de promover la corresponsabilidad de los pa\u00edses miembros.<\/p>\n<p><strong>Prioridades de la regi\u00f3n<\/strong><\/p>\n<p>La Presidencia entrante del PIFCSS, asumida por Uruguay, present\u00f3 el Plan Operativo Anual 2026, que contempla actividades clave para Guatemala; entre ellas la evaluaci\u00f3n y medici\u00f3n de la CSS, alianzas estrat\u00e9gicas, la CSS y Cooperaci\u00f3n Triangular de Iberoam\u00e9rica en \u00e1mbitos multilaterales, transversalizaci\u00f3n de enfoques, articulaci\u00f3n entre actores de los Sistemas Nacionales de Cooperaci\u00f3n y oportunidades para los territorios.<\/p>\n<p>Guatemala tambi\u00e9n particip\u00f3 en el Seminario \u201cNuevos mecanismos y oportunidades en la cooperaci\u00f3n triangular entre la Uni\u00f3n Europea\u201d, en el que disert\u00f3 sobre innovaci\u00f3n, medioambiente, cooperaci\u00f3n descentralizada y alianzas con organismos multilaterales.<\/p>\n<p>Asimismo, uno de los espacios relevantes fue el panel \u201cInstrumento de Cooperaci\u00f3n Triangular para y por pueblos ind\u00edgenas\u201d, donde la subsecretaria Pe\u00f1a particip\u00f3 como panelista. En este espacio se discuti\u00f3 un mecanismo innovador que propone gobernanza compartida entre Estados y pueblos ind\u00edgenas, financiamiento para iniciativas con pertinencia cultural y sistemas robustos de participaci\u00f3n y rendici\u00f3n de cuentas.<\/p>\n<div id=\"attachment_14317\" style=\"width: 1034px\" class=\"wp-caption aligncenter\"><img decoding=\"async\" aria-describedby=\"caption-attachment-14317\" class=\"lazyload size-large wp-image-14317\" src=\"https:\/\/portal.segeplan.gob.gt\/segeplan\/wp-content\/uploads\/2025\/12\/FORO-IBE-4-1024x682.jpg\" data-orig-src=\"https:\/\/portal.segeplan.gob.gt\/segeplan\/wp-content\/uploads\/2025\/12\/FORO-IBE-4-1024x682.jpg\" alt=\"\" width=\"1024\" height=\"682\" srcset=\"data:image\/svg+xml,%3Csvg%20xmlns%3D%27http%3A%2F%2Fwww.w3.org%2F2000%2Fsvg%27%20width%3D%271024%27%20height%3D%27682%27%20viewBox%3D%270%200%201024%20682%27%3E%3Crect%20width%3D%271024%27%20height%3D%27682%27%20fill-opacity%3D%220%22%2F%3E%3C%2Fsvg%3E\" data-srcset=\"https:\/\/portal.segeplan.gob.gt\/segeplan\/wp-content\/uploads\/2025\/12\/FORO-IBE-4-200x133.jpg 200w, https:\/\/portal.segeplan.gob.gt\/segeplan\/wp-content\/uploads\/2025\/12\/FORO-IBE-4-300x200.jpg 300w, https:\/\/portal.segeplan.gob.gt\/segeplan\/wp-content\/uploads\/2025\/12\/FORO-IBE-4-400x267.jpg 400w, https:\/\/portal.segeplan.gob.gt\/segeplan\/wp-content\/uploads\/2025\/12\/FORO-IBE-4-600x400.jpg 600w, https:\/\/portal.segeplan.gob.gt\/segeplan\/wp-content\/uploads\/2025\/12\/FORO-IBE-4-768x512.jpg 768w, https:\/\/portal.segeplan.gob.gt\/segeplan\/wp-content\/uploads\/2025\/12\/FORO-IBE-4-800x533.jpg 800w, https:\/\/portal.segeplan.gob.gt\/segeplan\/wp-content\/uploads\/2025\/12\/FORO-IBE-4-1024x682.jpg 1024w, https:\/\/portal.segeplan.gob.gt\/segeplan\/wp-content\/uploads\/2025\/12\/FORO-IBE-4-1200x800.jpg 1200w, https:\/\/portal.segeplan.gob.gt\/segeplan\/wp-content\/uploads\/2025\/12\/FORO-IBE-4-1536x1024.jpg 1536w\" data-sizes=\"auto\" data-orig-sizes=\"(max-width: 1024px) 100vw, 1024px\" \/><p id=\"caption-attachment-14317\" class=\"wp-caption-text\">La subsecretaria Iliana Pe\u00f1a particip\u00f3 en diversos encuentros promovidos en el marco del II Consejo Intergubernamental de Programa Iberoamericano para el Fortalecimiento de la Cooperaci\u00f3n Sur-Sur.<\/p><\/div>\n<p>Guatemala destac\u00f3 la oportunidad estrat\u00e9gica que representa este instrumento, considerando que m\u00e1s del 38% de su poblaci\u00f3n es ind\u00edgena, y resalt\u00f3 el liderazgo de las comunidades en gobernanza territorial, sostenibilidad, gesti\u00f3n forestal y resiliencia clim\u00e1tica.<\/p>\n<p>El seminario tambi\u00e9n abri\u00f3 un espacio para explorar cooperaci\u00f3n triangular interregional con \u00c1frica y Asia, ampliando la proyecci\u00f3n internacional de Am\u00e9rica Latina y el Caribe.<\/p>\n<p>SEGEPLAN reafirma su compromiso con la cooperaci\u00f3n para el desarrollo a trav\u00e9s de la participaci\u00f3n en estos encuentros en los que se posiciona a Guatemala como actor t\u00e9cnico y pol\u00edtico relevante en la arquitectura de la Cooperaci\u00f3n Sur-Sur y Triangular, fortaleciendo su presencia internacional y ampliando oportunidades de colaboraci\u00f3n con socios iberoamericanos, europeos y multilaterales.<\/p>\n<\/div><\/div><style type=\"text\/css\">.fusion-body .fusion-builder-column-0{width:100% !important;margin-top : 0px;margin-bottom : 0px;}.fusion-builder-column-0 > .fusion-column-wrapper {padding-top : 0px !important;padding-right : 0px !important;margin-right : 1.92%;padding-bottom : 0px !important;padding-left : 0px !important;margin-left : 1.92%;}@media only screen and (max-width:1024px) {.fusion-body .fusion-builder-column-0{width:100% !important;}.fusion-builder-column-0 > .fusion-column-wrapper {margin-right : 1.92%;margin-left : 1.92%;}}@media only screen and (max-width:640px) {.fusion-body .fusion-builder-column-0{width:100% !important;}.fusion-builder-column-0 > .fusion-column-wrapper {margin-right : 1.92%;margin-left : 1.92%;}}<\/style><\/div><\/div><style type=\"text\/css\">.fusion-body .fusion-flex-container.fusion-builder-row-1{ padding-top : 0px;margin-top : 0px;padding-right : 0px;padding-bottom : 0px;margin-bottom : 0px;padding-left : 0px;}<\/style><\/div>\n<div class=\"pvc_clear\"><\/div>\n<p id=\"pvc_stats_14316\" class=\"pvc_stats all  \" data-element-id=\"14316\" style=\"\"><i class=\"pvc-stats-icon small\" aria-hidden=\"true\"><svg xmlns=\"http:\/\/www.w3.org\/2000\/svg\" version=\"1.0\" viewBox=\"0 0 502 315\" preserveAspectRatio=\"xMidYMid meet\"><g transform=\"translate(0,332) scale(0.1,-0.1)\" fill=\"\" stroke=\"none\"><path d=\"M2394 3279 l-29 -30 -3 -207 c-2 -182 0 -211 15 -242 39 -76 157 -76 196 0 15 31 17 60 15 243 l-3 209 -33 29 c-26 23 -41 29 -80 29 -41 0 -53 -5 -78 -31z\"\/><path d=\"M3085 3251 c-45 -19 -58 -50 -96 -229 -47 -217 -49 -260 -13 -295 52 -53 146 -42 177 20 16 31 87 366 87 410 0 70 -86 122 -155 94z\"\/><path d=\"M1751 3234 c-13 -9 -29 -31 -37 -50 -12 -29 -10 -49 21 -204 19 -94 39 -189 45 -210 14 -50 54 -80 110 -80 34 0 48 6 76 34 21 21 34 44 34 59 0 14 -18 113 -40 219 -37 178 -43 195 -70 221 -36 32 -101 37 -139 11z\"\/><path d=\"M1163 3073 c-36 -7 -73 -59 -73 -102 0 -56 133 -378 171 -413 34 -32 83 -37 129 -13 70 36 67 87 -16 290 -86 209 -89 214 -129 231 -35 14 -42 15 -82 7z\"\/><path d=\"M3689 3066 c-15 -9 -33 -30 -42 -48 -48 -103 -147 -355 -147 -375 0 -98 131 -148 192 -74 13 15 57 108 97 206 80 196 84 226 37 273 -30 30 -99 39 -137 18z\"\/><path d=\"M583 2784 c-38 -19 -67 -74 -58 -113 9 -42 211 -354 242 -373 16 -10 45 -18 66 -18 51 0 107 52 107 100 0 39 -1 41 -124 234 -80 126 -108 162 -133 173 -41 17 -61 16 -100 -3z\"\/><path d=\"M4250 2784 c-14 -9 -74 -91 -133 -183 -95 -150 -107 -173 -107 -213 0 -55 33 -94 87 -104 67 -13 90 8 211 198 130 202 137 225 78 284 -27 27 -42 34 -72 34 -22 0 -50 -8 -64 -16z\"\/><path d=\"M2275 2693 c-553 -48 -1095 -270 -1585 -649 -135 -104 -459 -423 -483 -476 -23 -49 -22 -139 2 -186 73 -142 361 -457 571 -626 285 -228 642 -407 990 -497 242 -63 336 -73 660 -74 310 0 370 5 595 52 535 111 1045 392 1455 803 122 121 250 273 275 326 19 41 19 137 0 174 -41 79 -309 363 -465 492 -447 370 -946 591 -1479 653 -113 14 -422 18 -536 8z m395 -428 c171 -34 330 -124 456 -258 112 -119 167 -219 211 -378 27 -96 24 -300 -5 -401 -72 -255 -236 -447 -474 -557 -132 -62 -201 -76 -368 -76 -167 0 -236 14 -368 76 -213 98 -373 271 -451 485 -162 444 86 934 547 1084 153 49 292 57 452 25z m909 -232 c222 -123 408 -262 593 -441 76 -74 138 -139 138 -144 0 -16 -233 -242 -330 -319 -155 -123 -309 -223 -461 -299 l-81 -41 32 46 c18 26 49 83 70 128 143 306 141 649 -6 957 -25 52 -61 116 -79 142 l-34 47 45 -20 c26 -10 76 -36 113 -56z m-2057 25 c-40 -58 -105 -190 -130 -263 -110 -324 -59 -707 132 -981 25 -35 42 -64 37 -64 -19 0 -241 119 -326 174 -188 122 -406 314 -532 468 l-58 71 108 103 c185 178 428 349 672 473 66 33 121 60 123 61 2 0 -10 -19 -26 -42z\"\/><path d=\"M2375 1950 c-198 -44 -350 -190 -395 -379 -18 -76 -8 -221 19 -290 114 -284 457 -406 731 -260 98 52 188 154 231 260 27 69 37 214 19 290 -38 163 -166 304 -326 360 -67 23 -215 33 -279 19z\"\/><\/g><\/svg><\/i> <img class=\"lazyload\" decoding=\"async\" width=\"16\" height=\"16\" alt=\"Loading\" src=\"data:image\/svg+xml,%3Csvg%20xmlns%3D%27http%3A%2F%2Fwww.w3.org%2F2000%2Fsvg%27%20width%3D%2716%27%20height%3D%2716%27%20viewBox%3D%270%200%2016%2016%27%3E%3Crect%20width%3D%2716%27%20height%3D%2716%27%20fill-opacity%3D%220%22%2F%3E%3C%2Fsvg%3E\" data-orig-src=\"https:\/\/portal.segeplan.gob.gt\/segeplan\/wp-content\/plugins\/page-views-count\/ajax-loader-2x.gif\" border=0 \/><\/p>\n<div class=\"pvc_clear\"><\/div>\n","protected":false},"excerpt":{"rendered":"","protected":false},"author":7,"featured_media":14320,"comment_status":"open","ping_status":"open","sticky":false,"template":"","format":"standard","meta":{"_price":"","_stock":"","_tribe_ticket_header":"","_tribe_default_ticket_provider":"","_ticket_start_date":"","_ticket_end_date":"","_tribe_ticket_show_description":"","_tribe_ticket_show_not_going":false,"_tribe_ticket_use_global_stock":"","_tribe_ticket_global_stock_level":"","_global_stock_mode":"","_global_stock_cap":"","_tribe_rsvp_for_event":"","_tribe_ticket_going_count":"","_tribe_ticket_not_going_count":"","_tribe_tickets_list":"[]","_tribe_ticket_has_attendee_info_fields":false,"footnotes":""},"categories":[31],"tags":[],"class_list":["post-14316","post","type-post","status-publish","format-standard","has-post-thumbnail","hentry","category-noticias-presidencia"],"_links":{"self":[{"href":"https:\/\/portal.segeplan.gob.gt\/segeplan\/index.php?rest_route=\/wp\/v2\/posts\/14316","targetHints":{"allow":["GET"]}}],"collection":[{"href":"https:\/\/portal.segeplan.gob.gt\/segeplan\/index.php?rest_route=\/wp\/v2\/posts"}],"about":[{"href":"https:\/\/portal.segeplan.gob.gt\/segeplan\/index.php?rest_route=\/wp\/v2\/types\/post"}],"author":[{"embeddable":true,"href":"https:\/\/portal.segeplan.gob.gt\/segeplan\/index.php?rest_route=\/wp\/v2\/users\/7"}],"replies":[{"embeddable":true,"href":"https:\/\/portal.segeplan.gob.gt\/segeplan\/index.php?rest_route=%2Fwp%2Fv2%2Fcomments&post=14316"}],"version-history":[{"count":2,"href":"https:\/\/portal.segeplan.gob.gt\/segeplan\/index.php?rest_route=\/wp\/v2\/posts\/14316\/revisions"}],"predecessor-version":[{"id":14322,"href":"https:\/\/portal.segeplan.gob.gt\/segeplan\/index.php?rest_route=\/wp\/v2\/posts\/14316\/revisions\/14322"}],"wp:featuredmedia":[{"embeddable":true,"href":"https:\/\/portal.segeplan.gob.gt\/segeplan\/index.php?rest_route=\/wp\/v2\/media\/14320"}],"wp:attachment":[{"href":"https:\/\/portal.segeplan.gob.gt\/segeplan\/index.php?rest_route=%2Fwp%2Fv2%2Fmedia&parent=14316"}],"wp:term":[{"taxonomy":"category","embeddable":true,"href":"https:\/\/portal.segeplan.gob.gt\/segeplan\/index.php?rest_route=%2Fwp%2Fv2%2Fcategories&post=14316"},{"taxonomy":"post_tag","embeddable":true,"href":"https:\/\/portal.segeplan.gob.gt\/segeplan\/index.php?rest_route=%2Fwp%2Fv2%2Ftags&post=14316"}],"curies":[{"name":"wp","href":"https:\/\/api.w.org\/{rel}","templated":true}]}}