{"id":14827,"date":"2026-03-18T07:05:58","date_gmt":"2026-03-18T13:05:58","guid":{"rendered":"https:\/\/portal.segeplan.gob.gt\/segeplan\/?p=14827"},"modified":"2026-03-18T16:12:15","modified_gmt":"2026-03-18T22:12:15","slug":"funcionarios-publicos-desarrollan-soluciones-innovadoras-para-fortalecer-la-gestion-de-la-cooperacion-en-guatemala","status":"publish","type":"post","link":"https:\/\/portal.segeplan.gob.gt\/segeplan\/?p=14827","title":{"rendered":"Funcionarios p\u00fablicos desarrollan soluciones innovadoras para fortalecer la gesti\u00f3n de la cooperaci\u00f3n en Guatemala"},"content":{"rendered":"<div class=\"fusion-fullwidth fullwidth-box fusion-builder-row-1 fusion-flex-container nonhundred-percent-fullwidth non-hundred-percent-height-scrolling\" style=\"background-color: rgba(255,255,255,0);background-position: center center;background-repeat: no-repeat;border-width: 0px 0px 0px 0px;border-color:#e2e2e2;border-style:solid;\" ><div class=\"fusion-builder-row fusion-row fusion-flex-align-items-flex-start\" style=\"max-width:1185.6px;margin-left: calc(-4% \/ 2 );margin-right: calc(-4% \/ 2 );\"><div class=\"fusion-layout-column fusion_builder_column fusion-builder-column-0 fusion_builder_column_1_1 1_1 fusion-flex-column\"><div class=\"fusion-column-wrapper fusion-flex-justify-content-flex-start fusion-content-layout-column\" style=\"background-position:left top;background-repeat:no-repeat;-webkit-background-size:cover;-moz-background-size:cover;-o-background-size:cover;background-size:cover;padding: 0px 0px 0px 0px;\"><div class=\"fusion-text fusion-text-1\" style=\"text-align:justify;\"><p><strong>Guatemala, 17 de marzo de 2026<\/strong>. Como actividad de cierre del Diplomado de Cooperaci\u00f3n para el Desarrollo, impartido por la Secretar\u00eda de Planificaci\u00f3n y Programaci\u00f3n de la Presidencia (SEGEPLAN), en coordinaci\u00f3n con el Instituto Nacional de Administraci\u00f3n P\u00fablica (INAP), las y los participantes desarrollaron propuestas de soluciones innovadoras orientadas a fortalecer la gesti\u00f3n de la cooperaci\u00f3n para el desarrollo en Guatemala.<\/p>\n<p>Por medio de la Subsecretar\u00eda de Cooperaci\u00f3n y Alianzas para el Desarrollo, SEGEPLAN impulsa diversas acciones orientadas al fortalecimiento de las capacidades de la Red de Directores de Cooperaci\u00f3n para el Desarrollo de la institucionalidad p\u00fablica, con el prop\u00f3sito de contribuir a una gesti\u00f3n de la cooperaci\u00f3n m\u00e1s estrat\u00e9gica, articulada y alineada con las prioridades nacionales de desarrollo.<\/p>\n<p>Como parte del programa acad\u00e9mico del diplomado, en el cual participaron 50 profesionales de la institucionalidad p\u00fablica, se desarroll\u00f3 el <strong>Ideat\u00f3n de Innovaci\u00f3n P\u00fablica en la Gesti\u00f3n de la Cooperaci\u00f3n para el Desarrollo<\/strong>, una actividad intensiva que permiti\u00f3 aplicar metodolog\u00edas de innovaci\u00f3n para analizar desaf\u00edos institucionales y dise\u00f1ar soluciones orientadas a mejorar los procesos de gesti\u00f3n de la cooperaci\u00f3n.<\/p>\n<div id=\"attachment_14829\" style=\"width: 1034px\" class=\"wp-caption alignnone\"><img decoding=\"async\" aria-describedby=\"caption-attachment-14829\" class=\"lazyload wp-image-14829 size-large\" src=\"https:\/\/portal.segeplan.gob.gt\/segeplan\/wp-content\/uploads\/2026\/03\/WhatsApp-Image-2026-03-17-at-4.02.04-PM-1024x682.jpeg\" data-orig-src=\"https:\/\/portal.segeplan.gob.gt\/segeplan\/wp-content\/uploads\/2026\/03\/WhatsApp-Image-2026-03-17-at-4.02.04-PM-1024x682.jpeg\" alt=\"\" width=\"1024\" height=\"682\" srcset=\"data:image\/svg+xml,%3Csvg%20xmlns%3D%27http%3A%2F%2Fwww.w3.org%2F2000%2Fsvg%27%20width%3D%271024%27%20height%3D%27682%27%20viewBox%3D%270%200%201024%20682%27%3E%3Crect%20width%3D%271024%27%20height%3D%27682%27%20fill-opacity%3D%220%22%2F%3E%3C%2Fsvg%3E\" data-srcset=\"https:\/\/portal.segeplan.gob.gt\/segeplan\/wp-content\/uploads\/2026\/03\/WhatsApp-Image-2026-03-17-at-4.02.04-PM-200x133.jpeg 200w, https:\/\/portal.segeplan.gob.gt\/segeplan\/wp-content\/uploads\/2026\/03\/WhatsApp-Image-2026-03-17-at-4.02.04-PM-300x200.jpeg 300w, https:\/\/portal.segeplan.gob.gt\/segeplan\/wp-content\/uploads\/2026\/03\/WhatsApp-Image-2026-03-17-at-4.02.04-PM-400x267.jpeg 400w, https:\/\/portal.segeplan.gob.gt\/segeplan\/wp-content\/uploads\/2026\/03\/WhatsApp-Image-2026-03-17-at-4.02.04-PM-600x400.jpeg 600w, https:\/\/portal.segeplan.gob.gt\/segeplan\/wp-content\/uploads\/2026\/03\/WhatsApp-Image-2026-03-17-at-4.02.04-PM-768x512.jpeg 768w, https:\/\/portal.segeplan.gob.gt\/segeplan\/wp-content\/uploads\/2026\/03\/WhatsApp-Image-2026-03-17-at-4.02.04-PM-800x533.jpeg 800w, https:\/\/portal.segeplan.gob.gt\/segeplan\/wp-content\/uploads\/2026\/03\/WhatsApp-Image-2026-03-17-at-4.02.04-PM-1024x682.jpeg 1024w, https:\/\/portal.segeplan.gob.gt\/segeplan\/wp-content\/uploads\/2026\/03\/WhatsApp-Image-2026-03-17-at-4.02.04-PM-1200x800.jpeg 1200w, https:\/\/portal.segeplan.gob.gt\/segeplan\/wp-content\/uploads\/2026\/03\/WhatsApp-Image-2026-03-17-at-4.02.04-PM-1536x1023.jpeg 1536w, https:\/\/portal.segeplan.gob.gt\/segeplan\/wp-content\/uploads\/2026\/03\/WhatsApp-Image-2026-03-17-at-4.02.04-PM.jpeg 1600w\" data-sizes=\"auto\" data-orig-sizes=\"(max-width: 1024px) 100vw, 1024px\" \/><p id=\"caption-attachment-14829\" class=\"wp-caption-text\">Retos, innovaci\u00f3n y creatividad fueron implementados en esta Ideat\u00f3n<\/p><\/div>\n<p>La metodolog\u00eda del Ideat\u00f3n fue acompa\u00f1ada por la Subsecretar\u00eda de An\u00e1lisis Estrat\u00e9gico para el Desarrollo, a trav\u00e9s del Taller de Innovaci\u00f3n P\u00fablica (TIP), que facilit\u00f3 las din\u00e1micas de an\u00e1lisis, ideaci\u00f3n y formulaci\u00f3n de propuestas. Este ejercicio permiti\u00f3 a las y los participantes aplicar de manera pr\u00e1ctica los conocimientos adquiridos durante el diplomado y fortalecer la colaboraci\u00f3n interinstitucional para abordar desaf\u00edos reales del ciclo de gesti\u00f3n de la cooperaci\u00f3n.<\/p>\n<p>Durante el Ideat\u00f3n se trabaj\u00f3 en el an\u00e1lisis de desaf\u00edos espec\u00edficos de la gesti\u00f3n de la cooperaci\u00f3n para el desarrollo, priorizados a partir de problem\u00e1ticas identificadas a lo largo del Diplomado y de retos institucionales observados en la pr\u00e1ctica de la gesti\u00f3n p\u00fablica.<\/p>\n<p>En la din\u00e1mica participaron 20 de los cursantes con mejor desempe\u00f1o acad\u00e9mico en el diplomado, representantes de diferentes instituciones p\u00fablicas. Como resultado del proceso colaborativo, los equipos elaboraron <strong>prototipos conceptuales de soluciones<\/strong>, concebidos como insumos t\u00e9cnicos preliminares que permiten visualizar propuestas para mejorar procesos, fortalecer instrumentos institucionales y optimizar la gesti\u00f3n de la cooperaci\u00f3n para el desarrollo.<\/p>\n<p>La Subsecretaria de Cooperaci\u00f3n y Alianzas para el Desarrollo, Iliana Pe\u00f1a, destac\u00f3 el valor de las propuestas generadas y se\u00f1al\u00f3 \u201cesperamos que estas ideas puedan evolucionar hacia intervenciones concretas que contribuyan a mejorar la experiencia de los usuarios de la cooperaci\u00f3n y a fortalecer su impacto en beneficio de la poblaci\u00f3n\u201d.<\/p>\n<p>Por su parte, el Subsecretario de An\u00e1lisis Estrat\u00e9gico del Desarrollo, Hugo Allan Garc\u00eda, resalt\u00f3 que la innovaci\u00f3n es un elemento clave para la modernizaci\u00f3n del Estado. Coment\u00f3 que \u201cpara modernizar la administraci\u00f3n p\u00fablica es necesario innovar. Por eso desde SEGEPLAN estamos impulsando espacios que inviten a los servidores p\u00fablicos a pensar ideas diferentes, pero tambi\u00e9n a avanzar hacia su implementaci\u00f3n\u201d<\/p>\n<p>Agreg\u00f3 que el siguiente paso ser\u00e1 continuar afinando las propuestas desarrolladas durante el Ideat\u00f3n, con el objetivo de avanzar del prototipo conceptual hacia iniciativas que puedan implementarse en la gesti\u00f3n p\u00fablica.<\/p>\n<p>Mientras tanto, Ruth Elisabeth Avalos Casta\u00f1eda, Gerente del INAP, destac\u00f3 que actividades como el ldeat\u00f3n contribuyen a fortalecer las capacidades de los servidores p\u00fablicos mediante metodolog\u00edas innovadoras de aprendizaje y resoluci\u00f3n de problemas.<\/p>\n<p><strong>Desaf\u00edos propuestos: <\/strong><\/p>\n<p>Durante el Ideat\u00f3n los equipos desarrollaron propuestas orientadas a atender cuatro desaf\u00edos estrat\u00e9gicos en la gesti\u00f3n de la cooperaci\u00f3n en Guatemala:<\/p>\n<ol>\n<li>Fortalecimiento de capacidades en la gesti\u00f3n de la cooperaci\u00f3n<\/li>\n<li>Formulaci\u00f3n de proyectos y alineaci\u00f3n estrat\u00e9gica<\/li>\n<li>Registro integral de la cooperaci\u00f3n para el desarrollo<\/li>\n<li>Diversificaci\u00f3n de modalidades y articulaci\u00f3n con actores no tradicionales<\/li>\n<\/ol>\n<p>Entre las propuestas mejor valoradas se encuentran el desarrollo de una herramienta tecnol\u00f3gica para fortalecer el registro de proyectos de cooperaci\u00f3n mediante el uso de inteligencia artificial, as\u00ed como una plataforma virtual de capacitaci\u00f3n para fortalecer las capacidades institucionales en la gesti\u00f3n de la cooperaci\u00f3n.<\/p>\n<p>Estas iniciativas constituyen insumos t\u00e9cnicos preliminares que podr\u00e1n contribuir a mejorar procesos, fortalecer instrumentos institucionales y optimizar la gesti\u00f3n de la cooperaci\u00f3n para el desarrollo en Guatemala.<\/p>\n<p><div id=\"attachment_14830\" style=\"width: 1034px\" class=\"wp-caption alignnone\"><img decoding=\"async\" aria-describedby=\"caption-attachment-14830\" class=\"lazyload wp-image-14830 size-large\" src=\"https:\/\/portal.segeplan.gob.gt\/segeplan\/wp-content\/uploads\/2026\/03\/WhatsApp-Image-2026-03-17-at-4.01.32-PM-1024x620.jpeg\" data-orig-src=\"https:\/\/portal.segeplan.gob.gt\/segeplan\/wp-content\/uploads\/2026\/03\/WhatsApp-Image-2026-03-17-at-4.01.32-PM-1024x620.jpeg\" alt=\"\" width=\"1024\" height=\"620\" srcset=\"data:image\/svg+xml,%3Csvg%20xmlns%3D%27http%3A%2F%2Fwww.w3.org%2F2000%2Fsvg%27%20width%3D%271024%27%20height%3D%27620%27%20viewBox%3D%270%200%201024%20620%27%3E%3Crect%20width%3D%271024%27%20height%3D%27620%27%20fill-opacity%3D%220%22%2F%3E%3C%2Fsvg%3E\" data-srcset=\"https:\/\/portal.segeplan.gob.gt\/segeplan\/wp-content\/uploads\/2026\/03\/WhatsApp-Image-2026-03-17-at-4.01.32-PM-200x121.jpeg 200w, https:\/\/portal.segeplan.gob.gt\/segeplan\/wp-content\/uploads\/2026\/03\/WhatsApp-Image-2026-03-17-at-4.01.32-PM-300x182.jpeg 300w, https:\/\/portal.segeplan.gob.gt\/segeplan\/wp-content\/uploads\/2026\/03\/WhatsApp-Image-2026-03-17-at-4.01.32-PM-400x242.jpeg 400w, https:\/\/portal.segeplan.gob.gt\/segeplan\/wp-content\/uploads\/2026\/03\/WhatsApp-Image-2026-03-17-at-4.01.32-PM-600x363.jpeg 600w, https:\/\/portal.segeplan.gob.gt\/segeplan\/wp-content\/uploads\/2026\/03\/WhatsApp-Image-2026-03-17-at-4.01.32-PM-768x465.jpeg 768w, https:\/\/portal.segeplan.gob.gt\/segeplan\/wp-content\/uploads\/2026\/03\/WhatsApp-Image-2026-03-17-at-4.01.32-PM-800x485.jpeg 800w, https:\/\/portal.segeplan.gob.gt\/segeplan\/wp-content\/uploads\/2026\/03\/WhatsApp-Image-2026-03-17-at-4.01.32-PM-1024x620.jpeg 1024w, https:\/\/portal.segeplan.gob.gt\/segeplan\/wp-content\/uploads\/2026\/03\/WhatsApp-Image-2026-03-17-at-4.01.32-PM-1200x727.jpeg 1200w, https:\/\/portal.segeplan.gob.gt\/segeplan\/wp-content\/uploads\/2026\/03\/WhatsApp-Image-2026-03-17-at-4.01.32-PM-1536x930.jpeg 1536w, https:\/\/portal.segeplan.gob.gt\/segeplan\/wp-content\/uploads\/2026\/03\/WhatsApp-Image-2026-03-17-at-4.01.32-PM.jpeg 1600w\" data-sizes=\"auto\" data-orig-sizes=\"(max-width: 1024px) 100vw, 1024px\" \/><p id=\"caption-attachment-14830\" class=\"wp-caption-text\">Propuestas originales e innovadoras para transformar la gesti\u00f3n p\u00fablica.<\/p><\/div>\n<div id=\"attachment_14828\" style=\"width: 1034px\" class=\"wp-caption alignnone\"><img decoding=\"async\" aria-describedby=\"caption-attachment-14828\" class=\"lazyload wp-image-14828 size-large\" src=\"https:\/\/portal.segeplan.gob.gt\/segeplan\/wp-content\/uploads\/2026\/03\/WhatsApp-Image-2026-03-17-at-4.01.58-PM-1024x596.jpeg\" data-orig-src=\"https:\/\/portal.segeplan.gob.gt\/segeplan\/wp-content\/uploads\/2026\/03\/WhatsApp-Image-2026-03-17-at-4.01.58-PM-1024x596.jpeg\" alt=\"\" width=\"1024\" height=\"596\" srcset=\"data:image\/svg+xml,%3Csvg%20xmlns%3D%27http%3A%2F%2Fwww.w3.org%2F2000%2Fsvg%27%20width%3D%271024%27%20height%3D%27596%27%20viewBox%3D%270%200%201024%20596%27%3E%3Crect%20width%3D%271024%27%20height%3D%27596%27%20fill-opacity%3D%220%22%2F%3E%3C%2Fsvg%3E\" data-srcset=\"https:\/\/portal.segeplan.gob.gt\/segeplan\/wp-content\/uploads\/2026\/03\/WhatsApp-Image-2026-03-17-at-4.01.58-PM-200x116.jpeg 200w, https:\/\/portal.segeplan.gob.gt\/segeplan\/wp-content\/uploads\/2026\/03\/WhatsApp-Image-2026-03-17-at-4.01.58-PM-300x175.jpeg 300w, https:\/\/portal.segeplan.gob.gt\/segeplan\/wp-content\/uploads\/2026\/03\/WhatsApp-Image-2026-03-17-at-4.01.58-PM-400x233.jpeg 400w, https:\/\/portal.segeplan.gob.gt\/segeplan\/wp-content\/uploads\/2026\/03\/WhatsApp-Image-2026-03-17-at-4.01.58-PM-600x349.jpeg 600w, https:\/\/portal.segeplan.gob.gt\/segeplan\/wp-content\/uploads\/2026\/03\/WhatsApp-Image-2026-03-17-at-4.01.58-PM-768x447.jpeg 768w, https:\/\/portal.segeplan.gob.gt\/segeplan\/wp-content\/uploads\/2026\/03\/WhatsApp-Image-2026-03-17-at-4.01.58-PM-800x466.jpeg 800w, https:\/\/portal.segeplan.gob.gt\/segeplan\/wp-content\/uploads\/2026\/03\/WhatsApp-Image-2026-03-17-at-4.01.58-PM-1024x596.jpeg 1024w, https:\/\/portal.segeplan.gob.gt\/segeplan\/wp-content\/uploads\/2026\/03\/WhatsApp-Image-2026-03-17-at-4.01.58-PM-1200x698.jpeg 1200w, https:\/\/portal.segeplan.gob.gt\/segeplan\/wp-content\/uploads\/2026\/03\/WhatsApp-Image-2026-03-17-at-4.01.58-PM-1536x894.jpeg 1536w, https:\/\/portal.segeplan.gob.gt\/segeplan\/wp-content\/uploads\/2026\/03\/WhatsApp-Image-2026-03-17-at-4.01.58-PM.jpeg 1600w\" data-sizes=\"auto\" data-orig-sizes=\"(max-width: 1024px) 100vw, 1024px\" \/><p id=\"caption-attachment-14828\" class=\"wp-caption-text\">La mejora constante de procesos es un reto y los equipos de trabajo deber\u00e1n implementar un proyecto de innovaci\u00f3n en la gesti\u00f3n p\u00fablica, espec\u00edficamente en lo relacionado a la Cooperaci\u00f3n Internacional<\/p><\/div><\/p>\n<\/div><\/div><style type=\"text\/css\">.fusion-body .fusion-builder-column-0{width:100% !important;margin-top : 0px;margin-bottom : 0px;}.fusion-builder-column-0 > .fusion-column-wrapper {padding-top : 0px !important;padding-right : 0px !important;margin-right : 1.92%;padding-bottom : 0px !important;padding-left : 0px !important;margin-left : 1.92%;}@media only screen and (max-width:1024px) {.fusion-body .fusion-builder-column-0{width:100% !important;}.fusion-builder-column-0 > .fusion-column-wrapper {margin-right : 1.92%;margin-left : 1.92%;}}@media only screen and (max-width:640px) {.fusion-body .fusion-builder-column-0{width:100% !important;}.fusion-builder-column-0 > .fusion-column-wrapper {margin-right : 1.92%;margin-left : 1.92%;}}<\/style><\/div><\/div><style type=\"text\/css\">.fusion-body .fusion-flex-container.fusion-builder-row-1{ padding-top : 0px;margin-top : 0px;padding-right : 0px;padding-bottom : 0px;margin-bottom : 0px;padding-left : 0px;}<\/style><\/div>\n<div class=\"pvc_clear\"><\/div>\n<p id=\"pvc_stats_14827\" class=\"pvc_stats all  \" data-element-id=\"14827\" style=\"\"><i class=\"pvc-stats-icon small\" aria-hidden=\"true\"><svg xmlns=\"http:\/\/www.w3.org\/2000\/svg\" version=\"1.0\" viewBox=\"0 0 502 315\" preserveAspectRatio=\"xMidYMid meet\"><g transform=\"translate(0,332) scale(0.1,-0.1)\" fill=\"\" stroke=\"none\"><path d=\"M2394 3279 l-29 -30 -3 -207 c-2 -182 0 -211 15 -242 39 -76 157 -76 196 0 15 31 17 60 15 243 l-3 209 -33 29 c-26 23 -41 29 -80 29 -41 0 -53 -5 -78 -31z\"\/><path d=\"M3085 3251 c-45 -19 -58 -50 -96 -229 -47 -217 -49 -260 -13 -295 52 -53 146 -42 177 20 16 31 87 366 87 410 0 70 -86 122 -155 94z\"\/><path d=\"M1751 3234 c-13 -9 -29 -31 -37 -50 -12 -29 -10 -49 21 -204 19 -94 39 -189 45 -210 14 -50 54 -80 110 -80 34 0 48 6 76 34 21 21 34 44 34 59 0 14 -18 113 -40 219 -37 178 -43 195 -70 221 -36 32 -101 37 -139 11z\"\/><path d=\"M1163 3073 c-36 -7 -73 -59 -73 -102 0 -56 133 -378 171 -413 34 -32 83 -37 129 -13 70 36 67 87 -16 290 -86 209 -89 214 -129 231 -35 14 -42 15 -82 7z\"\/><path d=\"M3689 3066 c-15 -9 -33 -30 -42 -48 -48 -103 -147 -355 -147 -375 0 -98 131 -148 192 -74 13 15 57 108 97 206 80 196 84 226 37 273 -30 30 -99 39 -137 18z\"\/><path d=\"M583 2784 c-38 -19 -67 -74 -58 -113 9 -42 211 -354 242 -373 16 -10 45 -18 66 -18 51 0 107 52 107 100 0 39 -1 41 -124 234 -80 126 -108 162 -133 173 -41 17 -61 16 -100 -3z\"\/><path d=\"M4250 2784 c-14 -9 -74 -91 -133 -183 -95 -150 -107 -173 -107 -213 0 -55 33 -94 87 -104 67 -13 90 8 211 198 130 202 137 225 78 284 -27 27 -42 34 -72 34 -22 0 -50 -8 -64 -16z\"\/><path d=\"M2275 2693 c-553 -48 -1095 -270 -1585 -649 -135 -104 -459 -423 -483 -476 -23 -49 -22 -139 2 -186 73 -142 361 -457 571 -626 285 -228 642 -407 990 -497 242 -63 336 -73 660 -74 310 0 370 5 595 52 535 111 1045 392 1455 803 122 121 250 273 275 326 19 41 19 137 0 174 -41 79 -309 363 -465 492 -447 370 -946 591 -1479 653 -113 14 -422 18 -536 8z m395 -428 c171 -34 330 -124 456 -258 112 -119 167 -219 211 -378 27 -96 24 -300 -5 -401 -72 -255 -236 -447 -474 -557 -132 -62 -201 -76 -368 -76 -167 0 -236 14 -368 76 -213 98 -373 271 -451 485 -162 444 86 934 547 1084 153 49 292 57 452 25z m909 -232 c222 -123 408 -262 593 -441 76 -74 138 -139 138 -144 0 -16 -233 -242 -330 -319 -155 -123 -309 -223 -461 -299 l-81 -41 32 46 c18 26 49 83 70 128 143 306 141 649 -6 957 -25 52 -61 116 -79 142 l-34 47 45 -20 c26 -10 76 -36 113 -56z m-2057 25 c-40 -58 -105 -190 -130 -263 -110 -324 -59 -707 132 -981 25 -35 42 -64 37 -64 -19 0 -241 119 -326 174 -188 122 -406 314 -532 468 l-58 71 108 103 c185 178 428 349 672 473 66 33 121 60 123 61 2 0 -10 -19 -26 -42z\"\/><path d=\"M2375 1950 c-198 -44 -350 -190 -395 -379 -18 -76 -8 -221 19 -290 114 -284 457 -406 731 -260 98 52 188 154 231 260 27 69 37 214 19 290 -38 163 -166 304 -326 360 -67 23 -215 33 -279 19z\"\/><\/g><\/svg><\/i> <img class=\"lazyload\" decoding=\"async\" width=\"16\" height=\"16\" alt=\"Loading\" src=\"data:image\/svg+xml,%3Csvg%20xmlns%3D%27http%3A%2F%2Fwww.w3.org%2F2000%2Fsvg%27%20width%3D%2716%27%20height%3D%2716%27%20viewBox%3D%270%200%2016%2016%27%3E%3Crect%20width%3D%2716%27%20height%3D%2716%27%20fill-opacity%3D%220%22%2F%3E%3C%2Fsvg%3E\" data-orig-src=\"https:\/\/portal.segeplan.gob.gt\/segeplan\/wp-content\/plugins\/page-views-count\/ajax-loader-2x.gif\" border=0 \/><\/p>\n<div class=\"pvc_clear\"><\/div>\n","protected":false},"excerpt":{"rendered":"","protected":false},"author":4,"featured_media":14843,"comment_status":"open","ping_status":"open","sticky":false,"template":"","format":"standard","meta":{"_price":"","_stock":"","_tribe_ticket_header":"","_tribe_default_ticket_provider":"","_ticket_start_date":"","_ticket_end_date":"","_tribe_ticket_show_description":"","_tribe_ticket_show_not_going":false,"_tribe_ticket_use_global_stock":"","_tribe_ticket_global_stock_level":"","_global_stock_mode":"","_global_stock_cap":"","_tribe_rsvp_for_event":"","_tribe_ticket_going_count":"","_tribe_ticket_not_going_count":"","_tribe_tickets_list":"[]","_tribe_ticket_has_attendee_info_fields":false,"footnotes":""},"categories":[31],"tags":[],"class_list":["post-14827","post","type-post","status-publish","format-standard","has-post-thumbnail","hentry","category-noticias-presidencia"],"_links":{"self":[{"href":"https:\/\/portal.segeplan.gob.gt\/segeplan\/index.php?rest_route=\/wp\/v2\/posts\/14827","targetHints":{"allow":["GET"]}}],"collection":[{"href":"https:\/\/portal.segeplan.gob.gt\/segeplan\/index.php?rest_route=\/wp\/v2\/posts"}],"about":[{"href":"https:\/\/portal.segeplan.gob.gt\/segeplan\/index.php?rest_route=\/wp\/v2\/types\/post"}],"author":[{"embeddable":true,"href":"https:\/\/portal.segeplan.gob.gt\/segeplan\/index.php?rest_route=\/wp\/v2\/users\/4"}],"replies":[{"embeddable":true,"href":"https:\/\/portal.segeplan.gob.gt\/segeplan\/index.php?rest_route=%2Fwp%2Fv2%2Fcomments&post=14827"}],"version-history":[{"count":3,"href":"https:\/\/portal.segeplan.gob.gt\/segeplan\/index.php?rest_route=\/wp\/v2\/posts\/14827\/revisions"}],"predecessor-version":[{"id":14834,"href":"https:\/\/portal.segeplan.gob.gt\/segeplan\/index.php?rest_route=\/wp\/v2\/posts\/14827\/revisions\/14834"}],"wp:featuredmedia":[{"embeddable":true,"href":"https:\/\/portal.segeplan.gob.gt\/segeplan\/index.php?rest_route=\/wp\/v2\/media\/14843"}],"wp:attachment":[{"href":"https:\/\/portal.segeplan.gob.gt\/segeplan\/index.php?rest_route=%2Fwp%2Fv2%2Fmedia&parent=14827"}],"wp:term":[{"taxonomy":"category","embeddable":true,"href":"https:\/\/portal.segeplan.gob.gt\/segeplan\/index.php?rest_route=%2Fwp%2Fv2%2Fcategories&post=14827"},{"taxonomy":"post_tag","embeddable":true,"href":"https:\/\/portal.segeplan.gob.gt\/segeplan\/index.php?rest_route=%2Fwp%2Fv2%2Ftags&post=14827"}],"curies":[{"name":"wp","href":"https:\/\/api.w.org\/{rel}","templated":true}]}}