{"id":8528,"date":"2023-06-02T10:47:15","date_gmt":"2023-06-02T16:47:15","guid":{"rendered":"https:\/\/portal.segeplan.gob.gt\/segeplan\/?p=8528"},"modified":"2023-06-02T10:48:32","modified_gmt":"2023-06-02T16:48:32","slug":"con-temas-de-movilidad-humana-y-las-relaciones-diplomaticas-de-guatemala-finalizaron-los-talleres-de-planificacion-abierta-2024","status":"publish","type":"post","link":"https:\/\/portal.segeplan.gob.gt\/segeplan\/?p=8528","title":{"rendered":"Con temas de movilidad humana y las relaciones diplom\u00e1ticas de Guatemala finalizaron los Talleres de Planificaci\u00f3n Abierta 2024"},"content":{"rendered":"<div class=\"fusion-fullwidth fullwidth-box fusion-builder-row-1 fusion-flex-container nonhundred-percent-fullwidth non-hundred-percent-height-scrolling\" style=\"background-color: rgba(255,255,255,0);background-position: center center;background-repeat: no-repeat;border-width: 0px 0px 0px 0px;border-color:#e2e2e2;border-style:solid;\" ><div class=\"fusion-builder-row fusion-row fusion-flex-align-items-flex-start\" style=\"max-width:1185.6px;margin-left: calc(-4% \/ 2 );margin-right: calc(-4% \/ 2 );\"><div class=\"fusion-layout-column fusion_builder_column fusion-builder-column-0 fusion_builder_column_1_1 1_1 fusion-flex-column\"><div class=\"fusion-column-wrapper fusion-flex-justify-content-flex-start fusion-content-layout-column\" style=\"background-position:left top;background-repeat:no-repeat;-webkit-background-size:cover;-moz-background-size:cover;-o-background-size:cover;background-size:cover;padding: 0px 0px 0px 0px;\"><div class=\"fusion-text fusion-text-1\" style=\"text-align:justify;\"><p><strong>Guatemala, 29 de mayo de 2023<\/strong>. Con el abordaje de temas transversales respecto de las relaciones que Guatemala tiene con el resto del mundo, movilidad humana, derechos humanos y el fomento de la cultura de paz, finalizaron este lunes los Talleres de Planificaci\u00f3n Abierta en el marco de la Transici\u00f3n de Gobierno 2024.<\/p>\n<p>El Pilar Relaciones con el Mundo plantea el rol que juega Guatemala en el mundo, y que es en primera instancia asegurar la protecci\u00f3n y el desarrollo de todas las comunidades migrantes en el exterior, que son m\u00e1s de 3 millones de guatemaltecos.<\/p>\n<p>En el conversatorio de la quinta reuni\u00f3n participaron Luz Keila Vilchez, titular de la Secretar\u00eda de Planificaci\u00f3n y Programaci\u00f3n de la Presidencia (SEGEPLAN); Mario B\u00facaro, ministro de Relaciones Exteriores (Minex); Ramiro Contreras, director ejecutivo de la Comisi\u00f3n Presidencial por la Paz y los Derechos Humanos (Copadeh); Ra\u00fal Estuardo Berr\u00edos, secretario ejecutivo del Consejo Nacional de Atenci\u00f3n al Migrante de Guatemala (Conamigua) y Alejandro Mart\u00ednez, Representante de la Organizaci\u00f3n Internacional de Migraciones (OIM).<\/p>\n<p><strong>Apoyo a migrantes<\/strong><\/p>\n<p>El canciller Mario B\u00facaro inform\u00f3 de las acciones que se han implementado a favor de la poblaci\u00f3n guatemalteca en el exterior, como la creaci\u00f3n de 28 consulados en Estados Unidos, Canad\u00e1 y M\u00e9xico, y la emisi\u00f3n de 446 mil pasaportes.<\/p>\n<p>El a\u00f1o pasado dieron m\u00e1s de un mill\u00f3n de servicios y se pusieron a disposici\u00f3n m\u00e1s de 129 consulados m\u00f3viles, han equipado los consulados y expandido las oficinas para prestar distintos servicios, e impulsado programas como el de las visas electr\u00f3nicas y otros procesos, que buscan facilitar los tr\u00e1mites.<\/p>\n<p>Tambi\u00e9n resalt\u00f3 la interacci\u00f3n con el Ministerio de Educaci\u00f3n (Mineduc) para fortalecer las acreditaciones con el programa de certificaci\u00f3n de competencias, as\u00ed como el apoyo para el retorno digno de personas que intentan cruzar las fronteras desde Guatemala.<\/p>\n<p>Asimismo, resalt\u00f3 la visi\u00f3n del pa\u00eds que conduce a mayores inversiones, se\u00f1alando que, con el apoyo de la Red de Consejeros Comerciales, en estos tres \u00faltimos a\u00f1os ingresaron alrededor de 6 mil millones de d\u00f3lares de Inversi\u00f3n Extranjera Directa al pa\u00eds. Adem\u00e1s, han contribuido a la promoci\u00f3n de la imagen tur\u00edstica y cultural.<\/p>\n<p>La gesti\u00f3n de la cooperaci\u00f3n es trascendental y por ello la Canciller\u00eda trabaja incansablemente con SEGEPLAN para seguir alcanzando los objetivos. Tambi\u00e9n se ha puesto en alto la defensa del pa\u00eds, sus derechos y valores.<\/p>\n<p><strong>Otras acciones<\/strong><\/p>\n<p><strong>Jos\u00e9 Alejos, subdirector del Instituto Guatemalteco de Migraci\u00f3n <\/strong>manifest\u00f3 que a su cargo tienen el control de quienes ingresan o salen del pa\u00eds y que actualmente aplican controles migratorios m\u00e1s estrictos sobre las personas que ingresan a Guatemala, pero que hay un balance entre seguridad y trato humano. La emisi\u00f3n de pasaportes se trabaja en conjunto con el RENAP. Hay m\u00e1s facilidades para la obtenci\u00f3n del documento, y se han abierto m\u00e1s sedes a nivel departamental<\/p>\n<p><strong>Ramiro Alejandro Contreras, de la COPADEH <\/strong>inform\u00f3 que esta instituci\u00f3n fue creada como \u00f3rgano asesor para atender la conflictividad y promover la paz y que ha sido fortalecido el trabajo interinstitucional. Entre sus resultados est\u00e1 dar cuenta del cumplimiento de compromisos nacionales e internacionales en materia de derechos humanos. En m\u00e1s de 80 eventos relacionados con desalojos, bloqueos, manifestaciones, caravanas de migrantes y otros, han realizado labores de observancia y vigilancia en cuanto el respeto de los derechos humanos. Entre los desaf\u00edos est\u00e1 la continuidad y permanencia de la instituci\u00f3n.<\/p>\n<p><strong>Ra\u00fal Eduardo Berrios de CONAMIGUA<\/strong>, inform\u00f3 de la labor que realizan en apoyo a los migrantes. A quienes ingresan al territorio nacional los atienden con alimentaci\u00f3n, transporte y otros servicios. Recalc\u00f3 que Guatemala ya no solo es paso de personas de varios pa\u00edses que transitan hacia Estados Unidos, sino que tambi\u00e9n es destino de migrantes.<\/p>\n<p><strong>Alejandro Mart\u00ednez de la <\/strong>OIM Guatemala, indic\u00f3 que se trabaja en conjunto con <strong>el <\/strong>Minex y las dem\u00e1s instituciones, haciendo un trabajo en conjunto, para atender tanto a las personas retornadas como a los migrantes en tr\u00e1nsito. Inform\u00f3 que se construir\u00e1 un centro de atenci\u00f3n en la frontera de Tec\u00fan Um\u00e1n, San Marcos.<\/p>\n<p>Las jornadas de conversatorios, que se llev\u00f3 a cabo del 24 al 29 de mayo, fue liderada por la Secretar\u00eda de Planificaci\u00f3n y Programaci\u00f3n de la Presidencia (SEGEPLAN) y el Ministerio de Finanzas P\u00fablicas (Minfin), con el acompa\u00f1amiento de la Comisi\u00f3n Econ\u00f3mica para Am\u00e9rica Latina y el Caribe (CEPAL).<\/p>\n<p>El objetivo de los Talleres de Planificaci\u00f3n es fortalecer el Sistema Nacional de Planificaci\u00f3n (SND), as\u00ed como prepararse para las jornadas de Presupuesto Abierto que lidera el Ministerio de Finanzas (Minfin) y que tiene por objetivo vincular la planificaci\u00f3n con el Presupuesto de Ingresos y Egresos del Estado.<\/p>\n<\/div><\/div><style type=\"text\/css\">.fusion-body .fusion-builder-column-0{width:100% !important;margin-top : 0px;margin-bottom : 20px;}.fusion-builder-column-0 > .fusion-column-wrapper {padding-top : 0px !important;padding-right : 0px !important;margin-right : 1.92%;padding-bottom : 0px !important;padding-left : 0px !important;margin-left : 1.92%;}@media only screen and (max-width:1024px) {.fusion-body .fusion-builder-column-0{width:100% !important;order : 0;}.fusion-builder-column-0 > .fusion-column-wrapper {margin-right : 1.92%;margin-left : 1.92%;}}@media only screen and (max-width:640px) {.fusion-body .fusion-builder-column-0{width:100% !important;order : 0;}.fusion-builder-column-0 > .fusion-column-wrapper {margin-right : 1.92%;margin-left : 1.92%;}}<\/style><\/div><\/div><style type=\"text\/css\">.fusion-body .fusion-flex-container.fusion-builder-row-1{ padding-top : 0px;margin-top : 0px;padding-right : 0px;padding-bottom : 0px;margin-bottom : 0px;padding-left : 0px;}<\/style><\/div>\n<div class=\"pvc_clear\"><\/div>\n<p id=\"pvc_stats_8528\" class=\"pvc_stats all  \" data-element-id=\"8528\" style=\"\"><i class=\"pvc-stats-icon small\" aria-hidden=\"true\"><svg xmlns=\"http:\/\/www.w3.org\/2000\/svg\" version=\"1.0\" viewBox=\"0 0 502 315\" preserveAspectRatio=\"xMidYMid meet\"><g transform=\"translate(0,332) scale(0.1,-0.1)\" fill=\"\" stroke=\"none\"><path d=\"M2394 3279 l-29 -30 -3 -207 c-2 -182 0 -211 15 -242 39 -76 157 -76 196 0 15 31 17 60 15 243 l-3 209 -33 29 c-26 23 -41 29 -80 29 -41 0 -53 -5 -78 -31z\"\/><path d=\"M3085 3251 c-45 -19 -58 -50 -96 -229 -47 -217 -49 -260 -13 -295 52 -53 146 -42 177 20 16 31 87 366 87 410 0 70 -86 122 -155 94z\"\/><path d=\"M1751 3234 c-13 -9 -29 -31 -37 -50 -12 -29 -10 -49 21 -204 19 -94 39 -189 45 -210 14 -50 54 -80 110 -80 34 0 48 6 76 34 21 21 34 44 34 59 0 14 -18 113 -40 219 -37 178 -43 195 -70 221 -36 32 -101 37 -139 11z\"\/><path d=\"M1163 3073 c-36 -7 -73 -59 -73 -102 0 -56 133 -378 171 -413 34 -32 83 -37 129 -13 70 36 67 87 -16 290 -86 209 -89 214 -129 231 -35 14 -42 15 -82 7z\"\/><path d=\"M3689 3066 c-15 -9 -33 -30 -42 -48 -48 -103 -147 -355 -147 -375 0 -98 131 -148 192 -74 13 15 57 108 97 206 80 196 84 226 37 273 -30 30 -99 39 -137 18z\"\/><path d=\"M583 2784 c-38 -19 -67 -74 -58 -113 9 -42 211 -354 242 -373 16 -10 45 -18 66 -18 51 0 107 52 107 100 0 39 -1 41 -124 234 -80 126 -108 162 -133 173 -41 17 -61 16 -100 -3z\"\/><path d=\"M4250 2784 c-14 -9 -74 -91 -133 -183 -95 -150 -107 -173 -107 -213 0 -55 33 -94 87 -104 67 -13 90 8 211 198 130 202 137 225 78 284 -27 27 -42 34 -72 34 -22 0 -50 -8 -64 -16z\"\/><path d=\"M2275 2693 c-553 -48 -1095 -270 -1585 -649 -135 -104 -459 -423 -483 -476 -23 -49 -22 -139 2 -186 73 -142 361 -457 571 -626 285 -228 642 -407 990 -497 242 -63 336 -73 660 -74 310 0 370 5 595 52 535 111 1045 392 1455 803 122 121 250 273 275 326 19 41 19 137 0 174 -41 79 -309 363 -465 492 -447 370 -946 591 -1479 653 -113 14 -422 18 -536 8z m395 -428 c171 -34 330 -124 456 -258 112 -119 167 -219 211 -378 27 -96 24 -300 -5 -401 -72 -255 -236 -447 -474 -557 -132 -62 -201 -76 -368 -76 -167 0 -236 14 -368 76 -213 98 -373 271 -451 485 -162 444 86 934 547 1084 153 49 292 57 452 25z m909 -232 c222 -123 408 -262 593 -441 76 -74 138 -139 138 -144 0 -16 -233 -242 -330 -319 -155 -123 -309 -223 -461 -299 l-81 -41 32 46 c18 26 49 83 70 128 143 306 141 649 -6 957 -25 52 -61 116 -79 142 l-34 47 45 -20 c26 -10 76 -36 113 -56z m-2057 25 c-40 -58 -105 -190 -130 -263 -110 -324 -59 -707 132 -981 25 -35 42 -64 37 -64 -19 0 -241 119 -326 174 -188 122 -406 314 -532 468 l-58 71 108 103 c185 178 428 349 672 473 66 33 121 60 123 61 2 0 -10 -19 -26 -42z\"\/><path d=\"M2375 1950 c-198 -44 -350 -190 -395 -379 -18 -76 -8 -221 19 -290 114 -284 457 -406 731 -260 98 52 188 154 231 260 27 69 37 214 19 290 -38 163 -166 304 -326 360 -67 23 -215 33 -279 19z\"\/><\/g><\/svg><\/i> <img class=\"lazyload\" decoding=\"async\" width=\"16\" height=\"16\" alt=\"Loading\" src=\"data:image\/svg+xml,%3Csvg%20xmlns%3D%27http%3A%2F%2Fwww.w3.org%2F2000%2Fsvg%27%20width%3D%2716%27%20height%3D%2716%27%20viewBox%3D%270%200%2016%2016%27%3E%3Crect%20width%3D%2716%27%20height%3D%2716%27%20fill-opacity%3D%220%22%2F%3E%3C%2Fsvg%3E\" data-orig-src=\"https:\/\/portal.segeplan.gob.gt\/segeplan\/wp-content\/plugins\/page-views-count\/ajax-loader-2x.gif\" border=0 \/><\/p>\n<div class=\"pvc_clear\"><\/div>\n","protected":false},"excerpt":{"rendered":"","protected":false},"author":1,"featured_media":8529,"comment_status":"open","ping_status":"open","sticky":false,"template":"","format":"standard","meta":{"_price":"","_stock":"","_tribe_ticket_header":"","_tribe_default_ticket_provider":"","_ticket_start_date":"","_ticket_end_date":"","_tribe_ticket_show_description":"","_tribe_ticket_show_not_going":false,"_tribe_ticket_use_global_stock":"","_tribe_ticket_global_stock_level":"","_global_stock_mode":"","_global_stock_cap":"","_tribe_rsvp_for_event":"","_tribe_ticket_going_count":"","_tribe_ticket_not_going_count":"","_tribe_tickets_list":"[]","_tribe_ticket_has_attendee_info_fields":false,"footnotes":""},"categories":[31],"tags":[],"class_list":["post-8528","post","type-post","status-publish","format-standard","has-post-thumbnail","hentry","category-noticias-presidencia"],"_links":{"self":[{"href":"https:\/\/portal.segeplan.gob.gt\/segeplan\/index.php?rest_route=\/wp\/v2\/posts\/8528","targetHints":{"allow":["GET"]}}],"collection":[{"href":"https:\/\/portal.segeplan.gob.gt\/segeplan\/index.php?rest_route=\/wp\/v2\/posts"}],"about":[{"href":"https:\/\/portal.segeplan.gob.gt\/segeplan\/index.php?rest_route=\/wp\/v2\/types\/post"}],"author":[{"embeddable":true,"href":"https:\/\/portal.segeplan.gob.gt\/segeplan\/index.php?rest_route=\/wp\/v2\/users\/1"}],"replies":[{"embeddable":true,"href":"https:\/\/portal.segeplan.gob.gt\/segeplan\/index.php?rest_route=%2Fwp%2Fv2%2Fcomments&post=8528"}],"version-history":[{"count":1,"href":"https:\/\/portal.segeplan.gob.gt\/segeplan\/index.php?rest_route=\/wp\/v2\/posts\/8528\/revisions"}],"predecessor-version":[{"id":8530,"href":"https:\/\/portal.segeplan.gob.gt\/segeplan\/index.php?rest_route=\/wp\/v2\/posts\/8528\/revisions\/8530"}],"wp:featuredmedia":[{"embeddable":true,"href":"https:\/\/portal.segeplan.gob.gt\/segeplan\/index.php?rest_route=\/wp\/v2\/media\/8529"}],"wp:attachment":[{"href":"https:\/\/portal.segeplan.gob.gt\/segeplan\/index.php?rest_route=%2Fwp%2Fv2%2Fmedia&parent=8528"}],"wp:term":[{"taxonomy":"category","embeddable":true,"href":"https:\/\/portal.segeplan.gob.gt\/segeplan\/index.php?rest_route=%2Fwp%2Fv2%2Fcategories&post=8528"},{"taxonomy":"post_tag","embeddable":true,"href":"https:\/\/portal.segeplan.gob.gt\/segeplan\/index.php?rest_route=%2Fwp%2Fv2%2Ftags&post=8528"}],"curies":[{"name":"wp","href":"https:\/\/api.w.org\/{rel}","templated":true}]}}