{"id":8531,"date":"2023-06-02T10:57:06","date_gmt":"2023-06-02T16:57:06","guid":{"rendered":"https:\/\/portal.segeplan.gob.gt\/segeplan\/?p=8531"},"modified":"2023-06-02T10:58:44","modified_gmt":"2023-06-02T16:58:44","slug":"construccion-de-una-guatemala-prospera-compromiso-de-trece-nuevos-profesionales-de-la-planificacion","status":"publish","type":"post","link":"https:\/\/portal.segeplan.gob.gt\/segeplan\/?p=8531","title":{"rendered":"Construcci\u00f3n de una Guatemala pr\u00f3spera, compromiso de trece nuevos profesionales de la planificaci\u00f3n"},"content":{"rendered":"<div class=\"fusion-fullwidth fullwidth-box fusion-builder-row-1 fusion-flex-container nonhundred-percent-fullwidth non-hundred-percent-height-scrolling\" style=\"background-color: rgba(255,255,255,0);background-position: center center;background-repeat: no-repeat;border-width: 0px 0px 0px 0px;border-color:#e2e2e2;border-style:solid;\" ><div class=\"fusion-builder-row fusion-row fusion-flex-align-items-flex-start\" style=\"max-width:1185.6px;margin-left: calc(-4% \/ 2 );margin-right: calc(-4% \/ 2 );\"><div class=\"fusion-layout-column fusion_builder_column fusion-builder-column-0 fusion_builder_column_1_1 1_1 fusion-flex-column\"><div class=\"fusion-column-wrapper fusion-flex-justify-content-flex-start fusion-content-layout-column\" style=\"background-position:left top;background-repeat:no-repeat;-webkit-background-size:cover;-moz-background-size:cover;-o-background-size:cover;background-size:cover;padding: 0px 0px 0px 0px;\"><div class=\"fusion-text fusion-text-1\" style=\"text-align:justify;\"><p><strong>Guatemala, 29 de mayo de 2023<\/strong>. <em>\u201c<\/em><em>Me siento ag<\/em><em>radecida con la vida por otra meta cumplida\u201d,<\/em> con esas palabras, Mar\u00eda Josefina Ajchomajay de Mazariegos, expres\u00f3 su emoci\u00f3n luego de haber recibido el t\u00edtulo en sus redes sociales, Magister en Gesti\u00f3n de la Planificaci\u00f3n para el Desarrollo.<\/p>\n<p>Mar\u00eda Josefina, quien es originaria de Santiago Atitl\u00e1n, Solol\u00e1, junto a otros 12 profesionales participaron del acto de graduaci\u00f3n que los acredita como nuevos profesionales de la planificaci\u00f3n. El solemne acto se llev\u00f3 a cabo en la Facultad de Ingenier\u00eda de la USAC, una iniciativa que ha sido impulsada por la casa de estuduos y \u00a0la Secretar\u00eda de Planificaci\u00f3n y Programaci\u00f3n de la Presidencia (SEGEPLAN).<\/p>\n<p>\u201cEste triunfo nos convierte en sujetos activos para liderar los procesos de desarrollo en beneficio de la construcci\u00f3n de una Guatemala pr\u00f3spera\u201d, refiri\u00f3, un sentimiento que fue compartido por otros compa\u00f1eros.<\/p>\n<p>Los nuevos profesionales, que fueron acompa\u00f1ados por familiares y amigos, se suman a otros 25 graduados de la misma maestr\u00eda, la cual se lleva a cabo desde 2020.<\/p>\n<p>Recogiendo el sentir de todos sus compa\u00f1eros maestrandos, Romelia Magdalena Cal Cahuec, se\u00f1al\u00f3 que el fortalecimiento de las competencias de los planificadores es de inter\u00e9s nacional, para orientar la acci\u00f3n gubernamental de manera estrat\u00e9gica, con el fin de impactar en beneficio de la poblaci\u00f3n guatemalteca.<\/p>\n<p>Cal Cahuec, quien labora en la Delegaci\u00f3n de SEGEPLAN en Alta Verapaz, recibi\u00f3 un diploma de reconocimiento de parte de la Facultad de Ingenier\u00eda de la USAC, por haber alcanzado la distinci\u00f3n acad\u00e9mica \u201cMagna Cum Laude\u201d en la Maestr\u00eda.<\/p>\n<p>Los nuevos maestrandos fueron felicitados por la secretaria general de Planificaci\u00f3n, Luz Keila Gramajo Vilchez, impulsora de la iniciativa de profesionalizar a los planificadores, como una forma de fortalecer las capacidades del Sistema Nacional de Planificaci\u00f3n.<\/p>\n<p>\u201cNos llena de mucha satisfacci\u00f3n haber contribuido con proporcionar 90 becas completas (30 por cada una de las tres cohortes de la Maestr\u00eda), porque hoy contamos con especialistas en planificaci\u00f3n, que ser\u00e1n agentes de cambio y contribuir\u00e1n al desarrollo del pa\u00eds, desde sus lugares de trabajo\u201d, se\u00f1al\u00f3.<\/p>\n<p>\u201cMe siento orgullosa y deseo un futuro brillante para sus carreras profesionales\u201d, resalt\u00f3 la titular de SEGEPLAN, quien reconoci\u00f3 que el \u201carduo trabajo y dedicaci\u00f3n les has llevado a este logro excepcional\u201d.<\/p>\n<p>A la vez los anim\u00f3 a seguir impulsando la planificaci\u00f3n para el desarrollo de Guatemala. Tambi\u00e9n indic\u00f3 que su labor es fundamental para formular y transmitir las directrices que cumplir\u00e1n la visi\u00f3n estrat\u00e9gica de desarrollo de Guatemala.<\/p>\n<p>Los nuevos profesionales han desarrollado competencias para abordar los principales retos y brechas estructurales que el pa\u00eds tiene, para poder crecer y continuar en la senda del desarrollo humano sostenible.\u00a0 Laboran en SEGEPLAN, la Comisi\u00f3n Presidencial Contra la Discriminaci\u00f3n y el Racismo Contra los Pueblos Ind\u00edgenas en Guatemala (Codisra), Municipalidad de Villa Canales y la Superintendencia de Telecomunicaciones (SIT).<\/p>\n<p><strong>Agradecidos <\/strong><\/p>\n<p><strong>Wendony Hern\u00e1ndez Vargas <\/strong><\/p>\n<p>Gracias a SEGEPLAN por permitirnos continuar desarrollando nuestras capacidades y ponerlas al servicio a la poblaci\u00f3n.<\/p>\n<p><strong>Gilberto Lima\u00a0 <\/strong><\/p>\n<p>Adquir\u00ed conocimientos en planificaci\u00f3n y espero tener un mejor desarrollo en las actividades planificadas en la SIT y para el pa\u00eds, al que nos debemos.<\/p>\n<p><strong>Romelia Magdalena Cal (SEGEPLAN)<\/strong><\/p>\n<p>Es un honor haber obtenido este \u00e9xito acad\u00e9mico y ahora es una responsabilidad para devolver lo aprendido, a la poblaci\u00f3n guatemalteca.<\/p>\n<p><strong>Giovani Vel\u00e1squez L\u00f3pez (SEGEPLAN) <\/strong><\/p>\n<p>Agradezco a la SEGEPLAN por el apoyo brindado con la beca para formar excelentes profesionales para el desarrollo de Guatemala.<\/p>\n<p><strong>Jos\u00e9 Armando Ismalej\u00a0 <\/strong><\/p>\n<p>Expreso mi reconocimiento a SEGEPLAN por este apoyo para fortalecer la planificaci\u00f3n para el desarrollo de Guatemala.<\/p>\n<p><strong>Mar\u00eda Josefina de Mazariegos\u00a0\u00a0 <\/strong><\/p>\n<p>Esta beca otorgada por SEGEPLAN me permite fortalecer los conocimientos en la gesti\u00f3n de la planificaci\u00f3n para el desarrollo del pa\u00eds.<\/p>\n<p><strong>Jairon Garc\u00eda<\/strong><\/p>\n<p>Agradezco a SEGEPLAN por este logro, ya que hoy estamos culminando la Maestr\u00eda Gesti\u00f3n de la Planificaci\u00f3n para el Desarrollo.<\/p>\n<\/div><\/div><style type=\"text\/css\">.fusion-body .fusion-builder-column-0{width:100% !important;margin-top : 0px;margin-bottom : 20px;}.fusion-builder-column-0 > .fusion-column-wrapper {padding-top : 0px !important;padding-right : 0px !important;margin-right : 1.92%;padding-bottom : 0px !important;padding-left : 0px !important;margin-left : 1.92%;}@media only screen and (max-width:1024px) {.fusion-body .fusion-builder-column-0{width:100% !important;order : 0;}.fusion-builder-column-0 > .fusion-column-wrapper {margin-right : 1.92%;margin-left : 1.92%;}}@media only screen and (max-width:640px) {.fusion-body .fusion-builder-column-0{width:100% !important;order : 0;}.fusion-builder-column-0 > .fusion-column-wrapper {margin-right : 1.92%;margin-left : 1.92%;}}<\/style><\/div><\/div><style type=\"text\/css\">.fusion-body .fusion-flex-container.fusion-builder-row-1{ padding-top : 0px;margin-top : 0px;padding-right : 0px;padding-bottom : 0px;margin-bottom : 0px;padding-left : 0px;}<\/style><\/div>\n<div class=\"pvc_clear\"><\/div>\n<p id=\"pvc_stats_8531\" class=\"pvc_stats all  \" data-element-id=\"8531\" style=\"\"><i class=\"pvc-stats-icon small\" aria-hidden=\"true\"><svg xmlns=\"http:\/\/www.w3.org\/2000\/svg\" version=\"1.0\" viewBox=\"0 0 502 315\" preserveAspectRatio=\"xMidYMid meet\"><g transform=\"translate(0,332) scale(0.1,-0.1)\" fill=\"\" stroke=\"none\"><path d=\"M2394 3279 l-29 -30 -3 -207 c-2 -182 0 -211 15 -242 39 -76 157 -76 196 0 15 31 17 60 15 243 l-3 209 -33 29 c-26 23 -41 29 -80 29 -41 0 -53 -5 -78 -31z\"\/><path d=\"M3085 3251 c-45 -19 -58 -50 -96 -229 -47 -217 -49 -260 -13 -295 52 -53 146 -42 177 20 16 31 87 366 87 410 0 70 -86 122 -155 94z\"\/><path d=\"M1751 3234 c-13 -9 -29 -31 -37 -50 -12 -29 -10 -49 21 -204 19 -94 39 -189 45 -210 14 -50 54 -80 110 -80 34 0 48 6 76 34 21 21 34 44 34 59 0 14 -18 113 -40 219 -37 178 -43 195 -70 221 -36 32 -101 37 -139 11z\"\/><path d=\"M1163 3073 c-36 -7 -73 -59 -73 -102 0 -56 133 -378 171 -413 34 -32 83 -37 129 -13 70 36 67 87 -16 290 -86 209 -89 214 -129 231 -35 14 -42 15 -82 7z\"\/><path d=\"M3689 3066 c-15 -9 -33 -30 -42 -48 -48 -103 -147 -355 -147 -375 0 -98 131 -148 192 -74 13 15 57 108 97 206 80 196 84 226 37 273 -30 30 -99 39 -137 18z\"\/><path d=\"M583 2784 c-38 -19 -67 -74 -58 -113 9 -42 211 -354 242 -373 16 -10 45 -18 66 -18 51 0 107 52 107 100 0 39 -1 41 -124 234 -80 126 -108 162 -133 173 -41 17 -61 16 -100 -3z\"\/><path d=\"M4250 2784 c-14 -9 -74 -91 -133 -183 -95 -150 -107 -173 -107 -213 0 -55 33 -94 87 -104 67 -13 90 8 211 198 130 202 137 225 78 284 -27 27 -42 34 -72 34 -22 0 -50 -8 -64 -16z\"\/><path d=\"M2275 2693 c-553 -48 -1095 -270 -1585 -649 -135 -104 -459 -423 -483 -476 -23 -49 -22 -139 2 -186 73 -142 361 -457 571 -626 285 -228 642 -407 990 -497 242 -63 336 -73 660 -74 310 0 370 5 595 52 535 111 1045 392 1455 803 122 121 250 273 275 326 19 41 19 137 0 174 -41 79 -309 363 -465 492 -447 370 -946 591 -1479 653 -113 14 -422 18 -536 8z m395 -428 c171 -34 330 -124 456 -258 112 -119 167 -219 211 -378 27 -96 24 -300 -5 -401 -72 -255 -236 -447 -474 -557 -132 -62 -201 -76 -368 -76 -167 0 -236 14 -368 76 -213 98 -373 271 -451 485 -162 444 86 934 547 1084 153 49 292 57 452 25z m909 -232 c222 -123 408 -262 593 -441 76 -74 138 -139 138 -144 0 -16 -233 -242 -330 -319 -155 -123 -309 -223 -461 -299 l-81 -41 32 46 c18 26 49 83 70 128 143 306 141 649 -6 957 -25 52 -61 116 -79 142 l-34 47 45 -20 c26 -10 76 -36 113 -56z m-2057 25 c-40 -58 -105 -190 -130 -263 -110 -324 -59 -707 132 -981 25 -35 42 -64 37 -64 -19 0 -241 119 -326 174 -188 122 -406 314 -532 468 l-58 71 108 103 c185 178 428 349 672 473 66 33 121 60 123 61 2 0 -10 -19 -26 -42z\"\/><path d=\"M2375 1950 c-198 -44 -350 -190 -395 -379 -18 -76 -8 -221 19 -290 114 -284 457 -406 731 -260 98 52 188 154 231 260 27 69 37 214 19 290 -38 163 -166 304 -326 360 -67 23 -215 33 -279 19z\"\/><\/g><\/svg><\/i> <img class=\"lazyload\" decoding=\"async\" width=\"16\" height=\"16\" alt=\"Loading\" src=\"data:image\/svg+xml,%3Csvg%20xmlns%3D%27http%3A%2F%2Fwww.w3.org%2F2000%2Fsvg%27%20width%3D%2716%27%20height%3D%2716%27%20viewBox%3D%270%200%2016%2016%27%3E%3Crect%20width%3D%2716%27%20height%3D%2716%27%20fill-opacity%3D%220%22%2F%3E%3C%2Fsvg%3E\" data-orig-src=\"https:\/\/portal.segeplan.gob.gt\/segeplan\/wp-content\/plugins\/page-views-count\/ajax-loader-2x.gif\" border=0 \/><\/p>\n<div class=\"pvc_clear\"><\/div>\n","protected":false},"excerpt":{"rendered":"","protected":false},"author":1,"featured_media":8532,"comment_status":"open","ping_status":"open","sticky":false,"template":"","format":"standard","meta":{"_price":"","_stock":"","_tribe_ticket_header":"","_tribe_default_ticket_provider":"","_ticket_start_date":"","_ticket_end_date":"","_tribe_ticket_show_description":"","_tribe_ticket_show_not_going":false,"_tribe_ticket_use_global_stock":"","_tribe_ticket_global_stock_level":"","_global_stock_mode":"","_global_stock_cap":"","_tribe_rsvp_for_event":"","_tribe_ticket_going_count":"","_tribe_ticket_not_going_count":"","_tribe_tickets_list":"[]","_tribe_ticket_has_attendee_info_fields":false,"footnotes":""},"categories":[31],"tags":[],"class_list":["post-8531","post","type-post","status-publish","format-standard","has-post-thumbnail","hentry","category-noticias-presidencia"],"_links":{"self":[{"href":"https:\/\/portal.segeplan.gob.gt\/segeplan\/index.php?rest_route=\/wp\/v2\/posts\/8531","targetHints":{"allow":["GET"]}}],"collection":[{"href":"https:\/\/portal.segeplan.gob.gt\/segeplan\/index.php?rest_route=\/wp\/v2\/posts"}],"about":[{"href":"https:\/\/portal.segeplan.gob.gt\/segeplan\/index.php?rest_route=\/wp\/v2\/types\/post"}],"author":[{"embeddable":true,"href":"https:\/\/portal.segeplan.gob.gt\/segeplan\/index.php?rest_route=\/wp\/v2\/users\/1"}],"replies":[{"embeddable":true,"href":"https:\/\/portal.segeplan.gob.gt\/segeplan\/index.php?rest_route=%2Fwp%2Fv2%2Fcomments&post=8531"}],"version-history":[{"count":1,"href":"https:\/\/portal.segeplan.gob.gt\/segeplan\/index.php?rest_route=\/wp\/v2\/posts\/8531\/revisions"}],"predecessor-version":[{"id":8533,"href":"https:\/\/portal.segeplan.gob.gt\/segeplan\/index.php?rest_route=\/wp\/v2\/posts\/8531\/revisions\/8533"}],"wp:featuredmedia":[{"embeddable":true,"href":"https:\/\/portal.segeplan.gob.gt\/segeplan\/index.php?rest_route=\/wp\/v2\/media\/8532"}],"wp:attachment":[{"href":"https:\/\/portal.segeplan.gob.gt\/segeplan\/index.php?rest_route=%2Fwp%2Fv2%2Fmedia&parent=8531"}],"wp:term":[{"taxonomy":"category","embeddable":true,"href":"https:\/\/portal.segeplan.gob.gt\/segeplan\/index.php?rest_route=%2Fwp%2Fv2%2Fcategories&post=8531"},{"taxonomy":"post_tag","embeddable":true,"href":"https:\/\/portal.segeplan.gob.gt\/segeplan\/index.php?rest_route=%2Fwp%2Fv2%2Ftags&post=8531"}],"curies":[{"name":"wp","href":"https:\/\/api.w.org\/{rel}","templated":true}]}}